{"id":219365,"date":"2016-02-15T14:02:38","date_gmt":"2016-02-15T14:02:38","guid":{"rendered":"http:\/\/diariodominicano.ddns.net\/?p=219365"},"modified":"2016-02-15T14:02:38","modified_gmt":"2016-02-15T14:02:38","slug":"diputada-miriam-cabral-propone-modificar-ley-de-transito","status":"publish","type":"post","link":"https:\/\/diariodominicano.com\/?p=219365","title":{"rendered":"Diputada Miriam Cabral propone modificar Ley de Tr\u00e1nsito"},"content":{"rendered":"<p><body><\/p>\n<p><img decoding=\"async\" src=\"img3\/miriamcabral.jpg\" \/>  <\/p>\n<p><span class=\"text1noticias\">Santo Domingo, RD, 15 de Febrero.-La diputada Miriam Cabral afirma que ha colapsado el tr\u00e1nsito de veh\u00edculos en el Distrito Nacional y adelanta que se propone introducir un proyecto que modifica y mejore la Ley 241, que regula el sistema de transporte en el pa\u00eds.<\/span><\/p>\n<\/p>\n<p><span class=\"text1noticias\">La diputada oficialista entiende que la poblaci\u00f3n est\u00e1 irritada por los constantes y largos tapones que se registran en las principales v\u00edas del pol\u00edgono central de la capital.<\/span><\/p>\n<\/p>\n<p><span class=\"text1noticias\">Estima que la Ley de Tr\u00e1nsito debe ser modificada porque es obsoleta y ya no responde a la situaci\u00f3n actual del transporte de pasajeros. \u00abEs una ley obsoleta que debe ser modificada lo m\u00e1s pronto posible\u00bb, expres\u00f3 la legisladora.<\/span><\/p>\n<\/p>\n<p><span class=\"text1noticias\">Agrega que la modificaci\u00f3n debe acabar con el tr\u00e1fico de influencia para los violadores de la Ley de Tr\u00e1nsito.<\/span><\/p>\n<h6> 2016-02-15 14:02:38 <\/h6>\n<p><!--\n<link rel=\"stylesheet\" href=\"css\/bootstrap.min.css\">\n\n\n<ul class=\"pagination\">\n\t    \n\t\n\n<li >\n\t<a href='?page_no=13694'>Previous<\/a>\n\t<\/li>\n\n\n       \n    \n\n<li><a href='?page_no=1'>1<\/a><\/li>\n\n\n\n<li><a href='?page_no=2'>2<\/a><\/li>\n\n\n\n<li><a>...<\/a><\/li>\n\n\n\n<li><a href='?page_no=13693'>13693<\/a><\/li>\n\n\n\n<li><a href='?page_no=13694'>13694<\/a><\/li>\n\n\n\n<li class='active'><a>13695<\/a><\/li>\n\n\n\n<li><a href='?page_no=13696'>13696<\/a><\/li>\n\n\n\n<li><a href='?page_no=13697'>13697<\/a><\/li>\n\n\n\n<li><a>...<\/a><\/li>\n\n\n\n<li><a href='?page_no=56169'>56169<\/a><\/li>\n\n\n\n<li><a href='?page_no=56170'>56170<\/a><\/li>\n\n    \n\t\n\n<li >\n\t<a href='?page_no=13696'>Next<\/a>\n\t<\/li>\n\n\n    \n\n<li><a href='?page_no=56170'>Last &rsaquo;&rsaquo;<\/a><\/li>\n\n<\/ul>\n\n\n--><br \/>\n<\/body><\/p>\n","protected":false},"excerpt":{"rendered":"<p>Santo Domingo, RD, 15 de Febrero.-La diputada Miriam Cabral afirma que ha colapsado el tr\u00e1nsito de veh\u00edculos en el Distrito Nacional y adelanta que se propone introducir un proyecto que modifica y mejore la Ley 241, que regula el sistema de transporte en el pa\u00eds. La diputada oficialista entiende que la poblaci\u00f3n est\u00e1 irritada por [&hellip;]<\/p>\n","protected":false},"author":3,"featured_media":0,"comment_status":"open","ping_status":"open","sticky":false,"template":"","format":"standard","meta":{"footnotes":""},"categories":[20],"tags":[],"class_list":["post-219365","post","type-post","status-publish","format-standard","hentry","category-dominicana-hoy"],"_links":{"self":[{"href":"https:\/\/diariodominicano.com\/index.php?rest_route=\/wp\/v2\/posts\/219365","targetHints":{"allow":["GET"]}}],"collection":[{"href":"https:\/\/diariodominicano.com\/index.php?rest_route=\/wp\/v2\/posts"}],"about":[{"href":"https:\/\/diariodominicano.com\/index.php?rest_route=\/wp\/v2\/types\/post"}],"author":[{"embeddable":true,"href":"https:\/\/diariodominicano.com\/index.php?rest_route=\/wp\/v2\/users\/3"}],"replies":[{"embeddable":true,"href":"https:\/\/diariodominicano.com\/index.php?rest_route=%2Fwp%2Fv2%2Fcomments&post=219365"}],"version-history":[{"count":0,"href":"https:\/\/diariodominicano.com\/index.php?rest_route=\/wp\/v2\/posts\/219365\/revisions"}],"wp:attachment":[{"href":"https:\/\/diariodominicano.com\/index.php?rest_route=%2Fwp%2Fv2%2Fmedia&parent=219365"}],"wp:term":[{"taxonomy":"category","embeddable":true,"href":"https:\/\/diariodominicano.com\/index.php?rest_route=%2Fwp%2Fv2%2Fcategories&post=219365"},{"taxonomy":"post_tag","embeddable":true,"href":"https:\/\/diariodominicano.com\/index.php?rest_route=%2Fwp%2Fv2%2Ftags&post=219365"}],"curies":[{"name":"wp","href":"https:\/\/api.w.org\/{rel}","templated":true}]}}