{"id":219364,"date":"2016-02-15T15:01:42","date_gmt":"2016-02-15T15:01:42","guid":{"rendered":"http:\/\/diariodominicano.ddns.net\/?p=219364"},"modified":"2016-02-15T15:01:42","modified_gmt":"2016-02-15T15:01:42","slug":"convocan-en-dominicana-a-paro-medico-por-demandas","status":"publish","type":"post","link":"https:\/\/diariodominicano.com\/?p=219364","title":{"rendered":"Convocan en dominicana a paro m\u00e9dico por demandas"},"content":{"rendered":"<p><body><\/p>\n<p><img decoding=\"async\" src=\"img3\/Waldo.jpeg\" \/>  <\/p>\n<p><span class=\"text1noticias\">Santo Domingo, 15 feb (PL) El Colegio M\u00e9dico Dominicano (CMD) convoc\u00f3 para el mi\u00e9rcoles y el jueves pr\u00f3ximos a un paro nacional de 48 horas en centros hospitalarios en demanda de mejoras laborales.<\/span><\/p>\n<\/p>\n<p><span class=\"text1noticias\">El presidente del CMD, Waldo Ariel Suero, manifest\u00f3 que la huelga responde a la necesidad de que las autoridades reinicien un di\u00e1logo con los gremios y busquen soluci\u00f3n a sus reclamos, como los aumentos salariales.<\/span><\/p>\n<\/p>\n<p><span class=\"text1noticias\">Los afiliados al Colegio piden, adem\u00e1s, un incremento del cinco por ciento del Producto Interno Bruto para el sector de la Salud y designaci\u00f3n de nuevo personal sanitario, entre otras exigencias.<\/span><\/p>\n<\/p>\n<p><span class=\"text1noticias\">Suero aclar\u00f3 que durante el paro generalizado en hospitales p\u00fablicos, personal de salud prestar\u00e1 servicios de emergencias a la poblaci\u00f3n y atender\u00e1 a pacientes ingresados en estado cr\u00edtico.<\/span><\/p>\n<\/p>\n<p><span class=\"text1noticias\">En diversas zonas de Rep\u00fablica Dominicana, como las regiones Norte y Sur, el CMD y otras organizaciones sindicales realizaron recientemente manifestaciones en las que exigieron al gobierno que resuelva con prontitud los problemas del ramo sanitario<\/span>.<\/p>\n<h6> 2016-02-15 15:01:42 <\/h6>\n<p><!--\n<link rel=\"stylesheet\" href=\"css\/bootstrap.min.css\">\n\n\n<ul class=\"pagination\">\n\t    \n\t\n\n<li >\n\t<a href='?page_no=13693'>Previous<\/a>\n\t<\/li>\n\n\n       \n    \n\n<li><a href='?page_no=1'>1<\/a><\/li>\n\n\n\n<li><a href='?page_no=2'>2<\/a><\/li>\n\n\n\n<li><a>...<\/a><\/li>\n\n\n\n<li><a href='?page_no=13692'>13692<\/a><\/li>\n\n\n\n<li><a href='?page_no=13693'>13693<\/a><\/li>\n\n\n\n<li class='active'><a>13694<\/a><\/li>\n\n\n\n<li><a href='?page_no=13695'>13695<\/a><\/li>\n\n\n\n<li><a href='?page_no=13696'>13696<\/a><\/li>\n\n\n\n<li><a>...<\/a><\/li>\n\n\n\n<li><a href='?page_no=56169'>56169<\/a><\/li>\n\n\n\n<li><a href='?page_no=56170'>56170<\/a><\/li>\n\n    \n\t\n\n<li >\n\t<a href='?page_no=13695'>Next<\/a>\n\t<\/li>\n\n\n    \n\n<li><a href='?page_no=56170'>Last &rsaquo;&rsaquo;<\/a><\/li>\n\n<\/ul>\n\n\n--><br \/>\n<\/body><\/p>\n","protected":false},"excerpt":{"rendered":"<p>Santo Domingo, 15 feb (PL) El Colegio M\u00e9dico Dominicano (CMD) convoc\u00f3 para el mi\u00e9rcoles y el jueves pr\u00f3ximos a un paro nacional de 48 horas en centros hospitalarios en demanda de mejoras laborales. El presidente del CMD, Waldo Ariel Suero, manifest\u00f3 que la huelga responde a la necesidad de que las autoridades reinicien un di\u00e1logo [&hellip;]<\/p>\n","protected":false},"author":3,"featured_media":0,"comment_status":"open","ping_status":"open","sticky":false,"template":"","format":"standard","meta":{"footnotes":""},"categories":[20],"tags":[],"class_list":["post-219364","post","type-post","status-publish","format-standard","hentry","category-dominicana-hoy"],"_links":{"self":[{"href":"https:\/\/diariodominicano.com\/index.php?rest_route=\/wp\/v2\/posts\/219364","targetHints":{"allow":["GET"]}}],"collection":[{"href":"https:\/\/diariodominicano.com\/index.php?rest_route=\/wp\/v2\/posts"}],"about":[{"href":"https:\/\/diariodominicano.com\/index.php?rest_route=\/wp\/v2\/types\/post"}],"author":[{"embeddable":true,"href":"https:\/\/diariodominicano.com\/index.php?rest_route=\/wp\/v2\/users\/3"}],"replies":[{"embeddable":true,"href":"https:\/\/diariodominicano.com\/index.php?rest_route=%2Fwp%2Fv2%2Fcomments&post=219364"}],"version-history":[{"count":0,"href":"https:\/\/diariodominicano.com\/index.php?rest_route=\/wp\/v2\/posts\/219364\/revisions"}],"wp:attachment":[{"href":"https:\/\/diariodominicano.com\/index.php?rest_route=%2Fwp%2Fv2%2Fmedia&parent=219364"}],"wp:term":[{"taxonomy":"category","embeddable":true,"href":"https:\/\/diariodominicano.com\/index.php?rest_route=%2Fwp%2Fv2%2Fcategories&post=219364"},{"taxonomy":"post_tag","embeddable":true,"href":"https:\/\/diariodominicano.com\/index.php?rest_route=%2Fwp%2Fv2%2Ftags&post=219364"}],"curies":[{"name":"wp","href":"https:\/\/api.w.org\/{rel}","templated":true}]}}