{"id":219363,"date":"2016-02-15T15:13:14","date_gmt":"2016-02-15T15:13:14","guid":{"rendered":"http:\/\/diariodominicano.ddns.net\/?p=219363"},"modified":"2016-02-15T15:13:14","modified_gmt":"2016-02-15T15:13:14","slug":"ejecutivo-nombra-un-viceministro-dos-gobernadores-y-un-viceconsul","status":"publish","type":"post","link":"https:\/\/diariodominicano.com\/?p=219363","title":{"rendered":"Ejecutivo nombra un viceministro, dos gobernadores y un vicec\u00f3nsul"},"content":{"rendered":"<p><body><\/p>\n<p><span class=\"text1noticias\">Santo Domingo, RD, 15 de febrero.-El Poder Ejecutivo produjo varios cambios en distintos estamentos del Estado, entre ellos, la designaci\u00f3n de Enrique Radham\u00e9s Segura Qui\u00f1ones como viceministro de Industria y Comercio.<\/span><\/p>\n<p><span class=\"text1noticias\"> <\/span><\/p>\n<p><span class=\"text1noticias\">Mediante el decreto 21-16 tambi\u00e9n fue designado Napole\u00f3n del Rosario Almonte Jimini\u00e1n como gobernador de la provincia Mar\u00eda Trinidad S\u00e1nchez, en sustituci\u00f3n de Francisco Jos\u00e9 Pe\u00f1a, quien a la vez fue nombrado miembro del Consejo de Administraci\u00f3n de la Empresa de Transmisi\u00f3n El\u00e9ctrica Dominicana (ETED), en sustituci\u00f3n de Del Rosario Almonte.<\/span><\/p>\n<p><span class=\"text1noticias\"> <\/span><\/p>\n<p><span class=\"text1noticias\">Asimismo, Cruz Ad\u00e1n Heredia P\u00e9rez ser\u00e1 el nuevo gobernador de Pedernales, sustituyendo a \u00c1ngel Odalis Zabala, quien en lo adelante tendr\u00e1 funciones de vicec\u00f3nsul en Anse-A Pitre, Hait\u00ed, en sustituci\u00f3n de Alejandro Matos Ram\u00edrez<\/span>.<\/p>\n<h6> 2016-02-15 15:13:14 <\/h6>\n<p><!--\n<link rel=\"stylesheet\" href=\"css\/bootstrap.min.css\">\n\n\n<ul class=\"pagination\">\n\t    \n\t\n\n<li >\n\t<a href='?page_no=13692'>Previous<\/a>\n\t<\/li>\n\n\n       \n    \n\n<li><a href='?page_no=1'>1<\/a><\/li>\n\n\n\n<li><a href='?page_no=2'>2<\/a><\/li>\n\n\n\n<li><a>...<\/a><\/li>\n\n\n\n<li><a href='?page_no=13691'>13691<\/a><\/li>\n\n\n\n<li><a href='?page_no=13692'>13692<\/a><\/li>\n\n\n\n<li class='active'><a>13693<\/a><\/li>\n\n\n\n<li><a href='?page_no=13694'>13694<\/a><\/li>\n\n\n\n<li><a href='?page_no=13695'>13695<\/a><\/li>\n\n\n\n<li><a>...<\/a><\/li>\n\n\n\n<li><a href='?page_no=56169'>56169<\/a><\/li>\n\n\n\n<li><a href='?page_no=56170'>56170<\/a><\/li>\n\n    \n\t\n\n<li >\n\t<a href='?page_no=13694'>Next<\/a>\n\t<\/li>\n\n\n    \n\n<li><a href='?page_no=56170'>Last &rsaquo;&rsaquo;<\/a><\/li>\n\n<\/ul>\n\n\n--><br \/>\n<\/body><\/p>\n","protected":false},"excerpt":{"rendered":"<p>Santo Domingo, RD, 15 de febrero.-El Poder Ejecutivo produjo varios cambios en distintos estamentos del Estado, entre ellos, la designaci\u00f3n de Enrique Radham\u00e9s Segura Qui\u00f1ones como viceministro de Industria y Comercio. Mediante el decreto 21-16 tambi\u00e9n fue designado Napole\u00f3n del Rosario Almonte Jimini\u00e1n como gobernador de la provincia Mar\u00eda Trinidad S\u00e1nchez, en sustituci\u00f3n de Francisco [&hellip;]<\/p>\n","protected":false},"author":3,"featured_media":0,"comment_status":"open","ping_status":"open","sticky":false,"template":"","format":"standard","meta":{"footnotes":""},"categories":[20],"tags":[],"class_list":["post-219363","post","type-post","status-publish","format-standard","hentry","category-dominicana-hoy"],"_links":{"self":[{"href":"https:\/\/diariodominicano.com\/index.php?rest_route=\/wp\/v2\/posts\/219363","targetHints":{"allow":["GET"]}}],"collection":[{"href":"https:\/\/diariodominicano.com\/index.php?rest_route=\/wp\/v2\/posts"}],"about":[{"href":"https:\/\/diariodominicano.com\/index.php?rest_route=\/wp\/v2\/types\/post"}],"author":[{"embeddable":true,"href":"https:\/\/diariodominicano.com\/index.php?rest_route=\/wp\/v2\/users\/3"}],"replies":[{"embeddable":true,"href":"https:\/\/diariodominicano.com\/index.php?rest_route=%2Fwp%2Fv2%2Fcomments&post=219363"}],"version-history":[{"count":0,"href":"https:\/\/diariodominicano.com\/index.php?rest_route=\/wp\/v2\/posts\/219363\/revisions"}],"wp:attachment":[{"href":"https:\/\/diariodominicano.com\/index.php?rest_route=%2Fwp%2Fv2%2Fmedia&parent=219363"}],"wp:term":[{"taxonomy":"category","embeddable":true,"href":"https:\/\/diariodominicano.com\/index.php?rest_route=%2Fwp%2Fv2%2Fcategories&post=219363"},{"taxonomy":"post_tag","embeddable":true,"href":"https:\/\/diariodominicano.com\/index.php?rest_route=%2Fwp%2Fv2%2Ftags&post=219363"}],"curies":[{"name":"wp","href":"https:\/\/api.w.org\/{rel}","templated":true}]}}