{"id":219362,"date":"2016-02-15T15:32:00","date_gmt":"2016-02-15T15:32:00","guid":{"rendered":"http:\/\/diariodominicano.ddns.net\/?p=219362"},"modified":"2016-02-15T15:32:00","modified_gmt":"2016-02-15T15:32:00","slug":"leonardo-boff-impulsa-la-gestion-participativa-de-los-rios-dominicanos","status":"publish","type":"post","link":"https:\/\/diariodominicano.com\/?p=219362","title":{"rendered":"Leonardo Boff impulsa la gesti\u00f3n participativa de los r\u00edos dominicanos"},"content":{"rendered":"<p><body><\/p>\n<p><img decoding=\"async\" src=\"img3\/boff.jpg\" \/>  <\/p>\n<p><span class=\"text1noticias\">Santo Domingo, RD, 15 de febrero.-El ministro de la Presidencia, Gustavo Montalvo, se reuni\u00f3 hoy con el te\u00f3logo y fil\u00f3sofo brasile\u00f1o Leonardo Boff, conocido mundialmente por su compromiso con la defensa de los derechos de los pobres, promoviendo la \u00e9tica de la ecolog\u00eda integral.<\/span><\/p>\n<\/p>\n<p><span class=\"text1noticias\">De igual modo, el cuidado y el respeto de la naturaleza, as\u00ed como la responsabilidad colectiva.<\/span><\/p>\n<\/p>\n<p><span class=\"text1noticias\">Leonardo Boff visita el pa\u00eds al cumplirse el primer a\u00f1o del programa Cultivando Agua Buena, iniciativa de gesti\u00f3n social participativa en las cuencas hidrogr\u00e1ficas de la Rep\u00fablica Dominicana, que previamente ha tenido un gran \u00e9xito en Brasil.<\/span><\/p>\n<\/p>\n<p><span class=\"text1noticias\">\u00abCultivando agua buena\u00bb: impulsa cambio a favor de nuestros ecosistemas<\/span><\/p>\n<\/p>\n<p><span class=\"text1noticias\">\u00abPor eso este Gobierno, y el conjunto del Pueblo dominicano, le  agradecemos enormemente que nos acompa\u00f1e en este noble proyecto Cultivando Agua Buena, el cual muestra el camino para impulsar un cambio profundo a favor de nuestros ecosistemas y de nuestras comunidades\u00bb, expres\u00f3 Montalvo al dar la bienvenida a Boff.<\/span><\/p>\n<\/p>\n<p><strong><span class=\"text1noticias\">Recuperaci\u00f3n de cuencas<\/span><\/strong><\/p>\n<\/p>\n<p><span class=\"text1noticias\">El Ministro explic\u00f3 que en una primera fase, el proyecto se centrar\u00e1 en recuperar las cuencas del Yuna, Yaque del Sur y Yaque del Norte.<\/span><\/p>\n<\/p>\n<p><span class=\"text1noticias\">\u00abEs importante se\u00f1alar que en todo este proceso de preparaci\u00f3n han participado directamente m\u00e1s de 4 mil personas vinculadas a diferentes asociaciones, mientras el cuarto territorio piloto pertenece a la Cuenca de Ozama y ser\u00e1 incluido en la segunda fase del Programa\u00bb.<\/span><\/p>\n<\/p>\n<p><span class=\"text1noticias\">Leonardo Boff es uno de los intelectuales latinoamericanos m\u00e1s conocidos en el mundo, como te\u00f3logo y defensor de los derechos humanos, siendo una de las voces m\u00e1s escuchadas contra el calentamiento global.<\/span><\/p>\n<\/p>\n<p><span class=\"text1noticias\">Es adem\u00e1s Doctor Honoris Causa en Pol\u00edtica por la Universidad de Tur\u00edn (Italia) y en Teolog\u00eda por la Universidad de Lund (Suiza). <\/span><\/p>\n<\/p>\n<p><span class=\"text1noticias\">Boff ha sido ampliamente reconocido en muchas partes del mundo, dentro de los que podemos citar en el 2001 el Premio Correcto Modo de Vida, galard\u00f3n conocido como el Nobel Alternativo instituido en 1980 para premiar las tareas en beneficio de la humanidad que quedan fuera de los premios tradicionales.<\/span><\/p>\n<\/p>\n<p><span class=\"text1noticias\">En la actividad, realizada en el Sal\u00f3n Minpre del Palacio Nacional, participaron adem\u00e1s del ministro Montalvo, los ministros Antonio Isa Conde, de Energ\u00eda y Minas; Carlos Amarante Baret, de Educaci\u00f3n; Bautista Rojas G\u00f3mez, de Medio Ambiente, y los viceministros, Zoraima Cuello, de la Presidencia; Juan Monegro, de Planificaci\u00f3n; Inocencio Garc\u00eda Javier, de Cooperaci\u00f3n Internacional y Ernesto Villalta de Energ\u00eda y Minas, as\u00ed como Magdalena Lizardo, directora de la Unidad Asesora de An\u00e1lisis Econ\u00f3mico y Social.<\/span><\/p>\n<\/p>\n<p><span class=\"text1noticias\">Mientras que Leonardo Boff estuvo acompa\u00f1ado de Nelton Friedrich, director de la Represa Hidroel\u00e9ctrica Itaip\u00fa Binacional entre Brasil y Paraguay; el embajador de Brasil en el pa\u00eds y Joao Almino, director de la Agencia Brasile\u00f1a de Cooperaci\u00f3n.<\/span><\/p>\n<\/p>\n<p><span class=\"text1noticias\">Tambi\u00e9n de Vicente Andreu, director de la Agencia Nacional de Aguas; Jair Kotz, superintendente de Medio Ambiente de Itaip\u00fa Binacional; Pawel Wicheteck, asesor de Itaip\u00fa Binacional; Yovanny Melo, director de Asuntos Sociales y Comunitarios del Ministerio de Energ\u00eda y Minas, as\u00ed como Manuel Garc\u00eda y Linette Toribio, representantes del Programa Cultivando Agua Buena<\/span>.<\/p>\n<h6> 2016-02-15 15:32:00 <\/h6>\n<p><!--\n<link rel=\"stylesheet\" href=\"css\/bootstrap.min.css\">\n\n\n<ul class=\"pagination\">\n\t    \n\t\n\n<li >\n\t<a href='?page_no=13691'>Previous<\/a>\n\t<\/li>\n\n\n       \n    \n\n<li><a href='?page_no=1'>1<\/a><\/li>\n\n\n\n<li><a href='?page_no=2'>2<\/a><\/li>\n\n\n\n<li><a>...<\/a><\/li>\n\n\n\n<li><a href='?page_no=13690'>13690<\/a><\/li>\n\n\n\n<li><a href='?page_no=13691'>13691<\/a><\/li>\n\n\n\n<li class='active'><a>13692<\/a><\/li>\n\n\n\n<li><a href='?page_no=13693'>13693<\/a><\/li>\n\n\n\n<li><a href='?page_no=13694'>13694<\/a><\/li>\n\n\n\n<li><a>...<\/a><\/li>\n\n\n\n<li><a href='?page_no=56169'>56169<\/a><\/li>\n\n\n\n<li><a href='?page_no=56170'>56170<\/a><\/li>\n\n    \n\t\n\n<li >\n\t<a href='?page_no=13693'>Next<\/a>\n\t<\/li>\n\n\n    \n\n<li><a href='?page_no=56170'>Last &rsaquo;&rsaquo;<\/a><\/li>\n\n<\/ul>\n\n\n--><br \/>\n<\/body><\/p>\n","protected":false},"excerpt":{"rendered":"<p>Santo Domingo, RD, 15 de febrero.-El ministro de la Presidencia, Gustavo Montalvo, se reuni\u00f3 hoy con el te\u00f3logo y fil\u00f3sofo brasile\u00f1o Leonardo Boff, conocido mundialmente por su compromiso con la defensa de los derechos de los pobres, promoviendo la \u00e9tica de la ecolog\u00eda integral. De igual modo, el cuidado y el respeto de la naturaleza, [&hellip;]<\/p>\n","protected":false},"author":3,"featured_media":0,"comment_status":"open","ping_status":"open","sticky":false,"template":"","format":"standard","meta":{"footnotes":""},"categories":[20],"tags":[],"class_list":["post-219362","post","type-post","status-publish","format-standard","hentry","category-dominicana-hoy"],"_links":{"self":[{"href":"https:\/\/diariodominicano.com\/index.php?rest_route=\/wp\/v2\/posts\/219362","targetHints":{"allow":["GET"]}}],"collection":[{"href":"https:\/\/diariodominicano.com\/index.php?rest_route=\/wp\/v2\/posts"}],"about":[{"href":"https:\/\/diariodominicano.com\/index.php?rest_route=\/wp\/v2\/types\/post"}],"author":[{"embeddable":true,"href":"https:\/\/diariodominicano.com\/index.php?rest_route=\/wp\/v2\/users\/3"}],"replies":[{"embeddable":true,"href":"https:\/\/diariodominicano.com\/index.php?rest_route=%2Fwp%2Fv2%2Fcomments&post=219362"}],"version-history":[{"count":0,"href":"https:\/\/diariodominicano.com\/index.php?rest_route=\/wp\/v2\/posts\/219362\/revisions"}],"wp:attachment":[{"href":"https:\/\/diariodominicano.com\/index.php?rest_route=%2Fwp%2Fv2%2Fmedia&parent=219362"}],"wp:term":[{"taxonomy":"category","embeddable":true,"href":"https:\/\/diariodominicano.com\/index.php?rest_route=%2Fwp%2Fv2%2Fcategories&post=219362"},{"taxonomy":"post_tag","embeddable":true,"href":"https:\/\/diariodominicano.com\/index.php?rest_route=%2Fwp%2Fv2%2Ftags&post=219362"}],"curies":[{"name":"wp","href":"https:\/\/api.w.org\/{rel}","templated":true}]}}