{"id":219354,"date":"2016-02-16T12:19:14","date_gmt":"2016-02-16T12:19:14","guid":{"rendered":"http:\/\/diariodominicano.ddns.net\/?p=219354"},"modified":"2016-02-16T12:19:14","modified_gmt":"2016-02-16T12:19:14","slug":"presidente-medina-y-los-directores-de-periodicos-conversan-este-miercoles-sobre-temas-de-interes","status":"publish","type":"post","link":"https:\/\/diariodominicano.com\/?p=219354","title":{"rendered":"Presidente Medina y los directores de peri\u00f3dicos conversan este mi\u00e9rcoles sobre temas de inter\u00e9s"},"content":{"rendered":"<p><body><\/p>\n<p><img decoding=\"async\" src=\"img3\/reune 2.jpg\" \/>  <\/p>\n<p>Santo Domingo RD 16 febrero.- El presidente Danilo Medina se reunir\u00e1 este mi\u00e9rcoles 17, en el Palacio Nacional, con los directores de medios de comunicaci\u00f3n que componen la Sociedad Dominicana de Diarios (SDD), con quienes conversar\u00e1 sobre los principales temas nacionales.<\/p>\n<\/p>\n<p>El encuentro del jefe del Estado con los ejecutivos de peri\u00f3dicos est\u00e1 pautado para las 11: 00 de la ma\u00f1ana, inform\u00f3 Persio Maldonado, presidente de la sociedad Dominicana de Diarios.<\/p>\n<\/p>\n<p>En el encuentro el presidente Medina y los directores de medios sostendr\u00e1n una conversaci\u00f3n de inter\u00e9s period\u00edstico, en la que abordar\u00e1n los temas que dominan la agenda nacional.<\/p>\n<\/p>\n<p>La reuni\u00f3n hab\u00eda sido acordada a ra\u00edz de una visita que los directivos de la SDD hicieron al presidente Medina a mediado del mes de febrero, para invitarlo a la septuag\u00e9sima Asamblea de la Sociedad Interamericana de Prensa (SIP), que tendr\u00e1 lugar del 7 al 11 de abril de este a\u00f1o en Punta Cana, al Este del pa\u00eds.<\/p>\n<\/p>\n<p>Tras la referida invitaci\u00f3n, el mandatario confirm\u00f3 su asistencia al evento donde se discutir\u00e1 la situaci\u00f3n de la libertad de prensa de cada uno de los pa\u00edses participantes.<\/p>\n<h6> 2016-02-16 12:19:14 <\/h6>\n<p><!--\n<link rel=\"stylesheet\" href=\"css\/bootstrap.min.css\">\n\n\n<ul class=\"pagination\">\n\t    \n\t\n\n<li >\n\t<a href='?page_no=13684'>Previous<\/a>\n\t<\/li>\n\n\n       \n    \n\n<li><a href='?page_no=1'>1<\/a><\/li>\n\n\n\n<li><a href='?page_no=2'>2<\/a><\/li>\n\n\n\n<li><a>...<\/a><\/li>\n\n\n\n<li><a href='?page_no=13683'>13683<\/a><\/li>\n\n\n\n<li><a href='?page_no=13684'>13684<\/a><\/li>\n\n\n\n<li class='active'><a>13685<\/a><\/li>\n\n\n\n<li><a href='?page_no=13686'>13686<\/a><\/li>\n\n\n\n<li><a href='?page_no=13687'>13687<\/a><\/li>\n\n\n\n<li><a>...<\/a><\/li>\n\n\n\n<li><a href='?page_no=56169'>56169<\/a><\/li>\n\n\n\n<li><a href='?page_no=56170'>56170<\/a><\/li>\n\n    \n\t\n\n<li >\n\t<a href='?page_no=13686'>Next<\/a>\n\t<\/li>\n\n\n    \n\n<li><a href='?page_no=56170'>Last &rsaquo;&rsaquo;<\/a><\/li>\n\n<\/ul>\n\n\n--><br \/>\n<\/body><\/p>\n","protected":false},"excerpt":{"rendered":"<p>Santo Domingo RD 16 febrero.- El presidente Danilo Medina se reunir\u00e1 este mi\u00e9rcoles 17, en el Palacio Nacional, con los directores de medios de comunicaci\u00f3n que componen la Sociedad Dominicana de Diarios (SDD), con quienes conversar\u00e1 sobre los principales temas nacionales. El encuentro del jefe del Estado con los ejecutivos de peri\u00f3dicos est\u00e1 pautado para [&hellip;]<\/p>\n","protected":false},"author":3,"featured_media":0,"comment_status":"open","ping_status":"open","sticky":false,"template":"","format":"standard","meta":{"footnotes":""},"categories":[20],"tags":[],"class_list":["post-219354","post","type-post","status-publish","format-standard","hentry","category-dominicana-hoy"],"_links":{"self":[{"href":"https:\/\/diariodominicano.com\/index.php?rest_route=\/wp\/v2\/posts\/219354","targetHints":{"allow":["GET"]}}],"collection":[{"href":"https:\/\/diariodominicano.com\/index.php?rest_route=\/wp\/v2\/posts"}],"about":[{"href":"https:\/\/diariodominicano.com\/index.php?rest_route=\/wp\/v2\/types\/post"}],"author":[{"embeddable":true,"href":"https:\/\/diariodominicano.com\/index.php?rest_route=\/wp\/v2\/users\/3"}],"replies":[{"embeddable":true,"href":"https:\/\/diariodominicano.com\/index.php?rest_route=%2Fwp%2Fv2%2Fcomments&post=219354"}],"version-history":[{"count":0,"href":"https:\/\/diariodominicano.com\/index.php?rest_route=\/wp\/v2\/posts\/219354\/revisions"}],"wp:attachment":[{"href":"https:\/\/diariodominicano.com\/index.php?rest_route=%2Fwp%2Fv2%2Fmedia&parent=219354"}],"wp:term":[{"taxonomy":"category","embeddable":true,"href":"https:\/\/diariodominicano.com\/index.php?rest_route=%2Fwp%2Fv2%2Fcategories&post=219354"},{"taxonomy":"post_tag","embeddable":true,"href":"https:\/\/diariodominicano.com\/index.php?rest_route=%2Fwp%2Fv2%2Ftags&post=219354"}],"curies":[{"name":"wp","href":"https:\/\/api.w.org\/{rel}","templated":true}]}}