{"id":219353,"date":"2016-02-16T14:41:38","date_gmt":"2016-02-16T14:41:38","guid":{"rendered":"http:\/\/diariodominicano.ddns.net\/?p=219353"},"modified":"2016-02-16T14:41:38","modified_gmt":"2016-02-16T14:41:38","slug":"idac-prioriza-la-reduccion-de-emisiones-de-co2","status":"publish","type":"post","link":"https:\/\/diariodominicano.com\/?p=219353","title":{"rendered":"IDAC prioriza la reducci\u00f3n de emisiones de CO2"},"content":{"rendered":"<p><body><\/p>\n<p><span class=\"text1noticias\">Santo Domingo, RD, 16 de Febrero.-El Instituto Dominicano de Aviaci\u00f3n Civil (IDAC), \u00f3rgano rector de la actividad aeron\u00e1utica, prosigue sus pasos en procura de que el pa\u00eds contin\u00fae siendo modelo en la regi\u00f3n, tanto en seguridad operacional como en la implementaci\u00f3n de medidas que contribuyan a la reducci\u00f3n de las emisiones de CO2 en las operaciones a\u00e9reas.<\/span><\/p>\n<p><span class=\"text1noticias\"> <\/span><\/p>\n<p><span class=\"text1noticias\">El director general del IDAC, Alejandro Herrera, declar\u00f3 que la parte t\u00e9cnica de esa instituci\u00f3n trabaja con empe\u00f1o en dar cumplimiento a los requisitos de la Organizaci\u00f3n de Aviaci\u00f3n Civil Internacional (OACI), para que en la pr\u00f3xima asamblea los Estados miembros presenten pruebas de que en sus pa\u00edses se llevan a cabo los denominados \u00abvuelos verdes\u00bb.<\/span><\/p>\n<p><span class=\"text1noticias\"> <\/span><\/p>\n<p><span class=\"text1noticias\">\u00abEn el IDAC hemos dado continuidad y apoyo a las iniciativas de la OACI, que recomend\u00f3 a los Estados miembros que intervengan y tomen en cuenta las instituciones que puedan hacer sinergias convenientes para la producci\u00f3n e implementaci\u00f3n y uso de los combustibles alternativos, en el entendido de que esto har\u00eda una reducci\u00f3n de las emisiones contaminantes de la aviaci\u00f3n civil internacional\u00bb, destac\u00f3 el funcionario.<\/span><\/p>\n<p><span class=\"text1noticias\"> <\/span><\/p>\n<p><span class=\"text1noticias\">En procura de cumplir con estos requerimientos  el IDAC suscribi\u00f3 un acuerdo con la Comisi\u00f3n Nacional de Energ\u00eda (CNE), con el objetivo que entre ambas instituciones logren producir e implementar el uso de combustibles alternativos que ayuden a que este a\u00f1o se puedan cumplir las metas del anhelado \u00abvuelo verde\u00bb.<\/span><\/p>\n<p><span class=\"text1noticias\"> <\/span><\/p>\n<p><span class=\"text1noticias\">El acuerdo contempla que ambas instituciones faciliten informaciones disponibles sobre estudios de factibilidad para la producci\u00f3n de combustibles alternativos que puedan ser utilizados en la aviaci\u00f3n civil, como la intermediaci\u00f3n con entidades relacionadas o supervisadas por el IDAC y la CNE.<\/span><\/p>\n<p><span class=\"text1noticias\"> <\/span><\/p>\n<p><span class=\"text1noticias\">Tambi\u00e9n acordaron apoyarse mutuamente para avanzar en el fortalecimiento institucional y para el desarrollo y transferencia de capacidades, as\u00ed como para desarrollar programas de mejoras administrativas, estrat\u00e9gicas y optimizaci\u00f3n de sus recursos humanos en el campo de la investigaci\u00f3n  y desarrollo de la eficiencia energ\u00e9tica y de combustibles alternativos para la aviaci\u00f3n civil.<\/span><\/p>\n<p><span class=\"text1noticias\"> <\/span><\/p>\n<p><span class=\"text1noticias\">Con el objetivo de reducir las emisiones de \u00d3xido de Carbono (CO2) en los aeropuertos del pa\u00eds, la direcci\u00f3n del IDAC tiene funcionando un equipo multisectorial que coordina las acciones para dar cumplimiento a las exigencias de los organismos internacionales, y el cual funciona desde la Direcci\u00f3n de Normas de Vuelo, bajo la coordinaci\u00f3n del t\u00e9cnico Juan Jos\u00e9 Veras<\/span>.<\/p>\n<\/p>\n<h6> 2016-02-16 14:41:38 <\/h6>\n<p><!--\n<link rel=\"stylesheet\" href=\"css\/bootstrap.min.css\">\n\n\n<ul class=\"pagination\">\n\t    \n\t\n\n<li >\n\t<a href='?page_no=13683'>Previous<\/a>\n\t<\/li>\n\n\n       \n    \n\n<li><a href='?page_no=1'>1<\/a><\/li>\n\n\n\n<li><a href='?page_no=2'>2<\/a><\/li>\n\n\n\n<li><a>...<\/a><\/li>\n\n\n\n<li><a href='?page_no=13682'>13682<\/a><\/li>\n\n\n\n<li><a href='?page_no=13683'>13683<\/a><\/li>\n\n\n\n<li class='active'><a>13684<\/a><\/li>\n\n\n\n<li><a href='?page_no=13685'>13685<\/a><\/li>\n\n\n\n<li><a href='?page_no=13686'>13686<\/a><\/li>\n\n\n\n<li><a>...<\/a><\/li>\n\n\n\n<li><a href='?page_no=56169'>56169<\/a><\/li>\n\n\n\n<li><a href='?page_no=56170'>56170<\/a><\/li>\n\n    \n\t\n\n<li >\n\t<a href='?page_no=13685'>Next<\/a>\n\t<\/li>\n\n\n    \n\n<li><a href='?page_no=56170'>Last &rsaquo;&rsaquo;<\/a><\/li>\n\n<\/ul>\n\n\n--><br \/>\n<\/body><\/p>\n","protected":false},"excerpt":{"rendered":"<p>Santo Domingo, RD, 16 de Febrero.-El Instituto Dominicano de Aviaci\u00f3n Civil (IDAC), \u00f3rgano rector de la actividad aeron\u00e1utica, prosigue sus pasos en procura de que el pa\u00eds contin\u00fae siendo modelo en la regi\u00f3n, tanto en seguridad operacional como en la implementaci\u00f3n de medidas que contribuyan a la reducci\u00f3n de las emisiones de CO2 en las [&hellip;]<\/p>\n","protected":false},"author":3,"featured_media":0,"comment_status":"open","ping_status":"open","sticky":false,"template":"","format":"standard","meta":{"footnotes":""},"categories":[20],"tags":[],"class_list":["post-219353","post","type-post","status-publish","format-standard","hentry","category-dominicana-hoy"],"_links":{"self":[{"href":"https:\/\/diariodominicano.com\/index.php?rest_route=\/wp\/v2\/posts\/219353","targetHints":{"allow":["GET"]}}],"collection":[{"href":"https:\/\/diariodominicano.com\/index.php?rest_route=\/wp\/v2\/posts"}],"about":[{"href":"https:\/\/diariodominicano.com\/index.php?rest_route=\/wp\/v2\/types\/post"}],"author":[{"embeddable":true,"href":"https:\/\/diariodominicano.com\/index.php?rest_route=\/wp\/v2\/users\/3"}],"replies":[{"embeddable":true,"href":"https:\/\/diariodominicano.com\/index.php?rest_route=%2Fwp%2Fv2%2Fcomments&post=219353"}],"version-history":[{"count":0,"href":"https:\/\/diariodominicano.com\/index.php?rest_route=\/wp\/v2\/posts\/219353\/revisions"}],"wp:attachment":[{"href":"https:\/\/diariodominicano.com\/index.php?rest_route=%2Fwp%2Fv2%2Fmedia&parent=219353"}],"wp:term":[{"taxonomy":"category","embeddable":true,"href":"https:\/\/diariodominicano.com\/index.php?rest_route=%2Fwp%2Fv2%2Fcategories&post=219353"},{"taxonomy":"post_tag","embeddable":true,"href":"https:\/\/diariodominicano.com\/index.php?rest_route=%2Fwp%2Fv2%2Ftags&post=219353"}],"curies":[{"name":"wp","href":"https:\/\/api.w.org\/{rel}","templated":true}]}}