{"id":219350,"date":"2016-02-16T15:27:24","date_gmt":"2016-02-16T15:27:24","guid":{"rendered":"http:\/\/diariodominicano.ddns.net\/?p=219350"},"modified":"2016-02-16T15:27:24","modified_gmt":"2016-02-16T15:27:24","slug":"el-65-de-la-poblacion-esta-afiliada-a-la-seguridad-social","status":"publish","type":"post","link":"https:\/\/diariodominicano.com\/?p=219350","title":{"rendered":"El 65% de la poblaci\u00f3n est\u00e1 afiliada a la Seguridad Social"},"content":{"rendered":"<p><body><\/p>\n<p><img decoding=\"async\" src=\"img3\/RafaelPerezModesto.jpg\" \/>  <\/p>\n<p><span class=\"text1noticias\">Santo Domingo, RD, 16 de Febrero.-El 65% de la poblaci\u00f3n dominicana est\u00e1 afiliada al Sistema Dominicano de Seguridad Social (SDSS), en los reg\u00edmenes Contributivo y Subsidiado, lo que evidencia un importante avance en la extensi\u00f3n de la cobertura, as\u00ed lo inform\u00f3 el Gerente General del Consejo Nacional de Seguridad Social (CNSS), Rafael P\u00e9rez Modesto.<\/span><\/p>\n<\/p>\n<p><span class=\"text1noticias\">\u00abVerdaderamente el crecimiento de la seguridad social ha sido sistem\u00e1tico, ese incremento ha ido evolucionando desde 0.7 en el a\u00f1o 2004 terminamos en el a\u00f1o pasado en un 65.3%. En cuanto al R\u00e9gimen Subsidiado tiene una cobertura que abarca el 95% de la poblaci\u00f3n pobre de la Rep\u00fablica Dominicana tomando en cuenta las estad\u00edsticas que ofrece la ONE y el Banco Central y la Tesorer\u00eda de la Seguridad Social (TSS)\u00bb, dijo.<\/span><\/p>\n<\/p>\n<p><span class=\"text1noticias\">El funcionario resalt\u00f3 que las proyecciones que tiene el gobierno de Danilo Medina en su pr\u00f3xima gesti\u00f3n en darle cobertura de salud al 100 % de la poblaci\u00f3n pobre del pa\u00eds un gran proyecto en beneficiar\u00e1 la poblaci\u00f3n m\u00e1s vulnerable del pa\u00eds.<\/span><\/p>\n<\/p>\n<p><span class=\"text1noticias\">\u00abUna de las conquistas m\u00e1s importantes del gobierno en materia de seguridad social ha sido la ampliaci\u00f3n de cobertura de los servicios de salud, los medicamentos, atenciones quir\u00fargicas y tratamientos m\u00e9dicos\u00bb, expres\u00f3 el funcionario entrevistado en el programa Telematutino 11 que se transmite por Telesistema.<\/span><\/p>\n<\/p>\n<p><span class=\"text1noticias\">Manifest\u00f3 que en el \u00faltimo per\u00edodo del pasado a\u00f1o se aumentaron 200 productos m\u00e1s, 600 presentaciones de productos y se aument\u00f3 de 3 mil a 8 mil pesos de medicinas que se cubr\u00eda de forma ambulatorio.<\/span><\/p>\n<\/p>\n<p><span class=\"text1noticias\">Dijo que el Ministerio de Salud P\u00fablica en coordinaci\u00f3n con la Comisi\u00f3n Permanente de Salud del Consejo Nacional de Seguridad Social (CNSS), los aportes de la SISALRIL y todas instituciones relacionada con el tema de salud dan los toques finales de la revisi\u00f3n del Plan de Servicios de Salud (PDSS), del Seguro Familiar de Salud (SFS) del R\u00e9gimen Contributivo.<\/span><\/p>\n<\/p>\n<p><span class=\"text1noticias\">Resalt\u00f3 que el estudio servir\u00e1 de soporte para la actualizaci\u00f3n del cat\u00e1logo de prestaciones de PDSS, el an\u00e1lisis se desarrolla con la colaboraci\u00f3n t\u00e9cnica del Banco Interamericano de Desarrollo (BID). La consultor\u00eda internacional a cargo de la prestigiosa y calificada empresa SINAGET.<\/span><\/p>\n<\/p>\n<p><span class=\"text1noticias\">Inform\u00f3 que mediante un estudio realizado por el Banco Interamericano de Desarrollo BID en el primer cuatrimestre de este a\u00f1o, estar\u00e1n en condiciones de ampliar de nuevo la cobertura de medicamentos, procedimientos m\u00e9dicos y quir\u00fargicos.<\/span><\/p>\n<\/p>\n<p><span class=\"text1noticias\">Asegur\u00f3 que el pr\u00f3ximo gobierno que encabezar\u00e1 Danilo Medina cubrir\u00e1 el 100 por ciento de la poblaci\u00f3n subsidiada que actualmente tiene una cobertura del 95 por ciento, conforme a cifras de la ONE, el Banco Central y la Tesorer\u00eda Nacional<\/span>.<\/p>\n<h6> 2016-02-16 15:27:24 <\/h6>\n<p><!--\n<link rel=\"stylesheet\" href=\"css\/bootstrap.min.css\">\n\n\n<ul class=\"pagination\">\n\t    \n\t\n\n<li >\n\t<a href='?page_no=13680'>Previous<\/a>\n\t<\/li>\n\n\n       \n    \n\n<li><a href='?page_no=1'>1<\/a><\/li>\n\n\n\n<li><a href='?page_no=2'>2<\/a><\/li>\n\n\n\n<li><a>...<\/a><\/li>\n\n\n\n<li><a href='?page_no=13679'>13679<\/a><\/li>\n\n\n\n<li><a href='?page_no=13680'>13680<\/a><\/li>\n\n\n\n<li class='active'><a>13681<\/a><\/li>\n\n\n\n<li><a href='?page_no=13682'>13682<\/a><\/li>\n\n\n\n<li><a href='?page_no=13683'>13683<\/a><\/li>\n\n\n\n<li><a>...<\/a><\/li>\n\n\n\n<li><a href='?page_no=56169'>56169<\/a><\/li>\n\n\n\n<li><a href='?page_no=56170'>56170<\/a><\/li>\n\n    \n\t\n\n<li >\n\t<a href='?page_no=13682'>Next<\/a>\n\t<\/li>\n\n\n    \n\n<li><a href='?page_no=56170'>Last &rsaquo;&rsaquo;<\/a><\/li>\n\n<\/ul>\n\n\n--><br \/>\n<\/body><\/p>\n","protected":false},"excerpt":{"rendered":"<p>Santo Domingo, RD, 16 de Febrero.-El 65% de la poblaci\u00f3n dominicana est\u00e1 afiliada al Sistema Dominicano de Seguridad Social (SDSS), en los reg\u00edmenes Contributivo y Subsidiado, lo que evidencia un importante avance en la extensi\u00f3n de la cobertura, as\u00ed lo inform\u00f3 el Gerente General del Consejo Nacional de Seguridad Social (CNSS), Rafael P\u00e9rez Modesto. \u00abVerdaderamente [&hellip;]<\/p>\n","protected":false},"author":3,"featured_media":0,"comment_status":"open","ping_status":"open","sticky":false,"template":"","format":"standard","meta":{"footnotes":""},"categories":[20],"tags":[],"class_list":["post-219350","post","type-post","status-publish","format-standard","hentry","category-dominicana-hoy"],"_links":{"self":[{"href":"https:\/\/diariodominicano.com\/index.php?rest_route=\/wp\/v2\/posts\/219350","targetHints":{"allow":["GET"]}}],"collection":[{"href":"https:\/\/diariodominicano.com\/index.php?rest_route=\/wp\/v2\/posts"}],"about":[{"href":"https:\/\/diariodominicano.com\/index.php?rest_route=\/wp\/v2\/types\/post"}],"author":[{"embeddable":true,"href":"https:\/\/diariodominicano.com\/index.php?rest_route=\/wp\/v2\/users\/3"}],"replies":[{"embeddable":true,"href":"https:\/\/diariodominicano.com\/index.php?rest_route=%2Fwp%2Fv2%2Fcomments&post=219350"}],"version-history":[{"count":0,"href":"https:\/\/diariodominicano.com\/index.php?rest_route=\/wp\/v2\/posts\/219350\/revisions"}],"wp:attachment":[{"href":"https:\/\/diariodominicano.com\/index.php?rest_route=%2Fwp%2Fv2%2Fmedia&parent=219350"}],"wp:term":[{"taxonomy":"category","embeddable":true,"href":"https:\/\/diariodominicano.com\/index.php?rest_route=%2Fwp%2Fv2%2Fcategories&post=219350"},{"taxonomy":"post_tag","embeddable":true,"href":"https:\/\/diariodominicano.com\/index.php?rest_route=%2Fwp%2Fv2%2Ftags&post=219350"}],"curies":[{"name":"wp","href":"https:\/\/api.w.org\/{rel}","templated":true}]}}