{"id":219347,"date":"2016-02-16T16:46:07","date_gmt":"2016-02-16T16:46:07","guid":{"rendered":"http:\/\/diariodominicano.ddns.net\/?p=219347"},"modified":"2016-02-16T16:46:07","modified_gmt":"2016-02-16T16:46:07","slug":"presidente-danilo-medina-se-solidariza-con-victimas-explosion-envasadora-de-gas","status":"publish","type":"post","link":"https:\/\/diariodominicano.com\/?p=219347","title":{"rendered":"Presidente Danilo Medina se solidariza con v\u00edctimas explosi\u00f3n envasadora de gas"},"content":{"rendered":"<p><body><\/p>\n<p><img decoding=\"async\" src=\"img3\/danilolamenta.jpg\" \/><br \/><img decoding=\"async\" src=\"img3\/prietosiniestro.jpg\" \/>  <\/p>\n<p><span class=\"text1noticias\">Santo Domingo, RD, 16 de febrero.-El presidente Danilo Medina se solidariz\u00f3 con las v\u00edctimas de la explosi\u00f3n de una envasadora de Gas Licuado de Petr\u00f3leo, ocurrida pasadas las seis de la ma\u00f1ana de este lunes en el sector La Esperanza, en Los R\u00edos, del Distrito Nacional.<\/span><\/p>\n<p><span class=\"text1noticias\"> <\/span><\/p>\n<p><span class=\"text1noticias\">A trav\u00e9s de un mensaje en su cuenta de Twitter @DaniloMedina el Jefe de Estado dijo, que \u00abnuestro coraz\u00f3n est\u00e1 junto a las v\u00edctimas del terrible accidente ocurrido en el sector La Esperanza. Deseamos se repongan lo antes posible\u00bb.<\/span><\/p>\n<p><span class=\"text1noticias\"> <\/span><\/p>\n<p><span class=\"text1noticias\">De igual modo signific\u00f3 que la Defensa Civil y el Sistema Nacional de Seguridad y Atenci\u00f3n a Emergencias (911) realizan labores de rescate e informan a la sociedad dominicana sobre el suceso<\/span>.<\/p>\n<\/p>\n<p><span class=\"text1noticias\">De inmediato, el mandatario dispuso el env\u00edo inmediato de alimentos crudos, colchones, s\u00e1banas y mosquiteros para la zona afectada por la explosi\u00f3n de la estaci\u00f3n de gas propano en Los R\u00edos.<\/span><\/p>\n<\/p>\n<p><span class=\"text1noticias\">El jefe del Estado orden\u00f3 al Plan de Asistencia Social de la Presidencia en la persona del ingeniero Cesar Prieto, un levantamiento de los da\u00f1os estructurales, p\u00e9rdidas de ajuares del hogar y situaci\u00f3n m\u00e9dica de los heridos para disponer ayuda humanitaria y suplir de estas p\u00e9rdidas a los afectados por la explosi\u00f3n.<\/span><\/p>\n<\/p>\n<p><span class=\"text1noticias\">\u00abLo que estamos haciendo, primero, es evaluar la magnitud de los da\u00f1os,  para proceder con la ayuda oficial. Pero por lo pronto comenzaremos con el env\u00edo de alimentos crudos y enlatados, as\u00ed como frazadas y colchonetas para amortiguar las primeras horas dif\u00edciles para los afectados\u00bb. Manifest\u00f3 Cesar Prieto al encabezar la evaluaci\u00f3n de los da\u00f1os en el lugar del siniestro.<\/span><\/p>\n<\/p>\n<p><span class=\"text1noticias\">El Plan Social comenz\u00f3 la tarde de este mismo martes a entregar las citadas ayudas.<\/span><\/p>\n<\/p>\n<h6> 2016-02-16 16:46:07 <\/h6>\n<p><!--\n<link rel=\"stylesheet\" href=\"css\/bootstrap.min.css\">\n\n\n<ul class=\"pagination\">\n\t    \n\t\n\n<li >\n\t<a href='?page_no=13678'>Previous<\/a>\n\t<\/li>\n\n\n       \n    \n\n<li><a href='?page_no=1'>1<\/a><\/li>\n\n\n\n<li><a href='?page_no=2'>2<\/a><\/li>\n\n\n\n<li><a>...<\/a><\/li>\n\n\n\n<li><a href='?page_no=13677'>13677<\/a><\/li>\n\n\n\n<li><a href='?page_no=13678'>13678<\/a><\/li>\n\n\n\n<li class='active'><a>13679<\/a><\/li>\n\n\n\n<li><a href='?page_no=13680'>13680<\/a><\/li>\n\n\n\n<li><a href='?page_no=13681'>13681<\/a><\/li>\n\n\n\n<li><a>...<\/a><\/li>\n\n\n\n<li><a href='?page_no=56169'>56169<\/a><\/li>\n\n\n\n<li><a href='?page_no=56170'>56170<\/a><\/li>\n\n    \n\t\n\n<li >\n\t<a href='?page_no=13680'>Next<\/a>\n\t<\/li>\n\n\n    \n\n<li><a href='?page_no=56170'>Last &rsaquo;&rsaquo;<\/a><\/li>\n\n<\/ul>\n\n\n--><br \/>\n<\/body><\/p>\n","protected":false},"excerpt":{"rendered":"<p>Santo Domingo, RD, 16 de febrero.-El presidente Danilo Medina se solidariz\u00f3 con las v\u00edctimas de la explosi\u00f3n de una envasadora de Gas Licuado de Petr\u00f3leo, ocurrida pasadas las seis de la ma\u00f1ana de este lunes en el sector La Esperanza, en Los R\u00edos, del Distrito Nacional. A trav\u00e9s de un mensaje en su cuenta de [&hellip;]<\/p>\n","protected":false},"author":3,"featured_media":0,"comment_status":"open","ping_status":"open","sticky":false,"template":"","format":"standard","meta":{"footnotes":""},"categories":[20],"tags":[],"class_list":["post-219347","post","type-post","status-publish","format-standard","hentry","category-dominicana-hoy"],"_links":{"self":[{"href":"https:\/\/diariodominicano.com\/index.php?rest_route=\/wp\/v2\/posts\/219347","targetHints":{"allow":["GET"]}}],"collection":[{"href":"https:\/\/diariodominicano.com\/index.php?rest_route=\/wp\/v2\/posts"}],"about":[{"href":"https:\/\/diariodominicano.com\/index.php?rest_route=\/wp\/v2\/types\/post"}],"author":[{"embeddable":true,"href":"https:\/\/diariodominicano.com\/index.php?rest_route=\/wp\/v2\/users\/3"}],"replies":[{"embeddable":true,"href":"https:\/\/diariodominicano.com\/index.php?rest_route=%2Fwp%2Fv2%2Fcomments&post=219347"}],"version-history":[{"count":0,"href":"https:\/\/diariodominicano.com\/index.php?rest_route=\/wp\/v2\/posts\/219347\/revisions"}],"wp:attachment":[{"href":"https:\/\/diariodominicano.com\/index.php?rest_route=%2Fwp%2Fv2%2Fmedia&parent=219347"}],"wp:term":[{"taxonomy":"category","embeddable":true,"href":"https:\/\/diariodominicano.com\/index.php?rest_route=%2Fwp%2Fv2%2Fcategories&post=219347"},{"taxonomy":"post_tag","embeddable":true,"href":"https:\/\/diariodominicano.com\/index.php?rest_route=%2Fwp%2Fv2%2Ftags&post=219347"}],"curies":[{"name":"wp","href":"https:\/\/api.w.org\/{rel}","templated":true}]}}