{"id":219346,"date":"2016-02-16T17:10:55","date_gmt":"2016-02-16T17:10:55","guid":{"rendered":"http:\/\/diariodominicano.ddns.net\/?p=219346"},"modified":"2016-02-16T17:10:55","modified_gmt":"2016-02-16T17:10:55","slug":"vicepresidenta-inaugura-tres-centros-de-primer-nivel-de-atencion-de-salud","status":"publish","type":"post","link":"https:\/\/diariodominicano.com\/?p=219346","title":{"rendered":"Vicepresidenta inaugura tres Centros de Primer Nivel de Atenci\u00f3n de Salud"},"content":{"rendered":"<p><body><\/p>\n<p><img decoding=\"async\" src=\"img3\/vicepresidentaCS.jpg\" \/>  <\/p>\n<p><strong><span class=\"text1noticias\">Santo Domingo, RD, 16 de febrero.-<\/span><\/strong><span class=\"text1noticias\">La vicepresidenta de la Rep\u00fablica, doctora Margarita Cede\u00f1o, inaugur\u00f3 tres Centros de Primer Nivel de Atenci\u00f3n de Salud (CPN) en Santo Domingo Este, con lo que da inicio a la puesta en funcionamiento 42 nuevos centrosy la rehabilitaci\u00f3n de otros 112, para as\u00ed mejorar los servicios a la poblaci\u00f3n y llevar salud de calidad a las comunidades.<\/span><\/p>\n<\/p>\n<p><span class=\"text1noticias\">Con el acto de la entrega del CPN de San Luis, la Vicemandataria puso tambi\u00e9n en operaci\u00f3n simult\u00e1neamente los de El Naranjo y Estancia Nueva. Estos son los primeros de 24 CPN que se pondr\u00e1n en funcionamiento con el apoyo del Banco Interamericano de Desarrollo (BID) para brindar una oferta de salud de calidad a 180 mil dominicanos que ya no tendr\u00e1n que trasladarse a las ciudades y congestionar los grandes hospitales.<\/span><\/p>\n<\/p>\n<p><span class=\"text1noticias\">En una segunda etapa, que ya inici\u00f3, se edifican18 CPN que estar\u00e1n listos en 2017, igual que los que se rehabilitar\u00e1n. Estos trabajos est\u00e1n contemplados en el componente de Mejora de la Calidad de los Servicios de Salud en el pa\u00eds que desarrolla el Gobierno a trav\u00e9s del Gabinete de Coordinaci\u00f3n de Pol\u00edticas Sociales, y que est\u00e1 orientado a reducir la pobreza y lograr un mayor grado de inclusi\u00f3n social. <\/span><\/p>\n<\/p>\n<p><span class=\"text1noticias\">Los computadores de los nuevos centros disponen de un sistema de gesti\u00f3n cl\u00ednica desarrollado por el GabineteSocialdonde se registra el record de los pacientes para que est\u00e9 disponible en cualquier centro de salud en el cual se atienda y de una aplicaci\u00f3n para el registro de la administraci\u00f3n de las vacunas suministradas a la poblaci\u00f3n.<\/span><\/p>\n<\/p>\n<p><span class=\"text1noticias\">En el acto inaugural la Vicepresidenta estuvo en compa\u00f1\u00eda del doctorRam\u00f3n Alvarado, director del Servicio Nacional de Salud; Flora Montealegre, representante del BID;  Rosa Mar\u00eda Su\u00e1rez, directora t\u00e9cnica del Gabinete Social; y del padre Wilfredo Monta\u00f1o Mercedes, p\u00e1rroco de la iglesia Santa Clara de As\u00eds, quien bendijo la obra.<\/span><\/p>\n<\/p>\n<p><span class=\"text1noticias\">Sobre el proyecto<\/span><\/p>\n<\/p>\n<p><span class=\"text1noticias\">El proyecto incluye adem\u00e1s de la construcci\u00f3n, el equipamiento de estas nuevas unidades con todos los equipos m\u00e9dicos, mobiliario y art\u00edculos requeridos conforme a los est\u00e1ndares de habilitaci\u00f3n establecidos por la normativa de la Direcci\u00f3n Nacional de Habilitaci\u00f3n del Ministerio de Salud P\u00fablica, de manera que los mismos queden en capacidad de ofrecer atenci\u00f3n m\u00e9dica de alta calidad a la poblaci\u00f3n.  <\/span><\/p>\n<\/p>\n<p><span class=\"text1noticias\">Entre los servicios que brindar\u00e1n estos centros se encuentran: consulta por demanda o programadas, planificaci\u00f3n familiar, prevenci\u00f3n del aborto provocado y el embarazo no deseado, educaci\u00f3n maternal, atenci\u00f3n a la embarazada, seguimiento al embarazo normal y puerperio. Tambi\u00e9n atenci\u00f3n a ni\u00f1os y ni\u00f1as, inmunizaciones seg\u00fan el esquema nacional de vacunaci\u00f3n y seguimiento en el domicilio a los afectados de enfermedades terminales y ancianos de alto riesgo.<\/span><\/p>\n<\/p>\n<p><span class=\"text1noticias\">Tambi\u00e9n se ofrecer\u00e1 atenci\u00f3n a afectados de enfermedades cr\u00f3nicas, vacunaci\u00f3n en los adultos de riesgo alto, cirug\u00eda menor, salud mental orientada a los trastornos psicoafectivos, consumo de alcohol y drogadicci\u00f3n.<\/span><\/p>\n<\/p>\n<p><span class=\"text1noticias\">Otros servicios ser\u00e1n la promoci\u00f3n de la salud sobre temas prioritarios, atenci\u00f3n al parto de emergencia y su referimiento al segundo nivel de atenci\u00f3n, atenci\u00f3n a los problemas relativos a la nutrici\u00f3n y programas para detecci\u00f3n de c\u00e1ncer c\u00e9rvicouterino, de mama y pr\u00f3stata.<\/span><\/p>\n<\/p>\n<p><span class=\"text1noticias\">Para la tambi\u00e9n coordinadora del Gabinete de Coordinaci\u00f3n de las Pol\u00edticas Sociales del Gobierno,Margarita Cede\u00f1o, mejorar la calidad de los servicios en salud  y el acceso a los mismos, en este primer nivel de atenci\u00f3n, es vital para que las familias que se benefician de los programas sociales y puedan cumplir con sus corresponsabilidades en el \u00e1rea de la salud.<\/span><\/p>\n<\/p>\n<p><span class=\"text1noticias\">Las acciones para el fortalecimiento del sector salud que ejecuta el Gabinete Social se desprenden del acuerdo de colaboraci\u00f3n al cual arribaron las entidades el 17 de enero del 2013.Desde esa fecha el Gabinete Social y el Ministerio de Salud P\u00fablica ejecutan acciones en beneficio de la salud de la poblaci\u00f3n en general, y en particular de las familias pertenecientes al programa Progresando con Solidaridad (Prosoli).<\/span><\/p>\n<\/p>\n<p><span class=\"text1noticias\">Para permanecer en Prosoli los beneficiarios deben cumplir corresponsabilidades como la atenci\u00f3n al embarazo, parto y puerperio, consultas peri\u00f3dicas de los ni\u00f1os y ni\u00f1as, cumplimiento de las inmunizaciones, acciones de prevenci\u00f3n del embarazo en los adolescentes y atenci\u00f3n de salud de los envejecientes.<\/span><\/p>\n<\/p>\n<p><span class=\"text1noticias\">Estos  esfuerzos est\u00e1n dirigidos fundamentalmente a mejorar la calidad de los servicios ofrecidos en el primer nivel de atenci\u00f3n, articular acciones dirigidas a la promoci\u00f3n de la salud, prevenci\u00f3n de enfermedades y atenci\u00f3n m\u00e9dica oportuna y de calidad, especialmente a los grupos m\u00e1s vulnerables de la poblaci\u00f3n<\/span>.<\/p>\n<h6> 2016-02-16 17:10:55 <\/h6>\n<p><!--\n<link rel=\"stylesheet\" href=\"css\/bootstrap.min.css\">\n\n\n<ul class=\"pagination\">\n\t    \n\t\n\n<li >\n\t<a href='?page_no=13677'>Previous<\/a>\n\t<\/li>\n\n\n       \n    \n\n<li><a href='?page_no=1'>1<\/a><\/li>\n\n\n\n<li><a href='?page_no=2'>2<\/a><\/li>\n\n\n\n<li><a>...<\/a><\/li>\n\n\n\n<li><a href='?page_no=13676'>13676<\/a><\/li>\n\n\n\n<li><a href='?page_no=13677'>13677<\/a><\/li>\n\n\n\n<li class='active'><a>13678<\/a><\/li>\n\n\n\n<li><a href='?page_no=13679'>13679<\/a><\/li>\n\n\n\n<li><a href='?page_no=13680'>13680<\/a><\/li>\n\n\n\n<li><a>...<\/a><\/li>\n\n\n\n<li><a href='?page_no=56169'>56169<\/a><\/li>\n\n\n\n<li><a href='?page_no=56170'>56170<\/a><\/li>\n\n    \n\t\n\n<li >\n\t<a href='?page_no=13679'>Next<\/a>\n\t<\/li>\n\n\n    \n\n<li><a href='?page_no=56170'>Last &rsaquo;&rsaquo;<\/a><\/li>\n\n<\/ul>\n\n\n--><br \/>\n<\/body><\/p>\n","protected":false},"excerpt":{"rendered":"<p>Santo Domingo, RD, 16 de febrero.-La vicepresidenta de la Rep\u00fablica, doctora Margarita Cede\u00f1o, inaugur\u00f3 tres Centros de Primer Nivel de Atenci\u00f3n de Salud (CPN) en Santo Domingo Este, con lo que da inicio a la puesta en funcionamiento 42 nuevos centrosy la rehabilitaci\u00f3n de otros 112, para as\u00ed mejorar los servicios a la poblaci\u00f3n y [&hellip;]<\/p>\n","protected":false},"author":3,"featured_media":0,"comment_status":"open","ping_status":"open","sticky":false,"template":"","format":"standard","meta":{"footnotes":""},"categories":[20],"tags":[],"class_list":["post-219346","post","type-post","status-publish","format-standard","hentry","category-dominicana-hoy"],"_links":{"self":[{"href":"https:\/\/diariodominicano.com\/index.php?rest_route=\/wp\/v2\/posts\/219346","targetHints":{"allow":["GET"]}}],"collection":[{"href":"https:\/\/diariodominicano.com\/index.php?rest_route=\/wp\/v2\/posts"}],"about":[{"href":"https:\/\/diariodominicano.com\/index.php?rest_route=\/wp\/v2\/types\/post"}],"author":[{"embeddable":true,"href":"https:\/\/diariodominicano.com\/index.php?rest_route=\/wp\/v2\/users\/3"}],"replies":[{"embeddable":true,"href":"https:\/\/diariodominicano.com\/index.php?rest_route=%2Fwp%2Fv2%2Fcomments&post=219346"}],"version-history":[{"count":0,"href":"https:\/\/diariodominicano.com\/index.php?rest_route=\/wp\/v2\/posts\/219346\/revisions"}],"wp:attachment":[{"href":"https:\/\/diariodominicano.com\/index.php?rest_route=%2Fwp%2Fv2%2Fmedia&parent=219346"}],"wp:term":[{"taxonomy":"category","embeddable":true,"href":"https:\/\/diariodominicano.com\/index.php?rest_route=%2Fwp%2Fv2%2Fcategories&post=219346"},{"taxonomy":"post_tag","embeddable":true,"href":"https:\/\/diariodominicano.com\/index.php?rest_route=%2Fwp%2Fv2%2Ftags&post=219346"}],"curies":[{"name":"wp","href":"https:\/\/api.w.org\/{rel}","templated":true}]}}