{"id":219345,"date":"2016-02-17T04:44:17","date_gmt":"2016-02-17T04:44:17","guid":{"rendered":"http:\/\/diariodominicano.ddns.net\/?p=219345"},"modified":"2016-02-17T04:44:17","modified_gmt":"2016-02-17T04:44:17","slug":"leonardo-boff-en-conferencia-se-requiere-convivencia-armoniosa-con-la-naturaleza","status":"publish","type":"post","link":"https:\/\/diariodominicano.com\/?p=219345","title":{"rendered":"Leonardo Boff en conferencia: \u00abSe requiere convivencia armoniosa con la naturaleza\u00bb"},"content":{"rendered":"<p><body><\/p>\n<p><img decoding=\"async\" src=\"img3\/lbunnamed.jpg\" \/><br \/><img decoding=\"async\" src=\"img3\/b3unnamed.jpg\" \/><br \/><img decoding=\"async\" src=\"img3\/biunnamed.jpg\" \/>  <\/p>\n<p><strong>SANTO DOMINGO, RD, (DICOM) 17 de Febrero de 2016.-<\/strong> El te\u00f3logo y humanista Leonardo Boff llam\u00f3 ayer  a cultivar una relaci\u00f3n de convivencia armoniosa con la naturaleza, como \u00fanica forma de garantizar el futuro de la humanidad y de la tierra.<\/p>\n<\/p>\n<p>El reputado ecologista habl\u00f3 en esos t\u00e9rminos al pronunciar la conferencia magistral \u00abLos Retos de Am\u00e9rica Latina y el Caribe en el Contexto de los Objetivos de Desarrollo Sostenible\u00bb, que cont\u00f3 con la asistencia del presidente Danilo Medina y la vicepresidenta Margarita Cede\u00f1o de Fern\u00e1ndez.<\/p>\n<\/p>\n<p>Cambiar la relaci\u00f3n con la naturaleza <\/p>\n<\/p>\n<p>En su exposici\u00f3n ante funcionarios del Gobierno e invitados especiales, el adem\u00e1s fil\u00f3sofo y profesor observ\u00f3, que urge cambiar la relaci\u00f3n con la naturaleza, a los fines de que no sea de dominaci\u00f3n, sino de convivencia.<\/p>\n<p>Signific\u00f3 que se hace necesario en estos nuevos tiempos ligar a la naturaleza como principio de vida y no tratarla como un bien de mercado, destacando que como decidiera la Organizaci\u00f3n de las Naciones Unidas (ONU), el agua es un derecho esencial.<\/p>\n<\/p>\n<p>Tierra y naturaleza, fundamentales para la vida<\/p>\n<\/p>\n<p>\u00abEl reto es entender que Tierra y naturaleza son fundamentales para la vida, no son medios de riqueza y producci\u00f3n para el mercado\u00bb, indic\u00f3 Boff, al momento de adelantar que el siglo XXI ser\u00e1 el siglo de los derechos de la Madre Tierra.<\/p>\n<p><strong>La madre est\u00e1 enferma y hay que cuidarla<\/strong><\/p>\n<\/p>\n<p>Sostuvo que se debe desarrollar una cultura para preservar los elementos de la naturaleza, al momento de observar que la Madre Tierra est\u00e1 enferma y se requiere cuanto antes cuidarla.<\/p>\n<\/p>\n<p>\u00abTenemos las bondades de la naturaleza y tenemos que repartirla equitativamente a toda la comunidad, pensando en los animales tambi\u00e9n\u00bb, dijo el experto, al insistir que se debe cambiar la mente.<\/p>\n<\/p>\n<p>El buen vivir para superar la crisis<\/p>\n<p>Al referirse a la crisis que vive el mundo desde el 2008, Leonardo Boff expres\u00f3 que \u00abyo estoy profundamente convencido de que al superar la crisis que estamos viviendo, uno de los valores fundamentales ser\u00e1 el bien vivir\u00bb.<\/p>\n<\/p>\n<p><strong>Pensar en el pa\u00eds que se quiere<\/strong><\/p>\n<\/p>\n<p>El autor te\u00f3logo invit\u00f3 a los dominicanos a pensar juntos en qu\u00e9 tipo de Rep\u00fablica Dominicana se quiere, siempre pensando en el bien com\u00fan y no en el inter\u00e9s particular.<\/p>\n<\/p>\n<\/p>\n<p><strong>Una reserva mundial <\/strong><\/p>\n<\/p>\n<p>Destac\u00f3 que Am\u00e9rica Latina es una gran reserva para el ecosistema mundial, toda vez que es el continente que m\u00e1s agua tiene y los m\u00e1s grandes bosques h\u00famedos de la Tierra, los que nos hace la principal reserva para la producci\u00f3n de alimentos.<\/p>\n<\/p>\n<p>Las palabras de bienvenida a la ceremonia fueron pronunciadas por el  ministro de la Presidencia, Gustavo Montalvo, quien destac\u00f3 el compromiso de Boff por la lucha por una cristiandad abierta y tolerante; la b\u00fasqueda de un mundo menos desigual; la permanente lucha por la \u00e9tica y la transparencia en los asuntos p\u00fablicos y la preservaci\u00f3n de la tierra.<\/p>\n<\/p>\n<p><strong>Vaticina \u00e9xito del proyecto Cultivando Agua Buena<\/strong><\/p>\n<\/p>\n<p>El funcionario vaticin\u00f3 el \u00e9xito del proyecto Cultivando Agua Buena suscrito con el gobierno de Brasil y que busca impulsar un cambio profundo a favor de nuestros ecosistemas y de nuestras comunidades.<\/p>\n<p>\u00abLo que hemos logrado hasta ahora nos llena de optimismo, porque ha logrado reunir las energ\u00edas de actores claves para tener resultados reales. En la fase piloto del proyecto seleccionamos tres microcuencas, pertenecientes a las tres principales cuencas hidrogr\u00e1ficas del pa\u00eds\u00bb, dijo Montalvo.<\/p>\n<\/p>\n<p>La actividad reuni\u00f3 tambi\u00e9n a los ministros de Relaciones Exteriores, Andr\u00e9s Navarro; de Energ\u00eda y Minas,  Antonio Isa Conde; de Econom\u00eda, Planificaci\u00f3n y Desarrollo, Tem\u00edstocles Mont\u00e1s; de Educaci\u00f3n Superior, Ciencia y Tecnolog\u00eda, Ligia Amada Melo y de Medio Ambiente,  Bautista Rojas G\u00f3mez.<\/p>\n<\/p>\n<p>Estuvieron en la ceremonia, adem\u00e1s, el asistente especial del Presidente, Robert de la Cruz, as\u00ed como Mar\u00eda Cristina Pereyra Da Silva, ministra representante de la Embajada de Brasil, miembros de la delegaci\u00f3n brasile\u00f1a en el pa\u00eds, funcionarios e invitados especiales.<\/p>\n<h6> 2016-02-17 04:44:17 <\/h6>\n<p><!--\n<link rel=\"stylesheet\" href=\"css\/bootstrap.min.css\">\n\n\n<ul class=\"pagination\">\n\t    \n\t\n\n<li >\n\t<a href='?page_no=13676'>Previous<\/a>\n\t<\/li>\n\n\n       \n    \n\n<li><a href='?page_no=1'>1<\/a><\/li>\n\n\n\n<li><a href='?page_no=2'>2<\/a><\/li>\n\n\n\n<li><a>...<\/a><\/li>\n\n\n\n<li><a href='?page_no=13675'>13675<\/a><\/li>\n\n\n\n<li><a href='?page_no=13676'>13676<\/a><\/li>\n\n\n\n<li class='active'><a>13677<\/a><\/li>\n\n\n\n<li><a href='?page_no=13678'>13678<\/a><\/li>\n\n\n\n<li><a href='?page_no=13679'>13679<\/a><\/li>\n\n\n\n<li><a>...<\/a><\/li>\n\n\n\n<li><a href='?page_no=56169'>56169<\/a><\/li>\n\n\n\n<li><a href='?page_no=56170'>56170<\/a><\/li>\n\n    \n\t\n\n<li >\n\t<a href='?page_no=13678'>Next<\/a>\n\t<\/li>\n\n\n    \n\n<li><a href='?page_no=56170'>Last &rsaquo;&rsaquo;<\/a><\/li>\n\n<\/ul>\n\n\n--><br \/>\n<\/body><\/p>\n","protected":false},"excerpt":{"rendered":"<p>SANTO DOMINGO, RD, (DICOM) 17 de Febrero de 2016.- El te\u00f3logo y humanista Leonardo Boff llam\u00f3 ayer a cultivar una relaci\u00f3n de convivencia armoniosa con la naturaleza, como \u00fanica forma de garantizar el futuro de la humanidad y de la tierra. El reputado ecologista habl\u00f3 en esos t\u00e9rminos al pronunciar la conferencia magistral \u00abLos Retos [&hellip;]<\/p>\n","protected":false},"author":3,"featured_media":0,"comment_status":"open","ping_status":"open","sticky":false,"template":"","format":"standard","meta":{"footnotes":""},"categories":[20],"tags":[],"class_list":["post-219345","post","type-post","status-publish","format-standard","hentry","category-dominicana-hoy"],"_links":{"self":[{"href":"https:\/\/diariodominicano.com\/index.php?rest_route=\/wp\/v2\/posts\/219345","targetHints":{"allow":["GET"]}}],"collection":[{"href":"https:\/\/diariodominicano.com\/index.php?rest_route=\/wp\/v2\/posts"}],"about":[{"href":"https:\/\/diariodominicano.com\/index.php?rest_route=\/wp\/v2\/types\/post"}],"author":[{"embeddable":true,"href":"https:\/\/diariodominicano.com\/index.php?rest_route=\/wp\/v2\/users\/3"}],"replies":[{"embeddable":true,"href":"https:\/\/diariodominicano.com\/index.php?rest_route=%2Fwp%2Fv2%2Fcomments&post=219345"}],"version-history":[{"count":0,"href":"https:\/\/diariodominicano.com\/index.php?rest_route=\/wp\/v2\/posts\/219345\/revisions"}],"wp:attachment":[{"href":"https:\/\/diariodominicano.com\/index.php?rest_route=%2Fwp%2Fv2%2Fmedia&parent=219345"}],"wp:term":[{"taxonomy":"category","embeddable":true,"href":"https:\/\/diariodominicano.com\/index.php?rest_route=%2Fwp%2Fv2%2Fcategories&post=219345"},{"taxonomy":"post_tag","embeddable":true,"href":"https:\/\/diariodominicano.com\/index.php?rest_route=%2Fwp%2Fv2%2Ftags&post=219345"}],"curies":[{"name":"wp","href":"https:\/\/api.w.org\/{rel}","templated":true}]}}