{"id":219344,"date":"2016-02-17T04:54:56","date_gmt":"2016-02-17T04:54:56","guid":{"rendered":"http:\/\/diariodominicano.ddns.net\/?p=219344"},"modified":"2016-02-17T04:54:56","modified_gmt":"2016-02-17T04:54:56","slug":"leonardo-boff-danilo-medina-gobierna-llevando-el-pueblo-en-su-corazon","status":"publish","type":"post","link":"https:\/\/diariodominicano.com\/?p=219344","title":{"rendered":"Leonardo Boff: \u00abDanilo Medina gobierna llevando el pueblo en su coraz\u00f3n\u00bb"},"content":{"rendered":"<p><body><\/p>\n<p><img decoding=\"async\" src=\"img3\/Leobunnamed.jpg\" \/><br \/><img decoding=\"async\" src=\"img3\/Leo44unnamed.jpg\" \/><br \/><img decoding=\"async\" src=\"img3\/Leo22unnamed.jpg\" \/>  <\/p>\n<p><strong>SANTO DOMINGO, RD, (DICOM) 17 de Febrero de 2016.-<\/strong> El humanista, te\u00f3logo y fil\u00f3sofo brasile\u00f1o, Leonardo Boff, asegur\u00f3 ayer   que el presidente Danilo Medina est\u00e1 cumpliendo con la misi\u00f3n de gobernar actuando y llevando al pueblo dominicano en su coraz\u00f3n.<\/p>\n<\/p>\n<p>El tambi\u00e9n catedr\u00e1tico y ecologista, quien es considerado uno de los fundadores de la Teolog\u00eda de la Liberaci\u00f3n, refiri\u00f3 que gobernar con justicia social es un gesto amoroso para con el pueblo y \u00abpor lo que he escuchado por ah\u00ed, el Presidente est\u00e1 llenando esa misi\u00f3n\u00bb.<\/p>\n<p><strong>Gobierno lo condecora<\/strong><\/p>\n<\/p>\n<p>Las consideraciones del destacado pensador fueron expuestas tras agradecer al presidente Danilo Medina y al Gobierno dominicano por haberlo condecorado con la Orden al M\u00e9rito de Duarte, S\u00e1nchez y Mella, en el grado de Caballero, por su trayectoria.<\/p>\n<\/p>\n<p>La distinci\u00f3n le fue impuesta a Boff, mediante el decreto 13-16, durante una ceremonia donde tambi\u00e9n estuvo presente la vicepresidenta Margarita Cede\u00f1o de Fern\u00e1ndez. En la disposici\u00f3n se tomaron en cuenta los aportes realizados por el ilustre escritor que ha publicado m\u00e1s de 60 t\u00edtulos relacionados a la Teolog\u00eda de la Liberaci\u00f3n.<\/p>\n<\/p>\n<p><strong>La distinci\u00f3n es un reto<\/strong><\/p>\n<\/p>\n<p>Argument\u00f3 que la medalla recibida representa un reto para continuar desarrollando, resistiendo y persistiendo en la lucha que libra a favor de la Madre Tierra, de todos sus hijos e hijas, especialmente los m\u00e1s vulnerables.<\/p>\n<\/p>\n<p>Destac\u00f3 la importancia de que la Rep\u00fablica Dominicana haya suscrito un acuerdo de colaboraci\u00f3n con el proyecto Cultivando Agua Buena, que ejecuta la Rep\u00fablica de Brasil, lo que significa una apertura de la relaci\u00f3n para con la Tierra, \u00abque es una relaci\u00f3n de amistad y de sinergia que es todo lo que necesitamos\u00bb.<\/p>\n<\/p>\n<p>La distinci\u00f3n a Leonardo Boff, quien estuvo acompa\u00f1ado de su esposa, Marcia Mar\u00eda Monteiro de Miranda, le fue otorgada durante una ceremonia, previo a su conferencia magistral \u00abLos Retos de Am\u00e9rica Latina y el Caribe en el Contexto de los Objetivos de Desarrollo Sostenible\u00bb, dictada en el Sal\u00f3n Las Cari\u00e1tides del Palacio Nacional.<\/p>\n<\/p>\n<p>La actividad reuni\u00f3 tambi\u00e9n a los ministros de la Presidencia, Gustavo Montalvo; de Relaciones Exteriores, Andr\u00e9s Navarro; de Energ\u00eda y Minas,  Antonio Isa Conde; de Econom\u00eda, Planificaci\u00f3n y Desarrollo, Tem\u00edstocles Mont\u00e1s; de Educaci\u00f3n Superior, Ciencia y Tecnolog\u00eda, Ligia Amada Melo y de Medio Ambiente, Bautista Rojas G\u00f3mez.<\/p>\n<\/p>\n<p>Otros que estuvieron en la ceremonia fueron el asistente especial del Presidente, Robert de la Cruz, as\u00ed como Mar\u00eda Cristina Pereyra Da Silva, ministra representante de la Embajada de Brasil, miembros de la delegaci\u00f3n brasile\u00f1a en el pa\u00eds, funcionarios e invitados especiales.<\/p>\n<h6> 2016-02-17 04:54:56 <\/h6>\n<p><!--\n<link rel=\"stylesheet\" href=\"css\/bootstrap.min.css\">\n\n\n<ul class=\"pagination\">\n\t    \n\t\n\n<li >\n\t<a href='?page_no=13675'>Previous<\/a>\n\t<\/li>\n\n\n       \n    \n\n<li><a href='?page_no=1'>1<\/a><\/li>\n\n\n\n<li><a href='?page_no=2'>2<\/a><\/li>\n\n\n\n<li><a>...<\/a><\/li>\n\n\n\n<li><a href='?page_no=13674'>13674<\/a><\/li>\n\n\n\n<li><a href='?page_no=13675'>13675<\/a><\/li>\n\n\n\n<li class='active'><a>13676<\/a><\/li>\n\n\n\n<li><a href='?page_no=13677'>13677<\/a><\/li>\n\n\n\n<li><a href='?page_no=13678'>13678<\/a><\/li>\n\n\n\n<li><a>...<\/a><\/li>\n\n\n\n<li><a href='?page_no=56169'>56169<\/a><\/li>\n\n\n\n<li><a href='?page_no=56170'>56170<\/a><\/li>\n\n    \n\t\n\n<li >\n\t<a href='?page_no=13677'>Next<\/a>\n\t<\/li>\n\n\n    \n\n<li><a href='?page_no=56170'>Last &rsaquo;&rsaquo;<\/a><\/li>\n\n<\/ul>\n\n\n--><br \/>\n<\/body><\/p>\n","protected":false},"excerpt":{"rendered":"<p>SANTO DOMINGO, RD, (DICOM) 17 de Febrero de 2016.- El humanista, te\u00f3logo y fil\u00f3sofo brasile\u00f1o, Leonardo Boff, asegur\u00f3 ayer que el presidente Danilo Medina est\u00e1 cumpliendo con la misi\u00f3n de gobernar actuando y llevando al pueblo dominicano en su coraz\u00f3n. El tambi\u00e9n catedr\u00e1tico y ecologista, quien es considerado uno de los fundadores de la Teolog\u00eda [&hellip;]<\/p>\n","protected":false},"author":3,"featured_media":0,"comment_status":"open","ping_status":"open","sticky":false,"template":"","format":"standard","meta":{"footnotes":""},"categories":[20],"tags":[],"class_list":["post-219344","post","type-post","status-publish","format-standard","hentry","category-dominicana-hoy"],"_links":{"self":[{"href":"https:\/\/diariodominicano.com\/index.php?rest_route=\/wp\/v2\/posts\/219344","targetHints":{"allow":["GET"]}}],"collection":[{"href":"https:\/\/diariodominicano.com\/index.php?rest_route=\/wp\/v2\/posts"}],"about":[{"href":"https:\/\/diariodominicano.com\/index.php?rest_route=\/wp\/v2\/types\/post"}],"author":[{"embeddable":true,"href":"https:\/\/diariodominicano.com\/index.php?rest_route=\/wp\/v2\/users\/3"}],"replies":[{"embeddable":true,"href":"https:\/\/diariodominicano.com\/index.php?rest_route=%2Fwp%2Fv2%2Fcomments&post=219344"}],"version-history":[{"count":0,"href":"https:\/\/diariodominicano.com\/index.php?rest_route=\/wp\/v2\/posts\/219344\/revisions"}],"wp:attachment":[{"href":"https:\/\/diariodominicano.com\/index.php?rest_route=%2Fwp%2Fv2%2Fmedia&parent=219344"}],"wp:term":[{"taxonomy":"category","embeddable":true,"href":"https:\/\/diariodominicano.com\/index.php?rest_route=%2Fwp%2Fv2%2Fcategories&post=219344"},{"taxonomy":"post_tag","embeddable":true,"href":"https:\/\/diariodominicano.com\/index.php?rest_route=%2Fwp%2Fv2%2Ftags&post=219344"}],"curies":[{"name":"wp","href":"https:\/\/api.w.org\/{rel}","templated":true}]}}