{"id":219343,"date":"2016-02-17T07:03:02","date_gmt":"2016-02-17T07:03:02","guid":{"rendered":"http:\/\/diariodominicano.ddns.net\/?p=219343"},"modified":"2016-02-17T07:03:02","modified_gmt":"2016-02-17T07:03:02","slug":"ligeros-incrementos-nubosos-en-horas-de-la-tarde","status":"publish","type":"post","link":"https:\/\/diariodominicano.com\/?p=219343","title":{"rendered":"Ligeros incrementos nubosos en horas de la tarde"},"content":{"rendered":"<p><body><\/p>\n<p>Santo Domingo RD 17 febrero.- Para el d\u00eda de hoy se prev\u00e9 una disminuci\u00f3n de las precipitaciones con relaci\u00f3n a d\u00edas anteriores, debido a la incursi\u00f3n de una masa de aire con menor contenido de humedad, por lo tanto, solo se presentaran ligeros incrementos nubosos con lluvias que ser\u00e1n generalmente d\u00e9biles hacia las provincias del Seibo, Hato Mayor, Monte Plata, Saman\u00e1, La Vega, Monse\u00f1or Nouel, Santiago, Santiago Rodr\u00edguez y Dajabon.<\/p>\n<\/p>\n<p>Para ma\u00f1ana jueves el acercamiento de una vaguada asociada a un sistema frontal que actualmente se localiza en la porci\u00f3n occidental de Cuba, estar\u00e1 incidiendo en las condiciones del tiempo y generando nublados con lluvias d\u00e9biles, siendo moderadas localmente, hacia las regiones noreste, noroeste, norte y la cordillera Central.<\/p>\n<\/p>\n<p>Las temperaturas ser\u00e1n agradables en la noche como consecuencia de la \u00e9poca del a\u00f1o, esper\u00e1ndose que sean frescas a partir del jueves debido a un giro gradual del viento hacia el noreste.<\/p>\n<\/p>\n<p>La Oficina Nacional de Meteorolog\u00eda (ONAMET), mantiene la recomendaci\u00f3n a los operadores de las fr\u00e1giles y peque\u00f1as embarcaciones de la costa Atl\u00e1ntica de permanecer en puerto, debido al viento y olas anormales, mientras que en la costa caribe\u00f1a deben navegar cerca del per\u00edmetro costero y no aventurarse mar adentro.<\/p>\n<\/p>\n<p>Distrito Nacional.             Medio nublado en ocasiones.<\/p>\n<\/p>\n<p>Santo Domingo norte.     Incrementos nubosos con lluvias ligeras al final de la tarde.<\/p>\n<\/p>\n<p>Santo Domingo Oeste.     Medio nublado en ocasiones.<\/p>\n<\/p>\n<p>Santo Domingo Este.       Medio nublado en ocasiones con lluvias aisladas al final de la tarde.<\/p>\n<\/p>\n<p>El  Gran Santo Domingo.  La temperatura m\u00e1xima estar\u00e1 entre  29\u00baC y 31\u00baC  y la m\u00ednima entre 21\u00baC y 22\u00baC.    <\/p>\n<\/p>\n<p>Resumen.  Lluvias d\u00e9biles hacia algunas provincias del pa\u00eds\u2026Incremento de las precipitaciones para ma\u00f1ana Jueves debido a vaguada asociada a un sistema frontal.<\/p>\n<\/p>\n<p><strong>PRONOSTICO EXTENDIDO<\/strong><\/p>\n<\/p>\n<p>Hoy.  Nubes dispersa en la ma\u00f1ana con ligeros incrementos nubosos en horas de la tarde hacia algunas provincias de las regiones noreste, sureste, noroeste y el centro del pa\u00eds.           <\/p>\n<\/p>\n<p>Jueves.  Nublado con lluvias d\u00e9biles a moderadas localmente hacia las regiones noroeste, noreste, norte, sureste y la cordillera Central.<\/p>\n<\/p>\n<p>Santo Domingo y sus municipios.  Medio nublado a nublado con lluvias d\u00e9biles.<\/p>\n<\/p>\n<p>Distrito Nacional.  Medio nublado en ocasiones con lluvias d\u00e9biles.<\/p>\n<\/p>\n<p>Viernes.  Nublados con lluvias d\u00e9biles a moderadas hacia las regiones noreste, sureste, noroeste, norte y el centro del pa\u00eds.<\/p>\n<\/p>\n<p>Santo Domingo y sus municipios. Medio nublado con lluvias d\u00e9biles.<\/p>\n<\/p>\n<p>Distrito Nacional.  Medio nublado a nublado con lluvias d\u00e9biles en ocasiones.<\/p>\n<\/p>\n<h6> 2016-02-17 07:03:02 <\/h6>\n<p><!--\n<link rel=\"stylesheet\" href=\"css\/bootstrap.min.css\">\n\n\n<ul class=\"pagination\">\n\t    \n\t\n\n<li >\n\t<a href='?page_no=13674'>Previous<\/a>\n\t<\/li>\n\n\n       \n    \n\n<li><a href='?page_no=1'>1<\/a><\/li>\n\n\n\n<li><a href='?page_no=2'>2<\/a><\/li>\n\n\n\n<li><a>...<\/a><\/li>\n\n\n\n<li><a href='?page_no=13673'>13673<\/a><\/li>\n\n\n\n<li><a href='?page_no=13674'>13674<\/a><\/li>\n\n\n\n<li class='active'><a>13675<\/a><\/li>\n\n\n\n<li><a href='?page_no=13676'>13676<\/a><\/li>\n\n\n\n<li><a href='?page_no=13677'>13677<\/a><\/li>\n\n\n\n<li><a>...<\/a><\/li>\n\n\n\n<li><a href='?page_no=56169'>56169<\/a><\/li>\n\n\n\n<li><a href='?page_no=56170'>56170<\/a><\/li>\n\n    \n\t\n\n<li >\n\t<a href='?page_no=13676'>Next<\/a>\n\t<\/li>\n\n\n    \n\n<li><a href='?page_no=56170'>Last &rsaquo;&rsaquo;<\/a><\/li>\n\n<\/ul>\n\n\n--><br \/>\n<\/body><\/p>\n","protected":false},"excerpt":{"rendered":"<p>Santo Domingo RD 17 febrero.- Para el d\u00eda de hoy se prev\u00e9 una disminuci\u00f3n de las precipitaciones con relaci\u00f3n a d\u00edas anteriores, debido a la incursi\u00f3n de una masa de aire con menor contenido de humedad, por lo tanto, solo se presentaran ligeros incrementos nubosos con lluvias que ser\u00e1n generalmente d\u00e9biles hacia las provincias del [&hellip;]<\/p>\n","protected":false},"author":3,"featured_media":0,"comment_status":"open","ping_status":"open","sticky":false,"template":"","format":"standard","meta":{"footnotes":""},"categories":[20],"tags":[],"class_list":["post-219343","post","type-post","status-publish","format-standard","hentry","category-dominicana-hoy"],"_links":{"self":[{"href":"https:\/\/diariodominicano.com\/index.php?rest_route=\/wp\/v2\/posts\/219343","targetHints":{"allow":["GET"]}}],"collection":[{"href":"https:\/\/diariodominicano.com\/index.php?rest_route=\/wp\/v2\/posts"}],"about":[{"href":"https:\/\/diariodominicano.com\/index.php?rest_route=\/wp\/v2\/types\/post"}],"author":[{"embeddable":true,"href":"https:\/\/diariodominicano.com\/index.php?rest_route=\/wp\/v2\/users\/3"}],"replies":[{"embeddable":true,"href":"https:\/\/diariodominicano.com\/index.php?rest_route=%2Fwp%2Fv2%2Fcomments&post=219343"}],"version-history":[{"count":0,"href":"https:\/\/diariodominicano.com\/index.php?rest_route=\/wp\/v2\/posts\/219343\/revisions"}],"wp:attachment":[{"href":"https:\/\/diariodominicano.com\/index.php?rest_route=%2Fwp%2Fv2%2Fmedia&parent=219343"}],"wp:term":[{"taxonomy":"category","embeddable":true,"href":"https:\/\/diariodominicano.com\/index.php?rest_route=%2Fwp%2Fv2%2Fcategories&post=219343"},{"taxonomy":"post_tag","embeddable":true,"href":"https:\/\/diariodominicano.com\/index.php?rest_route=%2Fwp%2Fv2%2Ftags&post=219343"}],"curies":[{"name":"wp","href":"https:\/\/api.w.org\/{rel}","templated":true}]}}