{"id":219342,"date":"2016-02-17T09:27:05","date_gmt":"2016-02-17T09:27:05","guid":{"rendered":"http:\/\/diariodominicano.ddns.net\/?p=219342"},"modified":"2016-02-17T09:27:05","modified_gmt":"2016-02-17T09:27:05","slug":"gedeon-advierte-sobre-nuevas-amenazas-que-enfrentara-rd-en-materia-de-ciberseguridad","status":"publish","type":"post","link":"https:\/\/diariodominicano.com\/?p=219342","title":{"rendered":"Gede\u00f3n advierte sobre nuevas amenazas que enfrentar\u00e1 RD en materia de ciberseguridad"},"content":{"rendered":"<p><body><\/p>\n<p><img decoding=\"async\" src=\"img3\/gede 1.jpg\" \/>  <\/p>\n<p>Santo Domingo RD 17 febrero.- El presidente del Instituto Dominicano de las Telecomunicaciones (Indotel), Gedeon Santos, advirti\u00f3 hoy que la lucha contra las amenazas a la seguridad cibern\u00e9tica va m\u00e1s all\u00e1 de \u00abfactores legales o tecnol\u00f3gicos\u00bb, y llam\u00f3 a valorar las causas psicol\u00f3gicas y sociol\u00f3gicas que permitan determinar cu\u00e1les ser\u00e1n las nuevas coacciones que se enfrentar\u00e1 en materia de ciberseguridad en un futuro cercano.<\/p>\n<\/p>\n<p>En tal sentido, el funcionario anunci\u00f3 el desarrollo de una Estrategia Nacional de Seguridad Cibern\u00e9tica en la Rep\u00fablica Dominicana, que contar\u00e1 con apoyo t\u00e9cnico de la Organizaci\u00f3n de Estados Americanos (OEA).<\/p>\n<\/p>\n<p>Sostuvo que como pa\u00eds a\u00fan tenemos muchos retos que enfrentar en materia de seguridad cibern\u00e9tica, raz\u00f3n por la que el Indotel se ha abocado a la creaci\u00f3n, conjuntamente con otras instituciones, del Centro Nacional de Respuesta a Incidentes Cibern\u00e9ticos.<\/p>\n<\/p>\n<p>Explic\u00f3 que el Centro tendr\u00e1 entre sus objetivos b\u00e1sicos, \u00abprevenir los ataques cibern\u00e9ticos contra las infraestructuras cr\u00edticas del Estado, reducir las vulnerabilidades y minimizar los tiempos de respuesta para la recuperaci\u00f3n ante los ataques cibern\u00e9ticos\u00bb.<\/p>\n<\/p>\n<p>Gede\u00f3n hizo sus se\u00f1alamientos en el discurso de apertura del \u00abEncuentro Interinstitucional para el Desarrollo de una Estrategia Nacional de Seguridad Cibern\u00e9tica de la Rep\u00fablica Dominicana\u00bb, que se inaugur\u00f3 este mi\u00e9rcoles 17 en el hotel Barcel\u00f3 Santo Domingo, con la asistencia de expertos nacionales e internacionales, as\u00ed como de unos doscientos representantes de instituciones p\u00fablicas y privadas del pa\u00eds.<\/p>\n<\/p>\n<p>\u00abLa principal problem\u00e1tica para enfrentar los asuntos de seguridad cibern\u00e9tica es que no hay una \u00fanica soluci\u00f3n para luchar contra estas amenazas, adem\u00e1s que no es posible limitar su soluci\u00f3n exclusivamente a factores legales o tecnol\u00f3gicos\u00bb, expres\u00f3 Gede\u00f3n, y agreg\u00f3: \u00abEs necesario adem\u00e1s valorar factores psicol\u00f3gicos y sociol\u00f3gicos que nos permitan determinar cu\u00e1les ser\u00e1n las nuevas amenazas que enfrentaremos en un futuro cercano\u00bb.<\/p>\n<\/p>\n<p>En este sentido, Gede\u00f3n manifest\u00f3 que deben plantearse retos de orden social, econ\u00f3mico, pol\u00edtico y humano. \u00abSe presenta la imperiosa necesidad de proteger las infraestructuras interconectadas y actuar ante estas amenazas, mediante acciones coordinadas a nivel nacional e internacional\u00bb, enfatiz\u00f3.<\/p>\n<\/p>\n<\/p>\n<p>Precis\u00f3 que estas acciones deben estar dirigidas \u00aba prevenir, responder y recuperarse de los cr\u00edmenes y delitos que pueden ser cometidos a trav\u00e9s de las infraestructuras inform\u00e1ticas y de telecomunicaciones, tales como el secuestro clandestino de un sistema, la denegaci\u00f3n de servicio, la destrucci\u00f3n o robo de datos sensibles\u00bb.<\/p>\n<\/p>\n<p>Tambi\u00e9n, advertir la pirater\u00eda de las redes de telecomunicaciones o \u00abhacking\u00bb, el robo de identidad o \u00abphishing\u00bb, la penetraci\u00f3n en la protecci\u00f3n de los programas inform\u00e1ticos o \u00abcracking\u00bb y la manipulaci\u00f3n fraudulenta de las conexiones telef\u00f3nicas, entre las que se encuentran el sabotaje y secuestro de las centrales telef\u00f3nicas.<\/p>\n<\/p>\n<p>Signific\u00f3 que se debe tener en cuenta que todos ellos \u00abtienen consecuencias negativas tanto para los individuos y organizaciones que las padecen como para el Estado en general\u00bb.<\/p>\n<\/p>\n<p>Expres\u00f3 que la integraci\u00f3n de las telecomunicaciones y de las tecnolog\u00edas de la informaci\u00f3n y la comunicaci\u00f3n (TIC) han promovido una gran y creciente dependencia de la informaci\u00f3n y de las TIC por parte de los individuos, organizaciones y los gobiernos interconectados a nivel mundial, convirtiendo las redes en esenciales para la seguridad nacional, el bienestar econ\u00f3mico y la cohesi\u00f3n social para todas las naciones.<\/p>\n<\/p>\n<p>\u00abSin embargo, estas mismas tecnolog\u00edas que han provocado grandes avances socioecon\u00f3micos son, asimismo, causa de la aparici\u00f3n de vulnerabilidades caracterizadas, entre otras, por la gran dependencia de dichos sistemas, la facilidad de su adquisici\u00f3n y utilizaci\u00f3n, la posibilidad de hacerlo a bajo coste y alta velocidad, y la disminuci\u00f3n de las exigencias de seguridad derivada de su r\u00e1pida y progresiva implantaci\u00f3n\u00bb, indic\u00f3.<\/p>\n<\/p>\n<p>Gede\u00f3n se\u00f1al\u00f3 que \u00abtales vulnerabilidades no son desconocidas para individuos y organizaciones criminales y terroristas, que han percibido que las redes de telecomunicaciones y las tecnolog\u00edas de la informaci\u00f3n y comunicaci\u00f3n, son una herramienta extremadamente \u00fatil para la comisi\u00f3n de actividades delictivas.<\/p>\n<\/p>\n<p>Refiri\u00f3 que, en efecto, \u00aben los \u00faltimos a\u00f1os nuestros gobiernos han sido blancos de ciber-ataques por parte de organizaciones criminales o de hackers, la mayor\u00eda de ellos generados en un pa\u00eds y con efectos en otros\u00bb.<\/p>\n<\/p>\n<p>Seg\u00fan el presidente del Indotel, \u00abning\u00fan pa\u00eds, por avanzado que sea, es ajeno a este fen\u00f3meno\u00bb.<\/p>\n<\/p>\n<p>Abog\u00f3 para que la seguridad de los sistemas de informaci\u00f3n sea un asunto prioritario para todos los pa\u00edses, ya que las redes de informaci\u00f3n desempe\u00f1an un papel imprescindible en el desarrollo de la sociedad de la informaci\u00f3n.<\/p>\n<\/p>\n<p>Advirti\u00f3, sin embargo, que la capacidad de respuesta de nuestros pa\u00edses a estas amenazas e incidentes cibern\u00e9ticos, todav\u00eda presenta marcadas debilidades.<\/p>\n<\/p>\n<p>\u00abLas amenazas a la seguridad de la red ?subray\u00f3 el presidente del Indotel-son un problema global y necesitan una soluci\u00f3n global, que involucre a todos los actores.<\/p>\n<\/p>\n<p>Record\u00f3 que en la cuarta sesi\u00f3n plenaria, del 8 de junio de 2004 de la Asamblea General de la Organizaci\u00f3n de los Estados Americanos  se advert\u00eda el fen\u00f3meno, raz\u00f3n que hizo que el organismo regional aprobara la Resoluci\u00f3n AG\/RES. 2004 (XXXIV-O\/04) mediante la cual se adopt\u00f3 la \u00abEstrategia Interamericana Integral de Seguridad Cibern\u00e9tica: un enfoque multidimensional y multidisciplinario para la creaci\u00f3n de una cultura de seguridad cibern\u00e9tica\u00bb.<\/p>\n<\/p>\n<p>Dijo que entonces se reconocieron los verdaderos riesgos planteados por los ciber-ataques y confiaron en la OEA el papel determinante en la coordinaci\u00f3n de esfuerzos regionales en seguridad cibern\u00e9tica, motorizados a trav\u00e9s de la Comisi\u00f3n Interamericana de Telecomunicaciones (CITEL), el Comit\u00e9 Interamericano contra el Terrorismo (CICTE), as\u00ed como la Reuni\u00f3n de Ministros de Justicia u otros Ministros, Procuradores o Fiscales Generales de las Am\u00e9ricas (REMJA), con el apoyo de su Grupo de Trabajo en Delito Cibern\u00e9tico.<\/p>\n<\/p>\n<\/p>\n<p>Proteger infraestructuras cr\u00edticas<\/p>\n<\/p>\n<\/p>\n<p>Gede\u00f3n consider\u00f3 que no solo se trata de proteger a la propia informaci\u00f3n, sino tambi\u00e9n, y no con menos importancia, \u00aba los sistemas de informaci\u00f3n que soportan los servicios esenciales de un pa\u00eds, las infraestructuras cr\u00edticas del Estado, cuya destrucci\u00f3n o p\u00e9rdida de funcionalidad podr\u00eda afectar de forma grave a la econom\u00eda, sociedad y seguridad comunes\u00bb.<\/p>\n<\/p>\n<p>Destac\u00f3 que en la Rep\u00fablica Dominicana han hecho avances significativos en el terreno de la seguridad cibern\u00e9tica y se refiri\u00f3 a la primera de ellas, la Ley No. 53-07 contra cr\u00edmenes y delitos de alta tecnolog\u00eda.<\/p>\n<\/p>\n<p>Explic\u00f3 que esa ley tiene el prop\u00f3sito principal es hacer frente a la preocupaci\u00f3n originada por el r\u00e1pido crecimiento de los peligros y de las graves consecuencias sociales y econ\u00f3micas relacionadas con la cibercriminalidad transfronteriza, incluida la actividad terrorista en Internet y frente a la carencia de previsi\u00f3n de estos cr\u00edmenes y delitos relacionados a las tecnolog\u00edas de informaci\u00f3n y comunicaci\u00f3n en la legislaci\u00f3n penal dominicana.<\/p>\n<\/p>\n<p>Indic\u00f3 que, adicionalmente, como las formas m\u00e1s graves de cibercriminalidad son, la mayor\u00eda de las veces, de car\u00e1cter internacional, la Rep\u00fablica Dominicana reconoci\u00f3 la necesidad de contar con un instrumento eficaz y compatible que refuerce la cooperaci\u00f3n entre Estados, de cara a permitir una toma de conciencia respecto a la necesidad de una legislaci\u00f3n apropiada, basada en normas internacionales en vigor y de una formaci\u00f3n suficiente para combatir los delitos cibern\u00e9ticos.<\/p>\n<\/p>\n<p>Manifest\u00f3 que en tal virtud, el Indotel promovi\u00f3 la adhesi\u00f3n de la Rep\u00fablica Dominicana a la Convenci\u00f3n sobre Ciberdelincuencia del Consejo de Europa, convirti\u00e9ndonos as\u00ed, en el primer pa\u00eds del mundo no signatario en formar parte de tan importante tratado internacional.<\/p>\n<\/p>\n<p>Dijo que de este encuentro surja una voluntad fortalecida, fruto de reflexiones conjuntas, nacionales y regionales, en los \u00e1mbitos p\u00fablicos y privado, de seguridad y defensa, profesionales, investigadores y representantes del poder judicial,  a fin de asegurar los sistemas de informaci\u00f3n y las redes que los soportan y podamos tener esa anhelada Rep\u00fablica Dominicana Digital.<\/p>\n<\/p>\n<h6> 2016-02-17 09:27:05 <\/h6>\n<p><!--\n<link rel=\"stylesheet\" href=\"css\/bootstrap.min.css\">\n\n\n<ul class=\"pagination\">\n\t    \n\t\n\n<li >\n\t<a href='?page_no=13673'>Previous<\/a>\n\t<\/li>\n\n\n       \n    \n\n<li><a href='?page_no=1'>1<\/a><\/li>\n\n\n\n<li><a href='?page_no=2'>2<\/a><\/li>\n\n\n\n<li><a>...<\/a><\/li>\n\n\n\n<li><a href='?page_no=13672'>13672<\/a><\/li>\n\n\n\n<li><a href='?page_no=13673'>13673<\/a><\/li>\n\n\n\n<li class='active'><a>13674<\/a><\/li>\n\n\n\n<li><a href='?page_no=13675'>13675<\/a><\/li>\n\n\n\n<li><a href='?page_no=13676'>13676<\/a><\/li>\n\n\n\n<li><a>...<\/a><\/li>\n\n\n\n<li><a href='?page_no=56169'>56169<\/a><\/li>\n\n\n\n<li><a href='?page_no=56170'>56170<\/a><\/li>\n\n    \n\t\n\n<li >\n\t<a href='?page_no=13675'>Next<\/a>\n\t<\/li>\n\n\n    \n\n<li><a href='?page_no=56170'>Last &rsaquo;&rsaquo;<\/a><\/li>\n\n<\/ul>\n\n\n--><br \/>\n<\/body><\/p>\n","protected":false},"excerpt":{"rendered":"<p>Santo Domingo RD 17 febrero.- El presidente del Instituto Dominicano de las Telecomunicaciones (Indotel), Gedeon Santos, advirti\u00f3 hoy que la lucha contra las amenazas a la seguridad cibern\u00e9tica va m\u00e1s all\u00e1 de \u00abfactores legales o tecnol\u00f3gicos\u00bb, y llam\u00f3 a valorar las causas psicol\u00f3gicas y sociol\u00f3gicas que permitan determinar cu\u00e1les ser\u00e1n las nuevas coacciones que se [&hellip;]<\/p>\n","protected":false},"author":3,"featured_media":0,"comment_status":"open","ping_status":"open","sticky":false,"template":"","format":"standard","meta":{"footnotes":""},"categories":[20],"tags":[],"class_list":["post-219342","post","type-post","status-publish","format-standard","hentry","category-dominicana-hoy"],"_links":{"self":[{"href":"https:\/\/diariodominicano.com\/index.php?rest_route=\/wp\/v2\/posts\/219342","targetHints":{"allow":["GET"]}}],"collection":[{"href":"https:\/\/diariodominicano.com\/index.php?rest_route=\/wp\/v2\/posts"}],"about":[{"href":"https:\/\/diariodominicano.com\/index.php?rest_route=\/wp\/v2\/types\/post"}],"author":[{"embeddable":true,"href":"https:\/\/diariodominicano.com\/index.php?rest_route=\/wp\/v2\/users\/3"}],"replies":[{"embeddable":true,"href":"https:\/\/diariodominicano.com\/index.php?rest_route=%2Fwp%2Fv2%2Fcomments&post=219342"}],"version-history":[{"count":0,"href":"https:\/\/diariodominicano.com\/index.php?rest_route=\/wp\/v2\/posts\/219342\/revisions"}],"wp:attachment":[{"href":"https:\/\/diariodominicano.com\/index.php?rest_route=%2Fwp%2Fv2%2Fmedia&parent=219342"}],"wp:term":[{"taxonomy":"category","embeddable":true,"href":"https:\/\/diariodominicano.com\/index.php?rest_route=%2Fwp%2Fv2%2Fcategories&post=219342"},{"taxonomy":"post_tag","embeddable":true,"href":"https:\/\/diariodominicano.com\/index.php?rest_route=%2Fwp%2Fv2%2Ftags&post=219342"}],"curies":[{"name":"wp","href":"https:\/\/api.w.org\/{rel}","templated":true}]}}