{"id":219340,"date":"2016-02-17T10:46:49","date_gmt":"2016-02-17T10:46:49","guid":{"rendered":"http:\/\/diariodominicano.ddns.net\/?p=219340"},"modified":"2016-02-17T10:46:49","modified_gmt":"2016-02-17T10:46:49","slug":"alcalde-ordena-levantamiento-de-los-danos-provocados-por-la-planta-de-glp-a-las-viviendas-de-la-zona","status":"publish","type":"post","link":"https:\/\/diariodominicano.com\/?p=219340","title":{"rendered":"Alcalde ordena levantamiento de los da\u00f1os provocados por la planta de GLP a las viviendas de la zona"},"content":{"rendered":"<p><body><\/p>\n<p>Santo Domingo RD 17 febrero.El alcalde del Distrito Nacional, Roberto Salcedo visit\u00f3 la planta de GLP Sol Gas que colaps\u00f3 la madrugada de este martes en el sector Los R\u00edos, y de inmediato dispuso un levantamiento para establecer las necesidades de las familias afectadas.<\/p>\n<\/p>\n<p>No obstante, signific\u00f3 que por ahora lo m\u00e1s importante es que las personas que resultaron afectadas sean atendidas para que se puedan recuperar lo antes posible.<\/p>\n<\/p>\n<p>Salcedo explic\u00f3 que dispuso que un equipo de t\u00e9cnicos del Ayuntamiento capitalino haga de inmediato una evaluaci\u00f3n de la situaci\u00f3n, porque se trata de un evento lamentable que puede suceder en cualquier parte de la naci\u00f3n.<\/p>\n<\/p>\n<p>Durante un recorrido de inspecci\u00f3n por las instalaciones de Sol Gas, el ejecutivo de la Capital expres\u00f3 la necesidad de que las instituciones involucradas en otorgar los permisos para la instalaci\u00f3n de plantas de GLP, incluyendo el propio Ayuntamiento del Distrito Nacional, deben ser m\u00e1s rigurosas en sus estudios para autorizar esas empresas.<\/p>\n<\/p>\n<p>\u00abLos bomberos mantienen un rigor en el tratamiento de estos casos, este es un evento lamentable que nos invita a reflexionar sobre el tema\u00bb, refiri\u00f3.<\/p>\n<\/p>\n<p>A seguidas, Salcedo record\u00f3 que antes del ADN otorgar un permiso para la instalaci\u00f3n de una planta de gas, otras instituciones deben dar su visto bueno.<\/p>\n<\/p>\n<p>Explic\u00f3 que la densidad poblacional en torno a la citada planta de GLP se debe a que el permiso fue otorgado en el 1993 cuando la zona a\u00fan no era un punto residencial.<\/p>\n<\/p>\n<p>\u00abDebemos evaluar la situaci\u00f3n, tomar en cuenta los hechos, y cuando rindan un informe las instituciones involucradas en el tema, tomaremos las medidas que sean necesarias\u00bb, agreg\u00f3 Salcedo.<\/p>\n<h6> 2016-02-17 10:46:49 <\/h6>\n<p><!--\n<link rel=\"stylesheet\" href=\"css\/bootstrap.min.css\">\n\n\n<ul class=\"pagination\">\n\t    \n\t\n\n<li >\n\t<a href='?page_no=13671'>Previous<\/a>\n\t<\/li>\n\n\n       \n    \n\n<li><a href='?page_no=1'>1<\/a><\/li>\n\n\n\n<li><a href='?page_no=2'>2<\/a><\/li>\n\n\n\n<li><a>...<\/a><\/li>\n\n\n\n<li><a href='?page_no=13670'>13670<\/a><\/li>\n\n\n\n<li><a href='?page_no=13671'>13671<\/a><\/li>\n\n\n\n<li class='active'><a>13672<\/a><\/li>\n\n\n\n<li><a href='?page_no=13673'>13673<\/a><\/li>\n\n\n\n<li><a href='?page_no=13674'>13674<\/a><\/li>\n\n\n\n<li><a>...<\/a><\/li>\n\n\n\n<li><a href='?page_no=56169'>56169<\/a><\/li>\n\n\n\n<li><a href='?page_no=56170'>56170<\/a><\/li>\n\n    \n\t\n\n<li >\n\t<a href='?page_no=13673'>Next<\/a>\n\t<\/li>\n\n\n    \n\n<li><a href='?page_no=56170'>Last &rsaquo;&rsaquo;<\/a><\/li>\n\n<\/ul>\n\n\n--><br \/>\n<\/body><\/p>\n","protected":false},"excerpt":{"rendered":"<p>Santo Domingo RD 17 febrero.El alcalde del Distrito Nacional, Roberto Salcedo visit\u00f3 la planta de GLP Sol Gas que colaps\u00f3 la madrugada de este martes en el sector Los R\u00edos, y de inmediato dispuso un levantamiento para establecer las necesidades de las familias afectadas. No obstante, signific\u00f3 que por ahora lo m\u00e1s importante es que [&hellip;]<\/p>\n","protected":false},"author":3,"featured_media":0,"comment_status":"open","ping_status":"open","sticky":false,"template":"","format":"standard","meta":{"footnotes":""},"categories":[20],"tags":[],"class_list":["post-219340","post","type-post","status-publish","format-standard","hentry","category-dominicana-hoy"],"_links":{"self":[{"href":"https:\/\/diariodominicano.com\/index.php?rest_route=\/wp\/v2\/posts\/219340","targetHints":{"allow":["GET"]}}],"collection":[{"href":"https:\/\/diariodominicano.com\/index.php?rest_route=\/wp\/v2\/posts"}],"about":[{"href":"https:\/\/diariodominicano.com\/index.php?rest_route=\/wp\/v2\/types\/post"}],"author":[{"embeddable":true,"href":"https:\/\/diariodominicano.com\/index.php?rest_route=\/wp\/v2\/users\/3"}],"replies":[{"embeddable":true,"href":"https:\/\/diariodominicano.com\/index.php?rest_route=%2Fwp%2Fv2%2Fcomments&post=219340"}],"version-history":[{"count":0,"href":"https:\/\/diariodominicano.com\/index.php?rest_route=\/wp\/v2\/posts\/219340\/revisions"}],"wp:attachment":[{"href":"https:\/\/diariodominicano.com\/index.php?rest_route=%2Fwp%2Fv2%2Fmedia&parent=219340"}],"wp:term":[{"taxonomy":"category","embeddable":true,"href":"https:\/\/diariodominicano.com\/index.php?rest_route=%2Fwp%2Fv2%2Fcategories&post=219340"},{"taxonomy":"post_tag","embeddable":true,"href":"https:\/\/diariodominicano.com\/index.php?rest_route=%2Fwp%2Fv2%2Ftags&post=219340"}],"curies":[{"name":"wp","href":"https:\/\/api.w.org\/{rel}","templated":true}]}}