{"id":219339,"date":"2016-02-17T15:48:59","date_gmt":"2016-02-17T15:48:59","guid":{"rendered":"http:\/\/diariodominicano.ddns.net\/?p=219339"},"modified":"2016-02-17T15:48:59","modified_gmt":"2016-02-17T15:48:59","slug":"teologo-leonardo-boff-firma-el-pacto-por-las-aguas-con-comunidades-e-instituciones","status":"publish","type":"post","link":"https:\/\/diariodominicano.com\/?p=219339","title":{"rendered":"Te\u00f3logo Leonardo Boff firma el Pacto por las Aguas con comunidades e instituciones"},"content":{"rendered":"<p><body><\/p>\n<p><img decoding=\"async\" src=\"img3\/boff.jpg\" \/>  <\/p>\n<p><span class=\"text1noticias\">Gurabo, Santiago, RD, 17 de Febrero.- Una treintena de organizaciones, entre ministerios del Estado dominicano, entidades comunales, juntas de vecinos e instituciones no gubernamentales y otras, suscribieron aqu\u00ed el Pacto de las Aguas, con la participaci\u00f3n del te\u00f3logo Leonardo Boff y el ministro de Energ\u00eda y Minas, Antonio Isa Conde.<\/span><\/p>\n<\/p>\n<p><span class=\"text1noticias\">La actividad tuvo lugar en el parque La Mansi\u00f3n del Caf\u00e9, una zona ambientalmente preservada por la Asociaci\u00f3n para el Desarrollo de Santiago (APEDI), entidad que organiz\u00f3 el recibimiento de Boff, su comitiva brasile\u00f1a, los representantes del programa Cultivando Agua Buena y el ministro Isa Conde.<\/span><\/p>\n<\/p>\n<p><span class=\"text1noticias\">El pacto constituye una declaraci\u00f3n de compromiso con el desarrollo integral y sostenible de las comunidades situadas en la parte alta de la microcuenca del Arroyo Gurabo, una de las zonas de ejecuci\u00f3n del programa Cultivando Agua Buena, coordinado por el Ministerio de Energ\u00eda y Minas, con la participaci\u00f3n de otras instancias p\u00fablicas, privadas y de la sociedad civil.<\/span><\/p>\n<\/p>\n<p><span class=\"text1noticias\">Al hacer uso de la palabra en el evento, el te\u00f3logo Boff  salud\u00f3 la dimensi\u00f3n ecol\u00f3gica de los participantes en el programa Cultivando Agua Buena, que cumple un a\u00f1o en la Rep\u00fablica Dominicana, y los inst\u00f3 a ver la tierra \u00abcomo una casa com\u00fan, que se ama, se cuida y se venera.\u00bb<\/span><\/p>\n<\/p>\n<p><span class=\"text1noticias\">Por su lado, Isa Conde sostuvo que la presencia de Boff en el pa\u00eds ha permitido \u00absembrar conciencia\u00bb contra la depredaci\u00f3n, el ataque al ambiente y, particularmente al agua que ?desde su punto de vista- vale m\u00e1s que el oro.<\/span><\/p>\n<\/p>\n<p><span class=\"text1noticias\">Cultivando Agua Buena es un modelo de desarrollo sostenible reconocido por las Naciones Unidas, que es apadrinado por Boff y que cuenta con el apoyo t\u00e9cnico y financiero del gobierno de Brasil, la Agencia Brasile\u00f1a de Cooperaci\u00f3n, la Agencia Nacional de Aguas y la empresa estatal Itaip\u00fa Binacional. <\/span><\/p>\n<\/p>\n<p><span class=\"text1noticias\">El convenio multisectorial recoge las aspiraciones de las comunidades identificadas mediante un proceso participativo que incluy\u00f3 un taller denominado el Muro de los Lamentos, con una lista de los problemas y otro denominado el \u00c1rbol de la Esperanza, en el cual se propusieron soluciones y aspiraciones.<\/span><\/p>\n<\/p>\n<p><span class=\"text1noticias\">Durante el acto se hizo una rese\u00f1a de los procesos realizados hasta la fecha en la microcuenca del Arroyo Gurabo, una representaci\u00f3n de las m\u00edsticas de los elementos del universo (agua, tierra, fuego y aire) y de la paz, personificados por habitantes de las comunidades.<\/span><\/p>\n<\/p>\n<p><span class=\"text1noticias\">Asimismo, se present\u00f3 una poes\u00eda coreada por un grupo de estudiantes, representaciones culturales de la zona y un baile folcl\u00f3rico y de carnaval a cargo del ballet del Centro de la Cultura de Santiago<\/span>.<\/p>\n<h6> 2016-02-17 15:48:59 <\/h6>\n<p><!--\n<link rel=\"stylesheet\" href=\"css\/bootstrap.min.css\">\n\n\n<ul class=\"pagination\">\n\t    \n\t\n\n<li >\n\t<a href='?page_no=13670'>Previous<\/a>\n\t<\/li>\n\n\n       \n    \n\n<li><a href='?page_no=1'>1<\/a><\/li>\n\n\n\n<li><a href='?page_no=2'>2<\/a><\/li>\n\n\n\n<li><a>...<\/a><\/li>\n\n\n\n<li><a href='?page_no=13669'>13669<\/a><\/li>\n\n\n\n<li><a href='?page_no=13670'>13670<\/a><\/li>\n\n\n\n<li class='active'><a>13671<\/a><\/li>\n\n\n\n<li><a href='?page_no=13672'>13672<\/a><\/li>\n\n\n\n<li><a href='?page_no=13673'>13673<\/a><\/li>\n\n\n\n<li><a>...<\/a><\/li>\n\n\n\n<li><a href='?page_no=56169'>56169<\/a><\/li>\n\n\n\n<li><a href='?page_no=56170'>56170<\/a><\/li>\n\n    \n\t\n\n<li >\n\t<a href='?page_no=13672'>Next<\/a>\n\t<\/li>\n\n\n    \n\n<li><a href='?page_no=56170'>Last &rsaquo;&rsaquo;<\/a><\/li>\n\n<\/ul>\n\n\n--><br \/>\n<\/body><\/p>\n","protected":false},"excerpt":{"rendered":"<p>Gurabo, Santiago, RD, 17 de Febrero.- Una treintena de organizaciones, entre ministerios del Estado dominicano, entidades comunales, juntas de vecinos e instituciones no gubernamentales y otras, suscribieron aqu\u00ed el Pacto de las Aguas, con la participaci\u00f3n del te\u00f3logo Leonardo Boff y el ministro de Energ\u00eda y Minas, Antonio Isa Conde. La actividad tuvo lugar en [&hellip;]<\/p>\n","protected":false},"author":3,"featured_media":0,"comment_status":"open","ping_status":"open","sticky":false,"template":"","format":"standard","meta":{"footnotes":""},"categories":[20],"tags":[],"class_list":["post-219339","post","type-post","status-publish","format-standard","hentry","category-dominicana-hoy"],"_links":{"self":[{"href":"https:\/\/diariodominicano.com\/index.php?rest_route=\/wp\/v2\/posts\/219339","targetHints":{"allow":["GET"]}}],"collection":[{"href":"https:\/\/diariodominicano.com\/index.php?rest_route=\/wp\/v2\/posts"}],"about":[{"href":"https:\/\/diariodominicano.com\/index.php?rest_route=\/wp\/v2\/types\/post"}],"author":[{"embeddable":true,"href":"https:\/\/diariodominicano.com\/index.php?rest_route=\/wp\/v2\/users\/3"}],"replies":[{"embeddable":true,"href":"https:\/\/diariodominicano.com\/index.php?rest_route=%2Fwp%2Fv2%2Fcomments&post=219339"}],"version-history":[{"count":0,"href":"https:\/\/diariodominicano.com\/index.php?rest_route=\/wp\/v2\/posts\/219339\/revisions"}],"wp:attachment":[{"href":"https:\/\/diariodominicano.com\/index.php?rest_route=%2Fwp%2Fv2%2Fmedia&parent=219339"}],"wp:term":[{"taxonomy":"category","embeddable":true,"href":"https:\/\/diariodominicano.com\/index.php?rest_route=%2Fwp%2Fv2%2Fcategories&post=219339"},{"taxonomy":"post_tag","embeddable":true,"href":"https:\/\/diariodominicano.com\/index.php?rest_route=%2Fwp%2Fv2%2Ftags&post=219339"}],"curies":[{"name":"wp","href":"https:\/\/api.w.org\/{rel}","templated":true}]}}