{"id":219338,"date":"2016-02-17T16:10:19","date_gmt":"2016-02-17T16:10:19","guid":{"rendered":"http:\/\/diariodominicano.ddns.net\/?p=219338"},"modified":"2016-02-17T16:10:19","modified_gmt":"2016-02-17T16:10:19","slug":"pacientes-quemados-continuan-en-cuidados-intensivos-en-hospital-ney-arias","status":"publish","type":"post","link":"https:\/\/diariodominicano.com\/?p=219338","title":{"rendered":"Pacientes quemados contin\u00faan en Cuidados Intensivos en Hospital Ney Arias"},"content":{"rendered":"<p><body><\/p>\n<p><img decoding=\"async\" src=\"img3\/quemadura.jpg\" \/>  <\/p>\n<p><span class=\"text1noticias\">Santo Domingo, RD, 17 de Febrero.-Los  seis pacientes ingresados en la Unidad de Cuidados Intensivos del Hospital Ney Arias Lora, producto de quemaduras y traumas diversos, debido de la explosi\u00f3n en la envasadora de gas, contin\u00faan evolucionando dentro de su cuadro, bajo manejo conservador y estricta vigilancia.<\/span><\/p>\n<\/p>\n<p><span class=\"text1noticias\">La doctora Ysabel Santana, directora general del establecimiento de salud, inform\u00f3 que nueve pacientes contin\u00faan ingresados en el hospital, de los cuales seis de estos se encuentran en Cuidados Intensivos evolucionando dentro de su estado, al ser recibidos con quemaduras de entre 35 y 60 por ciento de superficie corporal, quemados por flama, y traumas m\u00faltiples, y tres pacientes ingresados en sala cl\u00ednica bajo observaci\u00f3n. <\/span><\/p>\n<\/p>\n<p><span class=\"text1noticias\">La doctora Santana, dijo que dos de los pacientes ingresados en la Unidad de Cuidados Intensivos (UCI), est\u00e1n entubados debido a su estado y el grado de quemadura, por lo que contin\u00faan dando el seguimiento de lugar.<\/span><\/p>\n<\/p>\n<p><span class=\"text1noticias\">Los pacientes que contin\u00faan ingresados en la Unidad de Cuidados Intensivos son: Felipe Vinicio Morel, de 63 a\u00f1os de edad, con 60% de quemadura de superficie corporal quemado por flama, Eddy de Oleo, de 50 a\u00f1os de edad, con un con 30% de superficie corporal quemado, Elvin Alfredo Valerio, de 30 a\u00f1os de edad, con 40% de superficie corporal quemado por flama, Marina \u00c1lvarez, de 52 a\u00f1os de edad, con 40% de superficie corporal quemado por flama, Denny \u00c1lvarez, de 28 a\u00f1os de edad, con 40% de superficie corporal quemado por flama y traumas diversos, y Ram\u00f3n Antonio Lugo, de 25 a\u00f1os de edad, con 32% de superficie corporal quemado por flama.<\/span><\/p>\n<\/p>\n<p><span class=\"text1noticias\">El pasado martes 16 de febrero la emergencia del Hospital Traumatol\u00f3gico Ney Arias Lora recibi\u00f3 11 pacientes con quemaduras de hasta un 60 por ciento de su cuerpo y traumas diversos debido a una explosi\u00f3n en la envasadora de gas, ubicada en el sector La Esperanza, de Los R\u00edos.<\/span><\/p>\n<\/p>\n<p><span class=\"text1noticias\">Fueron dados de alta dos pacientes de los once ingresados de manera ambulatoria por traumas diversos, y actualmente contin\u00faan ingresados en sala cl\u00ednica del centro de salud, las pacientes: Altagracia Ortega de 49 a\u00f1os de edad, Yilda Del Carmen, de 52 a\u00f1os de edad y Altagracia Berig\u00fcete Ortega, de 28 a\u00f1os de edad.<\/span><\/p>\n<\/p>\n<p><span class=\"text1noticias\">La doctora Ysabel Santana, directora general destac\u00f3, que se le realizaran las evaluaciones de lugar para proceder a dar de alta a los pacientes que contin\u00faan ingresados en sala<\/span>. <\/p>\n<\/p>\n<h6> 2016-02-17 16:10:19 <\/h6>\n<p><!--\n<link rel=\"stylesheet\" href=\"css\/bootstrap.min.css\">\n\n\n<ul class=\"pagination\">\n\t    \n\t\n\n<li >\n\t<a href='?page_no=13669'>Previous<\/a>\n\t<\/li>\n\n\n       \n    \n\n<li><a href='?page_no=1'>1<\/a><\/li>\n\n\n\n<li><a href='?page_no=2'>2<\/a><\/li>\n\n\n\n<li><a>...<\/a><\/li>\n\n\n\n<li><a href='?page_no=13668'>13668<\/a><\/li>\n\n\n\n<li><a href='?page_no=13669'>13669<\/a><\/li>\n\n\n\n<li class='active'><a>13670<\/a><\/li>\n\n\n\n<li><a href='?page_no=13671'>13671<\/a><\/li>\n\n\n\n<li><a href='?page_no=13672'>13672<\/a><\/li>\n\n\n\n<li><a>...<\/a><\/li>\n\n\n\n<li><a href='?page_no=56169'>56169<\/a><\/li>\n\n\n\n<li><a href='?page_no=56170'>56170<\/a><\/li>\n\n    \n\t\n\n<li >\n\t<a href='?page_no=13671'>Next<\/a>\n\t<\/li>\n\n\n    \n\n<li><a href='?page_no=56170'>Last &rsaquo;&rsaquo;<\/a><\/li>\n\n<\/ul>\n\n\n--><br \/>\n<\/body><\/p>\n","protected":false},"excerpt":{"rendered":"<p>Santo Domingo, RD, 17 de Febrero.-Los seis pacientes ingresados en la Unidad de Cuidados Intensivos del Hospital Ney Arias Lora, producto de quemaduras y traumas diversos, debido de la explosi\u00f3n en la envasadora de gas, contin\u00faan evolucionando dentro de su cuadro, bajo manejo conservador y estricta vigilancia. La doctora Ysabel Santana, directora general del establecimiento [&hellip;]<\/p>\n","protected":false},"author":3,"featured_media":0,"comment_status":"open","ping_status":"open","sticky":false,"template":"","format":"standard","meta":{"footnotes":""},"categories":[20],"tags":[],"class_list":["post-219338","post","type-post","status-publish","format-standard","hentry","category-dominicana-hoy"],"_links":{"self":[{"href":"https:\/\/diariodominicano.com\/index.php?rest_route=\/wp\/v2\/posts\/219338","targetHints":{"allow":["GET"]}}],"collection":[{"href":"https:\/\/diariodominicano.com\/index.php?rest_route=\/wp\/v2\/posts"}],"about":[{"href":"https:\/\/diariodominicano.com\/index.php?rest_route=\/wp\/v2\/types\/post"}],"author":[{"embeddable":true,"href":"https:\/\/diariodominicano.com\/index.php?rest_route=\/wp\/v2\/users\/3"}],"replies":[{"embeddable":true,"href":"https:\/\/diariodominicano.com\/index.php?rest_route=%2Fwp%2Fv2%2Fcomments&post=219338"}],"version-history":[{"count":0,"href":"https:\/\/diariodominicano.com\/index.php?rest_route=\/wp\/v2\/posts\/219338\/revisions"}],"wp:attachment":[{"href":"https:\/\/diariodominicano.com\/index.php?rest_route=%2Fwp%2Fv2%2Fmedia&parent=219338"}],"wp:term":[{"taxonomy":"category","embeddable":true,"href":"https:\/\/diariodominicano.com\/index.php?rest_route=%2Fwp%2Fv2%2Fcategories&post=219338"},{"taxonomy":"post_tag","embeddable":true,"href":"https:\/\/diariodominicano.com\/index.php?rest_route=%2Fwp%2Fv2%2Ftags&post=219338"}],"curies":[{"name":"wp","href":"https:\/\/api.w.org\/{rel}","templated":true}]}}