{"id":219336,"date":"2016-02-17T16:24:09","date_gmt":"2016-02-17T16:24:09","guid":{"rendered":"http:\/\/diariodominicano.ddns.net\/?p=219336"},"modified":"2016-02-17T16:24:09","modified_gmt":"2016-02-17T16:24:09","slug":"participa-en-encuentro-comunitario-sobre-desarrollo-sostenible","status":"publish","type":"post","link":"https:\/\/diariodominicano.com\/?p=219336","title":{"rendered":"Participa en encuentro comunitario sobre desarrollo sostenible"},"content":{"rendered":"<p><body><\/p>\n<p><img decoding=\"async\" src=\"img3\/agua.jpg\" \/>  <\/p>\n<p><span class=\"text1noticias\">Santo Domingo, RD, 17 de Febrero.-La Comisi\u00f3n Presidencial para la Rehabilitaci\u00f3n y Saneamiento de la Cuenca Ozama e Isabela realiz\u00f3 un encuentro  comunitario en el sector Mar\u00eda Auxiliadora del Distrito Nacional, en el que participaron miembros de la comisi\u00f3n brasile\u00f1a que acompa\u00f1a al destacado ecologista Leonardo Boff.<\/span><\/p>\n<\/p>\n<p><span class=\"text1noticias\">Los t\u00e9cnicos de Cultivando Agua Buena, los brasile\u00f1os Horacio Figueiredo Junior, Jefe de Gabinete de la Agencia Nacional de Aguas de Brasil; Ana Elena Rizzone de Sousa Vale, Gerente para Am\u00e9rica Latina y el Caribe de la Agencia Brasile\u00f1a de Cooperaci\u00f3n; Jair Kotz, Superintendente de Medio Ambiente de Itaip\u00fa Binacional; PawelWicheteck, Asesor de Itaip\u00fa Internacional, resaltaron los criterios que fomentan esta iniciativa para la conservaci\u00f3n de los recursos naturales, la calidad de las aguas y la calidad de vida de las personas. <\/span><\/p>\n<\/p>\n<p><span class=\"text1noticias\">En el encuentro tambi\u00e9n se destac\u00f3 la importancia de sensibilizar e informar a toda la ciudadan\u00eda de modo que se incentiven los cambios alineados al concepto de sostenibilidad. <\/span><\/p>\n<\/p>\n<p><span class=\"text1noticias\">El evento fue organizado por Onofre Rojas, coordinador general de la Comisi\u00f3n Presidencial para el Saneamiento de las Cuencas Ozama e Isabela; Nicol\u00e1s Guevara, director del Plan Nacional de Desarrollo Local Quisqueya Somos Todos, Rom\u00e1n Batista de Participaci\u00f3n Ciudadana, un representante de la Corporaci\u00f3n de Acueductos y Alcantarillados de Santo Domingo (CAASD); Francisco Rodr\u00edguez dirigente de la Asociaci\u00f3n Comunitaria de Santo Domingo Norte y Francisco Reyes, l\u00edder comunitario del sector La Ci\u00e9naga<\/span>. <\/p>\n<\/p>\n<h6> 2016-02-17 16:24:09 <\/h6>\n<p><!--\n<link rel=\"stylesheet\" href=\"css\/bootstrap.min.css\">\n\n\n<ul class=\"pagination\">\n\t    \n\t\n\n<li >\n\t<a href='?page_no=13668'>Previous<\/a>\n\t<\/li>\n\n\n       \n    \n\n<li><a href='?page_no=1'>1<\/a><\/li>\n\n\n\n<li><a href='?page_no=2'>2<\/a><\/li>\n\n\n\n<li><a>...<\/a><\/li>\n\n\n\n<li><a href='?page_no=13667'>13667<\/a><\/li>\n\n\n\n<li><a href='?page_no=13668'>13668<\/a><\/li>\n\n\n\n<li class='active'><a>13669<\/a><\/li>\n\n\n\n<li><a href='?page_no=13670'>13670<\/a><\/li>\n\n\n\n<li><a href='?page_no=13671'>13671<\/a><\/li>\n\n\n\n<li><a>...<\/a><\/li>\n\n\n\n<li><a href='?page_no=56169'>56169<\/a><\/li>\n\n\n\n<li><a href='?page_no=56170'>56170<\/a><\/li>\n\n    \n\t\n\n<li >\n\t<a href='?page_no=13670'>Next<\/a>\n\t<\/li>\n\n\n    \n\n<li><a href='?page_no=56170'>Last &rsaquo;&rsaquo;<\/a><\/li>\n\n<\/ul>\n\n\n--><br \/>\n<\/body><\/p>\n","protected":false},"excerpt":{"rendered":"<p>Santo Domingo, RD, 17 de Febrero.-La Comisi\u00f3n Presidencial para la Rehabilitaci\u00f3n y Saneamiento de la Cuenca Ozama e Isabela realiz\u00f3 un encuentro comunitario en el sector Mar\u00eda Auxiliadora del Distrito Nacional, en el que participaron miembros de la comisi\u00f3n brasile\u00f1a que acompa\u00f1a al destacado ecologista Leonardo Boff. Los t\u00e9cnicos de Cultivando Agua Buena, los brasile\u00f1os [&hellip;]<\/p>\n","protected":false},"author":3,"featured_media":0,"comment_status":"open","ping_status":"open","sticky":false,"template":"","format":"standard","meta":{"footnotes":""},"categories":[20],"tags":[],"class_list":["post-219336","post","type-post","status-publish","format-standard","hentry","category-dominicana-hoy"],"_links":{"self":[{"href":"https:\/\/diariodominicano.com\/index.php?rest_route=\/wp\/v2\/posts\/219336","targetHints":{"allow":["GET"]}}],"collection":[{"href":"https:\/\/diariodominicano.com\/index.php?rest_route=\/wp\/v2\/posts"}],"about":[{"href":"https:\/\/diariodominicano.com\/index.php?rest_route=\/wp\/v2\/types\/post"}],"author":[{"embeddable":true,"href":"https:\/\/diariodominicano.com\/index.php?rest_route=\/wp\/v2\/users\/3"}],"replies":[{"embeddable":true,"href":"https:\/\/diariodominicano.com\/index.php?rest_route=%2Fwp%2Fv2%2Fcomments&post=219336"}],"version-history":[{"count":0,"href":"https:\/\/diariodominicano.com\/index.php?rest_route=\/wp\/v2\/posts\/219336\/revisions"}],"wp:attachment":[{"href":"https:\/\/diariodominicano.com\/index.php?rest_route=%2Fwp%2Fv2%2Fmedia&parent=219336"}],"wp:term":[{"taxonomy":"category","embeddable":true,"href":"https:\/\/diariodominicano.com\/index.php?rest_route=%2Fwp%2Fv2%2Fcategories&post=219336"},{"taxonomy":"post_tag","embeddable":true,"href":"https:\/\/diariodominicano.com\/index.php?rest_route=%2Fwp%2Fv2%2Ftags&post=219336"}],"curies":[{"name":"wp","href":"https:\/\/api.w.org\/{rel}","templated":true}]}}