{"id":219335,"date":"2016-02-17T17:24:43","date_gmt":"2016-02-17T17:24:43","guid":{"rendered":"http:\/\/diariodominicano.ddns.net\/?p=219335"},"modified":"2016-02-17T17:24:43","modified_gmt":"2016-02-17T17:24:43","slug":"presidente-medina-entrega-tres-escuelas-y-remodelacion-de-catedral","status":"publish","type":"post","link":"https:\/\/diariodominicano.com\/?p=219335","title":{"rendered":"&#13;Presidente Medina entrega tres escuelas y remodelaci\u00f3n de Catedral"},"content":{"rendered":"<p><body><\/p>\n<p><img decoding=\"async\" src=\"img3\/danilosanfco.jpg\" \/>  <\/p>\n<p><strong><span class=\"text1noticias\">San Francisco de Macor\u00eds, Duarte, 17 de Febrero.-<\/span><\/strong><span class=\"text1noticias\">El presidente Danilo Medina inaugur\u00f3 en este municipio tres centros educativos de nivel B\u00e1sico y la remodelaci\u00f3n de la Catedral Santa Ana. En los centros escolares mil 505 estudiantes ser\u00e1n beneficiados para recibir docencia en 46 aulas nuevas y remozadas.<\/span><\/p>\n<\/p>\n<p><span class=\"text1noticias\">En las escuelas Mar\u00eda Altagracia Paula, ubicada en el sector Villa Verde; Ana Antonia Cruz, en la comunidad Mirabel, y Profesora Ang\u00e9lica Garc\u00eda Moya, en la comunidad Col\u00f3n, fueron invertidos 66 millones 128 mil 553 pesos con 08 centavos.  Cuentan con bibliotecas y aulas para el nivel Inicial, dotadas de rincones tecnol\u00f3gicos.  <\/span><\/p>\n<\/p>\n<p><span class=\"text1noticias\">El Ministro de Educaci\u00f3n, licenciado Carlos Amarante Baret, pronunci\u00f3 el discurso central del acto inaugural realizado en la escuela Mar\u00eda Altagracia  Paula. En su discurso, el Ministro de Educaci\u00f3n afirm\u00f3 que el presidente Danilo Medina quiere crear las mejores condiciones para que los j\u00f3venes y adultos se puedan desarrollar.<\/span><\/p>\n<\/p>\n<p><span class=\"text1noticias\">Indic\u00f3 que la Jornada Escolar Extendida lleg\u00f3 para resolver los ancestrales problemas que han afectado a la educaci\u00f3n dominicana. Pidi\u00f3 a los padres, madres y a los maestros de los nuevos centros educativos que vigilen y fiscalicen el almuerzo que se va a servir a los estudiantes y a los docentes.<\/span><\/p>\n<\/p>\n<p><span class=\"text1noticias\">Agreg\u00f3 que deben probarlo todos los d\u00edas \u00abporque ese almuerzo que se va a servir aqu\u00ed, tiene que ser de una calidad excelente, y si el suplidor que lo sirva lo que trae es una porquer\u00eda, le vamos a cancelar el contrato y buscaremos a otro que pueda traer alimentos de calidad a nuestros ni\u00f1os, ni\u00f1as y j\u00f3venes\u00bb.<\/span><\/p>\n<\/p>\n<p><span class=\"text1noticias\">Dijo que Medina est\u00e1 sembrando el pa\u00eds de nuevas aulas, pero tambi\u00e9n est\u00e1 preocupado de los contenidos de los libros que estudian los alumnos y docentes.<\/span><\/p>\n<\/p>\n<p><span class=\"text1noticias\">\u00abEso es lo que contempla la Revoluci\u00f3n Educativa que impulsa nuestro presidente Danilo Medina\u00bb, proclam\u00f3. Amarante Baret anunci\u00f3, por autorizaci\u00f3n del presidente Medina, que a los estudiantes del plantel donde se celebr\u00f3 la ceremonia principal, se le enviar\u00e1 un autob\u00fas, en atenci\u00f3n a una petici\u00f3n de la estudiante que dio las gracias.<\/span><\/p>\n<\/p>\n<p><span class=\"text1noticias\">Los trabajos de construcci\u00f3n de las obras escolares estuvieron a cargo de la Oficina de Ingenieros Supervisores de Obras del Estado (OISOE), con fondos del Ministerio de Educaci\u00f3n (MINERD).<\/span><\/p>\n<p><span class=\"text1noticias\">Centros en la provincia<\/span><\/p>\n<\/p>\n<p><span class=\"text1noticias\">La provincia Duarte cuenta con 201 centros educativos en Jornada Escolar Extendida donde reciben docencia 41,347 estudiantes. De esos centros, 102 funcionan en el  municipio cabecera, San Francisco de Macor\u00eds, en beneficio de 21,251 alumnos.<\/span><\/p>\n<\/p>\n<p><span class=\"text1noticias\">El total de escuelas en esa provincia es de 337 para 61,712 estudiantes; mientras que en el municipio existen 190 centros para 37,897 alumnos.<\/span><\/p>\n<\/p>\n<p><strong><span class=\"text1noticias\">Acto<\/span><\/strong><\/p>\n<\/p>\n<p><span class=\"text1noticias\">La directora del plantel, Sor Mar\u00eda Minerva Duarte Paulino, manifest\u00f3 en el discurso de bienvenida que la escuela beneficiar\u00e1 a m\u00e1s de 800 alumnos y alumnas de la zona Sureste de San Francisco de Macor\u00eds.<\/span><\/p>\n<\/p>\n<p><span class=\"text1noticias\">\u00abLe agradecemos infinitamente los esfuerzos realizados por los que hoy podemos tener una escuela en mejores condiciones, lo que compromete a quienes laboramos aqu\u00ed a realizar una labor m\u00e1s eficiente, dando lo mejor de nosotros mismos, comprometidos con la calidad en el servicio que realizamos en el d\u00eda a d\u00eda\u00bb, expres\u00f3 Sor Mar\u00eda Minerva Duarte Paulino.<\/span><\/p>\n<\/p>\n<p><span class=\"text1noticias\">De su lado, la estudiante Luis mehiry Ramos, de 8vo. de B\u00e1sica, en sus palabras de agradecimiento, felicit\u00f3 al jefe del Estado y al Ministro de Educaci\u00f3n por la preocupaci\u00f3n demostrada en beneficio del avance educativo del pa\u00eds.<\/span><\/p>\n<\/p>\n<p><span class=\"text1noticias\">\u00abGracias, Se\u00f1or Presidente, por la construcci\u00f3n de nuestro centro educativo. Gracias por convertir nuestro centro en Jornada Escolar Extendida. Esto ha venido a suplir una necesidad de nuestra comunidad. Tenemos fe, Se\u00f1or Presidente, de que de aqu\u00ed en adelante nuestra comunidad experimentar\u00e1 cambios positivos y nuestra sociedad ser\u00e1 cada d\u00eda mejor\u00bb, expres\u00f3. La bendici\u00f3n estuvo a cargo del padre Ram\u00f3n Aridio Vicioso, de la Parroquia Mar\u00eda Madre de la Iglesia.<\/span><\/p>\n<\/p>\n<p><span class=\"text1noticias\">Estuvieron presentes, adem\u00e1s, el ministro Administrativo de la Presidencia, Jos\u00e9 Ram\u00f3n Peralta; la gobernadora Miledys N\u00fa\u00f1ez; el senador Am\u00edlcar Romero; los diputados Juan Compr\u00e9s, Juan Jos\u00e9 Rosario, Lupe N\u00fa\u00f1ez, C\u00e1ndida S\u00e1nchez y Virgilio Manuel Gonz\u00e1lez.  Asimismo, el alcalde F\u00e9lix Manuel Rodr\u00edguez, y el director regional de Educaci\u00f3n, Juan Victorio<\/span>.<\/p>\n<\/p>\n<h6> 2016-02-17 17:24:43 <\/h6>\n<p><!--\n<link rel=\"stylesheet\" href=\"css\/bootstrap.min.css\">\n\n\n<ul class=\"pagination\">\n\t    \n\t\n\n<li >\n\t<a href='?page_no=13667'>Previous<\/a>\n\t<\/li>\n\n\n       \n    \n\n<li><a href='?page_no=1'>1<\/a><\/li>\n\n\n\n<li><a href='?page_no=2'>2<\/a><\/li>\n\n\n\n<li><a>...<\/a><\/li>\n\n\n\n<li><a href='?page_no=13666'>13666<\/a><\/li>\n\n\n\n<li><a href='?page_no=13667'>13667<\/a><\/li>\n\n\n\n<li class='active'><a>13668<\/a><\/li>\n\n\n\n<li><a href='?page_no=13669'>13669<\/a><\/li>\n\n\n\n<li><a href='?page_no=13670'>13670<\/a><\/li>\n\n\n\n<li><a>...<\/a><\/li>\n\n\n\n<li><a href='?page_no=56169'>56169<\/a><\/li>\n\n\n\n<li><a href='?page_no=56170'>56170<\/a><\/li>\n\n    \n\t\n\n<li >\n\t<a href='?page_no=13669'>Next<\/a>\n\t<\/li>\n\n\n    \n\n<li><a href='?page_no=56170'>Last &rsaquo;&rsaquo;<\/a><\/li>\n\n<\/ul>\n\n\n--><br \/>\n<\/body><\/p>\n","protected":false},"excerpt":{"rendered":"<p>San Francisco de Macor\u00eds, Duarte, 17 de Febrero.-El presidente Danilo Medina inaugur\u00f3 en este municipio tres centros educativos de nivel B\u00e1sico y la remodelaci\u00f3n de la Catedral Santa Ana. En los centros escolares mil 505 estudiantes ser\u00e1n beneficiados para recibir docencia en 46 aulas nuevas y remozadas. En las escuelas Mar\u00eda Altagracia Paula, ubicada en [&hellip;]<\/p>\n","protected":false},"author":3,"featured_media":0,"comment_status":"open","ping_status":"open","sticky":false,"template":"","format":"standard","meta":{"footnotes":""},"categories":[20],"tags":[],"class_list":["post-219335","post","type-post","status-publish","format-standard","hentry","category-dominicana-hoy"],"_links":{"self":[{"href":"https:\/\/diariodominicano.com\/index.php?rest_route=\/wp\/v2\/posts\/219335","targetHints":{"allow":["GET"]}}],"collection":[{"href":"https:\/\/diariodominicano.com\/index.php?rest_route=\/wp\/v2\/posts"}],"about":[{"href":"https:\/\/diariodominicano.com\/index.php?rest_route=\/wp\/v2\/types\/post"}],"author":[{"embeddable":true,"href":"https:\/\/diariodominicano.com\/index.php?rest_route=\/wp\/v2\/users\/3"}],"replies":[{"embeddable":true,"href":"https:\/\/diariodominicano.com\/index.php?rest_route=%2Fwp%2Fv2%2Fcomments&post=219335"}],"version-history":[{"count":0,"href":"https:\/\/diariodominicano.com\/index.php?rest_route=\/wp\/v2\/posts\/219335\/revisions"}],"wp:attachment":[{"href":"https:\/\/diariodominicano.com\/index.php?rest_route=%2Fwp%2Fv2%2Fmedia&parent=219335"}],"wp:term":[{"taxonomy":"category","embeddable":true,"href":"https:\/\/diariodominicano.com\/index.php?rest_route=%2Fwp%2Fv2%2Fcategories&post=219335"},{"taxonomy":"post_tag","embeddable":true,"href":"https:\/\/diariodominicano.com\/index.php?rest_route=%2Fwp%2Fv2%2Ftags&post=219335"}],"curies":[{"name":"wp","href":"https:\/\/api.w.org\/{rel}","templated":true}]}}