{"id":219334,"date":"2016-02-17T17:29:59","date_gmt":"2016-02-17T17:29:59","guid":{"rendered":"http:\/\/diariodominicano.ddns.net\/?p=219334"},"modified":"2016-02-17T17:29:59","modified_gmt":"2016-02-17T17:29:59","slug":"la-conferencia-del-episcopado-dominicano-quiere-campana-electoral-en-paz","status":"publish","type":"post","link":"https:\/\/diariodominicano.com\/?p=219334","title":{"rendered":"La Conferencia del Episcopado Dominicano quiere campa\u00f1a electoral en paz"},"content":{"rendered":"<p><body><\/p>\n<p><img decoding=\"async\" src=\"img3\/obispos1702.jpg\" \/>  <\/p>\n<\/p>\n<p>Por Alberto Cuadra<\/p>\n<p><strong>Diariodominicano.com<\/strong><\/p>\n<\/p>\n<p><strong>SANTO DOMINGO, RD,  17 de Febrero de 2016.- <\/strong> La Conferencia del Episcopado  Dominicano, desea que el proceso  electoral  tenga una campa\u00f1a apoyada en principios, en valores y en programas, llevada con respeto y en sana coordinaci\u00f3n con los opositores, habla mejor de la madurez pol\u00edtica de los partidos y candidatos. <\/p>\n<\/p>\n<p>De igual modo, los arzobispos y obispos  exhortan a realizar un proceso electoral en paz, con respeto del espacio y de las ofertas de los dem\u00e1s candidatos, abiertas  al di\u00e1logo y con un verdadero sentido de madurez humana y pol\u00edtica. <\/p>\n<p>En un mensaje dirigido a la Naci\u00f3n  en ocasi\u00f3n de la Fiesta Patria de la Independencia, del 27 de Febrero 2016, de cara a la contienda electoral del 15 de mayo, en primer lugar valoran  el avance hacia la madurez que como Naci\u00f3n ha  tenido la  democracia.  Y destacan que \u00abNuestro pueblo ha ido tomando conciencia de que hay que participar activamente en los procesos electorales\u00bb<\/p>\n<\/p>\n<p>Valoran que los l\u00edderes pol\u00edticos sepan comportarse con la debida cordura, atendiendo las orientaciones de la Junta Central Electoral, y acogiendo posteriormente, despu\u00e9s de la contienda, los resultados del sufragio.<\/p>\n<p>Consideran   que es  lamentable que con frecuencia la pol\u00edtica sea vista como un medio para el enriquecimiento grupal o personal y no como lo que verdaderamente debe ser, un servicio al bien com\u00fan. <\/p>\n<\/p>\n<p>\u00abPeor a\u00fan, cuando el soporte econ\u00f3mico de los partidos, en los per\u00edodos electorales, es sustentado con dinero sucio, ya sea procedente del narcotr\u00e1fico, de los juegos de azar, de empresas evasoras de impuestos, o de fondos dilapidados del Estado. Todos necesitamos una pol\u00edtica sana, limpia de corrupci\u00f3n, de lavado o de robo. Tenemos un pueblo trabajador y esperanzado en un mejor porvenir. Tenemos derecho a esperar lo mejor de nuestras instituciones y liderazgo pol\u00edtico\u00bb.  <\/p>\n<\/p>\n<p><strong>Quieren campa\u00f1a en base a los programas<\/strong><\/p>\n<\/p>\n<p>Los Arzobispo y Obispos refieren que se  ha dado inicio al proceso de la campa\u00f1a y nuestra gente espera de los l\u00edderes pol\u00edticos un comportamiento a la altura de un profesional de la pol\u00edtica. \u00abEs decir, se anhela que las actividades proselitistas se desarrollen en base a los programas que ofrezcan los partidos, su posibilidad de ejecuci\u00f3n y atendiendo a las prioridades de los problemas que afectan en su conjunto a nuestra sociedad dominicana\u00bb.<\/p>\n<\/p>\n<p>Expresan  que no  es deseable una contienda pol\u00edtica de bajo nivel, centrada en los aspectos negativos de los opositores como si quienes la realizan no tuvieran nada positivo que ofrecer de s\u00ed mismos como candidatos o como Partido; \u00abtampoco es deseable una campa\u00f1a fundamentada en falsas promesas o en promesas irrealizables. Ni se espera de los candidatos ni de los partidos una promoci\u00f3n partidaria apoyada en las d\u00e1divas que fomentan el clientelismo. Y menos a\u00fan que desde el poder se usen los fondos p\u00fablicos y los servicios que ofrece el Estado, para tal prop\u00f3sito\u00bb. <\/p>\n<\/p>\n<p>Los  arzobispos  y obispos desean  una promoci\u00f3n publicitaria con sentido ecol\u00f3gico, que no ensucie el ambiente, saturando las calles y avenidas de afiches y letreros. \u00abLo mismo hay que decir del ruido y del entaponamiento innecesario del tr\u00e1nsito que muchas veces se produce por las concentraciones en las salidas de las ciudades o en cualquier calle o avenida\u00bb. <\/p>\n<p>Exhortan a una campa\u00f1a electoral apoyada en principios, en valores y en programas, llevada con respeto y en sana coordinaci\u00f3n con los opositores, habla mejor de la madurez pol\u00edtica de los partidos y candidatos. <\/p>\n<\/p>\n<p>Invitan  a realizar un proceso electoral en paz, con respeto del espacio, y de las ofertas de los dem\u00e1s candidatos, abierta al di\u00e1logo y con un verdadero sentido de madurez humana y pol\u00edtica. <\/p>\n<\/p>\n<p><strong>El mensaje de la Conferencia del Episcopado Dominicano tiene la firma de Nicol\u00e1s de Jes\u00fas Cardenal L\u00f3pez Rodr\u00edguez,<\/strong><\/p>\n<\/p>\n<p>Arzobispo Metropolitano de Santo Domingo,<\/p>\n<\/p>\n<p>Primado de Am\u00e9rica,<\/p>\n<\/p>\n<p><strong>Freddy Antonio de Jes\u00fas Bret\u00f3n Mart\u00ednez,<\/strong><\/p>\n<\/p>\n<p>Arzobispo Metropolitano de Santiago de los Caballeros<\/p>\n<\/p>\n<p><strong>Gregorio Nicanor Pe\u00f1a Rodr\u00edguez,<\/strong><\/p>\n<\/p>\n<p>Obispo de la Altagracia, Hig\u00fcey<\/p>\n<\/p>\n<p>Presidente de la Conferencia del Episcopado Dominicano<\/p>\n<\/p>\n<p><strong>Jos\u00e9 Dolores Grull\u00f3n Estrella,<\/strong><\/p>\n<\/p>\n<p>Obispo de San Juan de la Maguana<\/p>\n<\/p>\n<p>Vicepresidente de la Conferencia del Episcopado Dominicano<\/p>\n<\/p>\n<p><strong>Francisco Ozoria Acosta,<\/strong><\/p>\n<\/p>\n<p>Obispo de San Pedro de Macor\u00eds<\/p>\n<\/p>\n<p><strong>Di\u00f3medes Espinal De Le\u00f3n,<\/strong><\/p>\n<\/p>\n<p>Obispo de Mao-Montecristi<\/p>\n<h6> 2016-02-17 17:29:59 <\/h6>\n<p><!--\n<link rel=\"stylesheet\" href=\"css\/bootstrap.min.css\">\n\n\n<ul class=\"pagination\">\n\t    \n\t\n\n<li >\n\t<a href='?page_no=13666'>Previous<\/a>\n\t<\/li>\n\n\n       \n    \n\n<li><a href='?page_no=1'>1<\/a><\/li>\n\n\n\n<li><a href='?page_no=2'>2<\/a><\/li>\n\n\n\n<li><a>...<\/a><\/li>\n\n\n\n<li><a href='?page_no=13665'>13665<\/a><\/li>\n\n\n\n<li><a href='?page_no=13666'>13666<\/a><\/li>\n\n\n\n<li class='active'><a>13667<\/a><\/li>\n\n\n\n<li><a href='?page_no=13668'>13668<\/a><\/li>\n\n\n\n<li><a href='?page_no=13669'>13669<\/a><\/li>\n\n\n\n<li><a>...<\/a><\/li>\n\n\n\n<li><a href='?page_no=56169'>56169<\/a><\/li>\n\n\n\n<li><a href='?page_no=56170'>56170<\/a><\/li>\n\n    \n\t\n\n<li >\n\t<a href='?page_no=13668'>Next<\/a>\n\t<\/li>\n\n\n    \n\n<li><a href='?page_no=56170'>Last &rsaquo;&rsaquo;<\/a><\/li>\n\n<\/ul>\n\n\n--><br \/>\n<\/body><\/p>\n","protected":false},"excerpt":{"rendered":"<p>Por Alberto Cuadra Diariodominicano.com SANTO DOMINGO, RD, 17 de Febrero de 2016.- La Conferencia del Episcopado Dominicano, desea que el proceso electoral tenga una campa\u00f1a apoyada en principios, en valores y en programas, llevada con respeto y en sana coordinaci\u00f3n con los opositores, habla mejor de la madurez pol\u00edtica de los partidos y candidatos. De [&hellip;]<\/p>\n","protected":false},"author":3,"featured_media":0,"comment_status":"open","ping_status":"open","sticky":false,"template":"","format":"standard","meta":{"footnotes":""},"categories":[20],"tags":[],"class_list":["post-219334","post","type-post","status-publish","format-standard","hentry","category-dominicana-hoy"],"_links":{"self":[{"href":"https:\/\/diariodominicano.com\/index.php?rest_route=\/wp\/v2\/posts\/219334","targetHints":{"allow":["GET"]}}],"collection":[{"href":"https:\/\/diariodominicano.com\/index.php?rest_route=\/wp\/v2\/posts"}],"about":[{"href":"https:\/\/diariodominicano.com\/index.php?rest_route=\/wp\/v2\/types\/post"}],"author":[{"embeddable":true,"href":"https:\/\/diariodominicano.com\/index.php?rest_route=\/wp\/v2\/users\/3"}],"replies":[{"embeddable":true,"href":"https:\/\/diariodominicano.com\/index.php?rest_route=%2Fwp%2Fv2%2Fcomments&post=219334"}],"version-history":[{"count":0,"href":"https:\/\/diariodominicano.com\/index.php?rest_route=\/wp\/v2\/posts\/219334\/revisions"}],"wp:attachment":[{"href":"https:\/\/diariodominicano.com\/index.php?rest_route=%2Fwp%2Fv2%2Fmedia&parent=219334"}],"wp:term":[{"taxonomy":"category","embeddable":true,"href":"https:\/\/diariodominicano.com\/index.php?rest_route=%2Fwp%2Fv2%2Fcategories&post=219334"},{"taxonomy":"post_tag","embeddable":true,"href":"https:\/\/diariodominicano.com\/index.php?rest_route=%2Fwp%2Fv2%2Ftags&post=219334"}],"curies":[{"name":"wp","href":"https:\/\/api.w.org\/{rel}","templated":true}]}}