{"id":219333,"date":"2016-02-17T17:40:30","date_gmt":"2016-02-17T17:40:30","guid":{"rendered":"http:\/\/diariodominicano.ddns.net\/?p=219333"},"modified":"2016-02-17T17:40:30","modified_gmt":"2016-02-17T17:40:30","slug":"proximas-elecciones-y-otras-urgencias","status":"publish","type":"post","link":"https:\/\/diariodominicano.com\/?p=219333","title":{"rendered":"Pr\u00f3ximas elecciones y otras urgencias&#13;"},"content":{"rendered":"<p><body><\/p>\n<p><img decoding=\"async\" src=\"img3\/obispos1702.jpg\" \/>  <\/p>\n<p><strong>Pr\u00f3ximas elecciones y otras urgencias<\/strong><\/p>\n<\/p>\n<p><strong>Introducci\u00f3n<\/strong><\/p>\n<\/p>\n<p>1.\tNos dirigimos a todo el pueblo dominicano, hombres y mujeres de buena voluntad, en ocasi\u00f3n de la Fiesta Patria de la Independencia, del 27 de Febrero 2016. Esta vez queremos dirigir un mensaje breve de cara a la contienda electoral del 15 de mayo.<\/p>\n<\/p>\n<p>2.\tEn primer lugar valoramos el avance hacia la madurez que como Naci\u00f3n hemos tenido en nuestra democracia. Nuestro pueblo ha ido tomando conciencia de que hay que participar activamente en los procesos electorales. Tambi\u00e9n, valoramos que nuestros l\u00edderes pol\u00edticos sepan comportarse con la debida cordura, atendiendo las orientaciones de la Junta Central Electoral, y acogiendo posteriormente, despu\u00e9s de la contienda, los resultados del sufragio.<\/p>\n<\/p>\n<p><strong>1. Pr\u00f3ximas elecciones<\/strong><\/p>\n<\/p>\n<p><strong>A. Consideraciones<\/strong><\/p>\n<\/p>\n<p><strong>3.<\/strong>\tSe ha dado inicio al proceso de la campa\u00f1a y nuestra gente espera de los l\u00edderes pol\u00edticos un comportamiento a la altura de un profesional de la pol\u00edtica. Es decir, se anhela que las actividades proselitistas se desarrollen en base a los programas que ofrezcan los partidos, su posibilidad de ejecuci\u00f3n y atendiendo a las prioridades de los problemas que afectan en su conjunto a nuestra sociedad dominicana.<\/p>\n<\/p>\n<p><strong>4.<\/strong>\tNo es deseable una contienda pol\u00edtica de bajo nivel, centrada en los aspectos negativos de los opositores como si quienes la realizan no tuvieran nada positivo que ofrecer de s\u00ed mismos como candidatos o como Partido; tampoco es deseable una campa\u00f1a fundamentada en falsas promesas o en promesas irrealizables. Ni se espera de los candidatos ni de los partidos una promoci\u00f3n partidaria apoyada en las d\u00e1divas que fomentan el clientelismo. Y menos a\u00fan que desde el poder se usen los fondos p\u00fablicos y los servicios que ofrece el Estado, para tal prop\u00f3sito. <\/p>\n<\/p>\n<p><strong>5.<\/strong>\tSe desea una promoci\u00f3n publicitaria con sentido ecol\u00f3gico, que no ensucie el ambiente, saturando las calles y avenidas de afiches y letreros. Lo mismo hay que decir del ruido y del entaponamiento innecesario del tr\u00e1nsito que muchas veces se produce por las concentraciones en las salidas de las ciudades o en cualquier calle o avenida. <\/p>\n<\/p>\n<p><strong>6.\t<\/strong>Una campa\u00f1a electoral apoyada en principios, en valores y en programas, llevada con respeto y en sana coordinaci\u00f3n con los opositores, habla mejor de la madurez pol\u00edtica de los partidos y candidatos. <\/p>\n<p><strong> <\/strong><\/p>\n<p><strong>B. Exhortaciones<\/strong><\/p>\n<\/p>\n<p><strong>7.<\/strong>\tExhortamos, pues, a realizar un proceso electoral en paz, con respeto del espacio y de las ofertas de los dem\u00e1s candidatos, abierta al di\u00e1logo y con un verdadero sentido de madurez humana y pol\u00edtica. <\/p>\n<\/p>\n<p><strong>8.<\/strong>\tEs lamentable que con frecuencia la pol\u00edtica es vista como un medio para el enriquecimiento grupal o personal y no como lo que verdaderamente debe ser, un servicio al bien com\u00fan. Peor a\u00fan, cuando el soporte econ\u00f3mico de los partidos, en los per\u00edodos electorales, es sustentado con dinero sucio, ya sea procedente del narcotr\u00e1fico, de los juegos de azar, de empresas evasoras de impuestos, o de fondos dilapidados del Estado. Todos necesitamos una pol\u00edtica sana, limpia de corrupci\u00f3n, de lavado o de robo. Tenemos un pueblo trabajador y esperanzado en un mejor porvenir. Tenemos derecho a esperar lo mejor de nuestras instituciones y liderazgo pol\u00edtico.  <\/p>\n<\/p>\n<p><strong>9.<\/strong>\tLos invitamos por su propio bien y el de la Patria a no invertir en candidatos pol\u00edticos pensando obtener beneficios futuros. Inviertan en sus trabajadores y en obras sociales: eso s\u00ed que pone la base de una democracia s\u00f3lida, que ninguna aventura pol\u00edtica la puede derribar. <\/p>\n<\/p>\n<p><strong>10.<\/strong>\tLes exhortamos a no ser indiferentes frente al manejo de las instituciones pol\u00edticas.  Actuemos con la debida conciencia, dig\u00e1mosle no al clientelismo. Participemos conscientemente en la pol\u00edtica,  depositemos el voto por el candidato que nos parezca mejor en principios,  en valores y en actitudes para ser un buen gobernante o un buen funcionario p\u00fablico. Valoremos su honestidad, sus ra\u00edces familiares, su testimonio de vida, su esp\u00edritu de servicio a la comunidad, su capacidad de administrar bien lo ajeno sin creerse due\u00f1o de lo que no le pertenece, y sus propuestas pol\u00edticas.<\/p>\n<\/p>\n<p><strong>11.<\/strong>\tVayamos a las urnas con verdadera conciencia ciudadana y no nos dejemos arrastrar por la masificaci\u00f3n o por simples prebendas. Rechacemos y denunciemos las pr\u00e1cticas corruptas de la compra de c\u00e9dulas y cualquier otra acci\u00f3n fraudulenta. No vendamos nuestra conciencia a la hora de votar. Nadie se sienta obligado a votar por aquel que le ofrece d\u00e1divas. Es la conciencia la que debe determinar el voto no la retribuci\u00f3n por una prebenda recibida o el amiguismo. <\/p>\n<\/p>\n<p><strong>C. Apoyemos a la Junta Central Electoral y acojamos el resultado de los votos<\/strong><\/p>\n<p><strong> <\/strong><\/p>\n<p><strong>12.<\/strong>\tPor \u00faltimo, hacemos el llamado que siempre hemos hecho a los candidatos a puestos electivos. Demos un voto de confianza a la Junta Central Electoral para la organizaci\u00f3n de la contienda. Apoyemos sus medidas administrativas del proceso. Seamos celosos y vigilantes de nuestra democracia.<\/p>\n<\/p>\n<p><strong>13.<\/strong>\tPasadas las elecciones, hay que respetar la decisi\u00f3n de la mayor\u00eda y acoger con benepl\u00e1cito la decisi\u00f3n del pueblo expresada en las urnas. Sum\u00e9monos todos a las autoridades que resulten electas para que tengamos un gobierno que fortalezca la democracia, que sirva al bien com\u00fan y que oriente el pa\u00eds por los mejores senderos, desarrollando la econom\u00eda, fortaleciendo el sistema de salud y la educaci\u00f3n, creando fuente de trabajo, invirtiendo en la seguridad ciudadana, mejorando nuestro sistema energ\u00e9tico, ofreciendo mejores oportunidades a la juventud; que haga valer el imperio de la ley, y en fin, un gobierno que no incluya en su cultura pol\u00edtica ni la corrupci\u00f3n, ni la impunidad, ni el soborno, ni sustente sus ingresos presupuestarios fomentando vicios que empeoran la salud social, como las bancas y juegos de azar, el exceso de bebidas alcoh\u00f3licas; que act\u00fae con transparencia y que gobierne en funci\u00f3n del bienestar de todos. <\/p>\n<\/p>\n<p><strong>2. No olvidemos la ley de Partidos Pol\u00edticos<\/strong><\/p>\n<\/p>\n<p><strong>14.<\/strong>\tPor otra parte, pedimos encarecidamente y sugerimos que pasadas las elecciones del presente a\u00f1o, el Congreso se esfuerce con seriedad y responsabilidad a elaborar y aprobar la Ley de Partidos Pol\u00edticos para una mayor transparencia y ordenamiento en el quehacer pol\u00edtico y para el fortalecimiento de nuestra democracia.<\/p>\n<\/p>\n<p><strong>3. Valoremos la vida<\/strong><\/p>\n<\/p>\n<p><strong>15.<\/strong>\tYa sabemos, y es preocupaci\u00f3n de todos, el crecimiento del clima de violencia que va arropando poco a poco todos los \u00e1mbitos de nuestra sociedad. En febrero del a\u00f1o 2009, tuvimos que dedicar nuestro acostumbrado Mensaje al an\u00e1lisis y reflexi\u00f3n de esta problem\u00e1tica, bajo el t\u00edtulo \u00ab\u00a1Construyamos la Paz! Erradiquemos la violencia y la inseguridad\u00bb. Ahora s\u00f3lo queremos hacer un breve llamado de atenci\u00f3n.<\/p>\n<\/p>\n<p><strong>16.<\/strong>\tLa vida que hemos recibido de Dios es un don de un valor \u00fanico e incalculable. Hemos de apreciarla, cuidarla y preservarla. S\u00f3lo Dios tiene potestad sobre ella. De ah\u00ed que no podemos continuar dando muerte a nuestros semejantes o siendo indiferentes ante tanta sangre derramada por cualquier motivo y sin ninguna raz\u00f3n.<\/p>\n<\/p>\n<p><strong>17.<\/strong>\tLlamamos la atenci\u00f3n de manera particular al Gobierno y a los sectores de mayor poder o influencia social a hacer todo tipo de esfuerzo, y la inversi\u00f3n que sea necesaria, a fin de que se detenga ya esta atm\u00f3sfera de violencia e inseguridad que se va tornando un tanto asfixiante. Hagamos una campa\u00f1a educativa y de concienciaci\u00f3n a todos los niveles sobre la paz, la hermandad, la tolerancia, el valor de la vida y el respeto al hermano y a su entorno y pertenencias. Invirtamos en un proceso educativo que nos ayude a todos a sentir la importancia del vivir en la paz y armon\u00eda con nuestros semejantes y con los dem\u00e1s seres de la creaci\u00f3n. Todos pongamos nuestro granito de arena, especialmente en el campo de la formaci\u00f3n de la conciencia, y comenzando por nosotros mismos, con nuestros j\u00f3venes y ni\u00f1os, miremos a nuestros semejantes como un don de Dios en s\u00ed mismo que merece ser tenido en cuenta, valorado y protegido.<\/p>\n<\/p>\n<\/p>\n<p><strong> <\/strong><\/p>\n<p><strong>18.<\/strong>\tReiteramos al Gobierno que debe hacer un mayor esfuerzo de inversi\u00f3n en los cuerpos de seguridad del Estado. Es tiempo de que se mejoren los salarios de los agentes del orden, se les ofrezca mayor capacitaci\u00f3n y mejores equipamientos para sus labores.<\/p>\n<p><strong> <\/strong><\/p>\n<p><strong>4. Atenci\u00f3n a la salud de los m\u00e1s necesitados<\/strong><\/p>\n<\/p>\n<p><strong>19.<\/strong>\tEn la Carta Pastoral sobre la Misericordia del 21 de enero de este a\u00f1o hac\u00edamos alusi\u00f3n a varios problemas que afectan a nuestra clase m\u00e1s empobrecida. Entre estos ve\u00edamos el problema de tantos enfermos desamparados y desprotegidos que no cuentan con ning\u00fan recurso econ\u00f3mico para hacer frente a su situaci\u00f3n de saludad. Llamamos nueva vez la atenci\u00f3n a seguir mejorando nuestro sistema de salud, que se agilice la inclusi\u00f3n de todos los dominicanos en la seguridad social, que se tenga m\u00e1s cobertura en lo referente a las enfermedades catastr\u00f3ficas, que se mejoren los servicios hospitalarios y que se haga todo lo posible para que los sectores m\u00e1s pobres tengan acceso a medicamentos m\u00e1s baratos y eficientes. Que los hospitales p\u00fablicos cuenten con mayor presupuesto, que sus recursos sean manejados con mayor pulcritud y transparencia para un mejor servicio a los enfermos de menos recursos, y que se mejoren los salarios de los servidores de la salud. En el mismo orden tambi\u00e9n, hemos de prestar mayor atenci\u00f3n a nuestros envejecientes, a los ni\u00f1os desamparados y las madres solteras.<\/p>\n<\/p>\n<p><strong>5. El respeto a la ley y nuestro sistema de justicia<\/strong><\/p>\n<\/p>\n<p><strong>20.<\/strong>\tCuando miramos nuestra realidad y el comportamiento ciudadano en general, percibimos que hay muchos dominicanos que viven y se comportan con civismo y respeto a las leyes. Los hay en todos los niveles del tejido social. Gente que sabe convivir con los dem\u00e1s y que entiende que todos somos iguales ante la ley. Pero hemos de se\u00f1alar que tambi\u00e9n hay otros dominicanos que les encanta vivir como los chivos sin ley, atropellando a todo el mundo y pas\u00e1ndole por encima a todo precepto y orden. Es grave y penoso cuando vemos estos comportamientos en los que tienen como tarea velar por el cumplimiento de la ley.<\/p>\n<\/p>\n<p><strong>21.<\/strong>\tUn tema delicado al que hacemos un llamado particular es al sector de la justicia. Reconocemos que hay muchos jueces serios y honestos que se esfuerzan en el cumplimiento de sus sagrados deberes, respetando y aplicando la ley en el dictamen de sentencias justas. En cambio otros son una verg\u00fcenza para la instituci\u00f3n y el pa\u00eds. Hay que seguir saneando tan alto poder del Estado. No podemos seguir con un poder judicial ama\u00f1ado a intereses pol\u00edticos, ni con jueces corruptos comercializadores de sentencias. Exhortamos a los actores de este \u00e1mbito del poder del Estado a seguir depurando a jueces y fiscales que no merecen tal dignidad. Que se castigue con la debida sanci\u00f3n a quienes cometan faltas graves en el ejercicio de sus funciones. Necesitamos una justicia apegada a la ley y que sea la misma para todos, sin importar su condici\u00f3n social, econ\u00f3mica o pol\u00edtica.<\/p>\n<\/p>\n<\/p>\n<\/p>\n<\/p>\n<p><strong> <\/strong><\/p>\n<p><strong>6. El cuidado a nuestra casa com\u00fan<\/strong><\/p>\n<\/p>\n<p><strong>22. <\/strong>El Papa Francisco, con alta preocupaci\u00f3n, ante el calentamiento global que nos afecta a todos, ha publicado una Carta Enc\u00edclica titulada Laudato Si, en la que invita a todos los ciudadanos del mundo a actuar con una verdadera conciencia ecol\u00f3gica y a que hagamos todos los esfuerzos necesarios para proteger y cuidar nuestra casa com\u00fan que es la tierra. <\/p>\n<\/p>\n<p><strong>23.  <\/strong>Invitamos a seguir cuidando nuestros r\u00edos, limpiando sus afluentes, forestando sus orillas, protegiendo nuestros bosques, manteniendo limpias nuestras casas, barrios, calles y avenidazas. Cuidemos nuestros animales y especies, y sobretodo respetemos la integridad del ser humano.<\/p>\n<\/p>\n<p><strong>24. <\/strong>Dada la trascendencia de esta tem\u00e1tica, esta Conferencia nos proponemos ofrecer pr\u00f3ximamente una reflexi\u00f3n m\u00e1s ampliada, a la luz del documento del Santo Padre, sobre la realidad de nuestro h\u00e1bitat, sobre nuestra Quisqueya, casa com\u00fan de todos los que hemos tenido la dicha de nacer o vivir sobre \u00e9ste nuestro apreciado terru\u00f1o. <\/p>\n<p><strong> <\/strong><\/p>\n<p><strong>25.  <\/strong>Que bajo la protecci\u00f3n de la Virgen Sant\u00edsima, nuestra madre de la Altagracia, el Padre de la Misericordia tenga compasi\u00f3n de nosotros, nos ilumine con la luz de su Esp\u00edritu y con la gracia de su Hijo nos ayude a construir un pa\u00eds m\u00e1s pr\u00f3spero, armonioso y en paz con todos.<\/p>\n<\/p>\n<p><strong>Santo Domingo, Rep\u00fablica Dominicana, 27 de Febrero de 2016.<\/strong><\/p>\n<\/p>\n<p><strong>Dios les bendiga,<\/strong><\/p>\n<\/p>\n<p><strong>Nicol\u00e1s de Jes\u00fas Cardenal L\u00f3pez Rodr\u00edguez,<\/strong><\/p>\n<p>Arzobispo Metropolitano de Santo Domingo, <\/p>\n<p>Primado de Am\u00e9rica, <\/p>\n<\/p>\n<p><strong>Freddy Antonio de Jes\u00fas Bret\u00f3n Mart\u00ednez<\/strong>,<\/p>\n<p>Arzobispo Metropolitano de Santiago de los Caballeros <\/p>\n<\/p>\n<p><strong>Gregorio Nicanor Pe\u00f1a Rodr\u00edguez,<\/strong><\/p>\n<p>Obispo de la Altagracia, Hig\u00fcey<\/p>\n<p>Presidente de la Conferencia del Episcopado Dominicano <\/p>\n<p><strong> <\/strong><\/p>\n<p><strong>Jos\u00e9 Dolores Grull\u00f3n Estrella,<\/strong><\/p>\n<p>Obispo de San Juan de la Maguana <\/p>\n<p>Vicepresidente de la Conferencia del Episcopado Dominicano <\/p>\n<\/p>\n<p><strong>Francisco Ozoria Acosta,<\/strong><\/p>\n<p>Obispo de San Pedro de Macor\u00eds<\/p>\n<\/p>\n<p><strong>Di\u00f3medes Espinal De Le\u00f3n<\/strong>,<\/p>\n<p>Obispo de Mao-Montecristi <\/p>\n<\/p>\n<h6> 2016-02-17 17:40:30 <\/h6>\n<p><!--\n<link rel=\"stylesheet\" href=\"css\/bootstrap.min.css\">\n\n\n<ul class=\"pagination\">\n\t    \n\t\n\n<li >\n\t<a href='?page_no=13665'>Previous<\/a>\n\t<\/li>\n\n\n       \n    \n\n<li><a href='?page_no=1'>1<\/a><\/li>\n\n\n\n<li><a href='?page_no=2'>2<\/a><\/li>\n\n\n\n<li><a>...<\/a><\/li>\n\n\n\n<li><a href='?page_no=13664'>13664<\/a><\/li>\n\n\n\n<li><a href='?page_no=13665'>13665<\/a><\/li>\n\n\n\n<li class='active'><a>13666<\/a><\/li>\n\n\n\n<li><a href='?page_no=13667'>13667<\/a><\/li>\n\n\n\n<li><a href='?page_no=13668'>13668<\/a><\/li>\n\n\n\n<li><a>...<\/a><\/li>\n\n\n\n<li><a href='?page_no=56169'>56169<\/a><\/li>\n\n\n\n<li><a href='?page_no=56170'>56170<\/a><\/li>\n\n    \n\t\n\n<li >\n\t<a href='?page_no=13667'>Next<\/a>\n\t<\/li>\n\n\n    \n\n<li><a href='?page_no=56170'>Last &rsaquo;&rsaquo;<\/a><\/li>\n\n<\/ul>\n\n\n--><br \/>\n<\/body><\/p>\n","protected":false},"excerpt":{"rendered":"<p>Pr\u00f3ximas elecciones y otras urgencias Introducci\u00f3n 1. Nos dirigimos a todo el pueblo dominicano, hombres y mujeres de buena voluntad, en ocasi\u00f3n de la Fiesta Patria de la Independencia, del 27 de Febrero 2016. Esta vez queremos dirigir un mensaje breve de cara a la contienda electoral del 15 de mayo. 2. En primer lugar [&hellip;]<\/p>\n","protected":false},"author":3,"featured_media":0,"comment_status":"open","ping_status":"open","sticky":false,"template":"","format":"standard","meta":{"footnotes":""},"categories":[20],"tags":[],"class_list":["post-219333","post","type-post","status-publish","format-standard","hentry","category-dominicana-hoy"],"_links":{"self":[{"href":"https:\/\/diariodominicano.com\/index.php?rest_route=\/wp\/v2\/posts\/219333","targetHints":{"allow":["GET"]}}],"collection":[{"href":"https:\/\/diariodominicano.com\/index.php?rest_route=\/wp\/v2\/posts"}],"about":[{"href":"https:\/\/diariodominicano.com\/index.php?rest_route=\/wp\/v2\/types\/post"}],"author":[{"embeddable":true,"href":"https:\/\/diariodominicano.com\/index.php?rest_route=\/wp\/v2\/users\/3"}],"replies":[{"embeddable":true,"href":"https:\/\/diariodominicano.com\/index.php?rest_route=%2Fwp%2Fv2%2Fcomments&post=219333"}],"version-history":[{"count":0,"href":"https:\/\/diariodominicano.com\/index.php?rest_route=\/wp\/v2\/posts\/219333\/revisions"}],"wp:attachment":[{"href":"https:\/\/diariodominicano.com\/index.php?rest_route=%2Fwp%2Fv2%2Fmedia&parent=219333"}],"wp:term":[{"taxonomy":"category","embeddable":true,"href":"https:\/\/diariodominicano.com\/index.php?rest_route=%2Fwp%2Fv2%2Fcategories&post=219333"},{"taxonomy":"post_tag","embeddable":true,"href":"https:\/\/diariodominicano.com\/index.php?rest_route=%2Fwp%2Fv2%2Ftags&post=219333"}],"curies":[{"name":"wp","href":"https:\/\/api.w.org\/{rel}","templated":true}]}}