{"id":219332,"date":"2016-02-17T18:29:48","date_gmt":"2016-02-17T18:29:48","guid":{"rendered":"http:\/\/diariodominicano.ddns.net\/?p=219332"},"modified":"2016-02-17T18:29:48","modified_gmt":"2016-02-17T18:29:48","slug":"obispo-de-san-francisco-valora-visitas-sorpresa","status":"publish","type":"post","link":"https:\/\/diariodominicano.com\/?p=219332","title":{"rendered":"Obispo de San Francisco valora visitas sorpresa"},"content":{"rendered":"<p><body><\/p>\n<p><img decoding=\"async\" src=\"img3\/obispo.jpg\" \/>  <\/p>\n<p><span class=\"text1noticias\">Santo Domingo, RD, 17 de febrero.-Monse\u00f1or Fausto Mej\u00eda Vallejo, obispo de la di\u00f3cesis de San Francisco de Macor\u00eds, calific\u00f3 las visitas sorpresa como un gesto de sensibilidad, amor y solidaridad del presidente Danilo Medina para con las personas pobres del pa\u00eds.<\/span><\/p>\n<\/p>\n<p><span class=\"text1noticias\">Las declaraciones del religioso cat\u00f3lico se produjeron en una eucarist\u00eda de acci\u00f3n de gracias que sirvi\u00f3 de acto de inauguraci\u00f3n de la  Catedral Santa Ana, en la que particip\u00f3 el jefe de Estado.<\/span><\/p>\n<\/p>\n<p><strong><span class=\"text1noticias\">Un acto de grandeza del presidente<\/span><\/strong><\/p>\n<\/p>\n<p><span class=\"text1noticias\">En su homil\u00eda, el obispo felicit\u00f3 al gobernante por las visitas sorpresa que realiza, precisando que es un acto de grandeza que realiza al dedicar sus d\u00edas de descanso para brindarles solidaridad y esperanza a los hombres y mujeres del campo.<\/span><\/p>\n<\/p>\n<p><span class=\"text1noticias\">El sacerdote Mej\u00eda Vallejo signific\u00f3 que constituye un gran gesto el hecho de que Danilo Medina visite a las comunidades, \u00abporque aunque usted no les ofreciera nada, el solo hecho de acercarse a estas personas ya es un acto verdaderamente grande\u00bb.<\/span><\/p>\n<p><span class=\"text1noticias\"><strong>Dignifica a las personas<\/strong><\/span><\/p>\n<\/p>\n<p><span class=\"text1noticias\">El obispo de San Francisco de Macor\u00eds estim\u00f3 que es interesante el hecho de que sean financiamientos lo que reciben los productores pobres a trav\u00e9s de las visitas sorpresa, lo que dignifica a las personas.<\/span><\/p>\n<\/p>\n<p><strong><span class=\"text1noticias\">Agradece apoyo financiero<\/span><\/strong><\/p>\n<\/p>\n<p><span class=\"text1noticias\">Fausto Mej\u00eda Vallejo agradeci\u00f3, asimismo, el apoyo financiero del Gobierno para la reconstrucci\u00f3n de esta catedral, y para la construcci\u00f3n de tres salones.<\/span><\/p>\n<\/p>\n<p><span class=\"text1noticias\">Explic\u00f3 que de los tres salones, uno de ellos tiene capacidad para 500 personas y est\u00e1 previsto para reuniones. Tambi\u00e9n otro con capacidad para 100 personas y uno para 200, los cuales est\u00e1n destinados a la impartici\u00f3n de talleres de formaci\u00f3n.<\/span><\/p>\n<\/p>\n<p><strong><span class=\"text1noticias\">Felices y contentos<\/span><\/strong><\/p>\n<\/p>\n<p><span class=\"text1noticias\">Manifest\u00f3 que los moradores de San Francisco de Macor\u00eds hoy est\u00e1n felices y contentos con la remozada Catedral, que se ha constituido en un orgullo para el municipio y toda la provincia.<\/span><\/p>\n<\/p>\n<p><span class=\"text1noticias\">Tras el corte de cinta y el recorrido por la catedral y los nuevos salones de actividades, Danilo Medina sostuvo una reuni\u00f3n privada con autoridades y personalidades representativas de la  provincia.<\/span><\/p>\n<\/p>\n<p><span class=\"text1noticias\">En el acto estuvieron los ministros administrativos de la Presidencia, Jos\u00e9 Ram\u00f3n Peralta y de Educaci\u00f3n, Carlos Amarante Baret; tambi\u00e9n la gobernadora Miledys N\u00fa\u00f1ez; el senador Am\u00edlcar Romero, as\u00ed como los asistentes especiales del presidente, Carlos Pared P\u00e9rez y Robert de la Cruz, religiosos e integrantes de la sociedad civil<\/span>.<\/p>\n<h6> 2016-02-17 18:29:48 <\/h6>\n<p><!--\n<link rel=\"stylesheet\" href=\"css\/bootstrap.min.css\">\n\n\n<ul class=\"pagination\">\n\t    \n\t\n\n<li >\n\t<a href='?page_no=13664'>Previous<\/a>\n\t<\/li>\n\n\n       \n    \n\n<li><a href='?page_no=1'>1<\/a><\/li>\n\n\n\n<li><a href='?page_no=2'>2<\/a><\/li>\n\n\n\n<li><a>...<\/a><\/li>\n\n\n\n<li><a href='?page_no=13663'>13663<\/a><\/li>\n\n\n\n<li><a href='?page_no=13664'>13664<\/a><\/li>\n\n\n\n<li class='active'><a>13665<\/a><\/li>\n\n\n\n<li><a href='?page_no=13666'>13666<\/a><\/li>\n\n\n\n<li><a href='?page_no=13667'>13667<\/a><\/li>\n\n\n\n<li><a>...<\/a><\/li>\n\n\n\n<li><a href='?page_no=56169'>56169<\/a><\/li>\n\n\n\n<li><a href='?page_no=56170'>56170<\/a><\/li>\n\n    \n\t\n\n<li >\n\t<a href='?page_no=13666'>Next<\/a>\n\t<\/li>\n\n\n    \n\n<li><a href='?page_no=56170'>Last &rsaquo;&rsaquo;<\/a><\/li>\n\n<\/ul>\n\n\n--><br \/>\n<\/body><\/p>\n","protected":false},"excerpt":{"rendered":"<p>Santo Domingo, RD, 17 de febrero.-Monse\u00f1or Fausto Mej\u00eda Vallejo, obispo de la di\u00f3cesis de San Francisco de Macor\u00eds, calific\u00f3 las visitas sorpresa como un gesto de sensibilidad, amor y solidaridad del presidente Danilo Medina para con las personas pobres del pa\u00eds. Las declaraciones del religioso cat\u00f3lico se produjeron en una eucarist\u00eda de acci\u00f3n de gracias [&hellip;]<\/p>\n","protected":false},"author":3,"featured_media":0,"comment_status":"open","ping_status":"open","sticky":false,"template":"","format":"standard","meta":{"footnotes":""},"categories":[20],"tags":[],"class_list":["post-219332","post","type-post","status-publish","format-standard","hentry","category-dominicana-hoy"],"_links":{"self":[{"href":"https:\/\/diariodominicano.com\/index.php?rest_route=\/wp\/v2\/posts\/219332","targetHints":{"allow":["GET"]}}],"collection":[{"href":"https:\/\/diariodominicano.com\/index.php?rest_route=\/wp\/v2\/posts"}],"about":[{"href":"https:\/\/diariodominicano.com\/index.php?rest_route=\/wp\/v2\/types\/post"}],"author":[{"embeddable":true,"href":"https:\/\/diariodominicano.com\/index.php?rest_route=\/wp\/v2\/users\/3"}],"replies":[{"embeddable":true,"href":"https:\/\/diariodominicano.com\/index.php?rest_route=%2Fwp%2Fv2%2Fcomments&post=219332"}],"version-history":[{"count":0,"href":"https:\/\/diariodominicano.com\/index.php?rest_route=\/wp\/v2\/posts\/219332\/revisions"}],"wp:attachment":[{"href":"https:\/\/diariodominicano.com\/index.php?rest_route=%2Fwp%2Fv2%2Fmedia&parent=219332"}],"wp:term":[{"taxonomy":"category","embeddable":true,"href":"https:\/\/diariodominicano.com\/index.php?rest_route=%2Fwp%2Fv2%2Fcategories&post=219332"},{"taxonomy":"post_tag","embeddable":true,"href":"https:\/\/diariodominicano.com\/index.php?rest_route=%2Fwp%2Fv2%2Ftags&post=219332"}],"curies":[{"name":"wp","href":"https:\/\/api.w.org\/{rel}","templated":true}]}}