{"id":219330,"date":"2016-02-18T08:45:46","date_gmt":"2016-02-18T08:45:46","guid":{"rendered":"http:\/\/diariodominicano.ddns.net\/?p=219330"},"modified":"2016-02-18T08:45:46","modified_gmt":"2016-02-18T08:45:46","slug":"con-campana-tu-no-ta-pa-eso-se-busca-orientar-y-prevenir-adolescentes-sobre-el-embarazo","status":"publish","type":"post","link":"https:\/\/diariodominicano.com\/?p=219330","title":{"rendered":"Con campa\u00f1a  \u00abTu no ta pa eso\u00bb se busca orientar y prevenir adolescentes sobre el embarazo"},"content":{"rendered":"<p><body><\/p>\n<p><img decoding=\"async\" src=\"img3\/marga 1.jpeg\" \/><br \/><img decoding=\"async\" src=\"img3\/lanza 1.jpeg\" \/>  <\/p>\n<p>Santo Domingo RD 18 febrero.- Con la presencia de la vicepresidenta Margarita Cede\u00f1o de Fern\u00e1ndez, diversas instituciones nacionales lanzaron la Campa\u00f1a \u00abTu no ta? pa? eso\u00bb, dirigida a orientar y prevenir el embarazo en adolescentes y reducir los altos \u00edndices que tiene el pa\u00eds de esa problem\u00e1tica. <\/p>\n<\/p>\n<p>La Campa\u00f1a Nacional de Prevenci\u00f3n de Embarazos en Adolescentes, es coordinada por el Comit\u00e9 T\u00e9cnico Interinstitucional, que lo integran instituciones del estado, organismos internacionales, agencias de cooperaci\u00f3n y organizaciones de la sociedad civil y constituye una iniciativa que contribuye con la implementaci\u00f3n de del Plan Nacional de Prevenci\u00f3n de embarazos en adolescentes. <\/p>\n<\/p>\n<p>En la campa\u00f1a se abordan mensajes sobre las consecuencias del embarazo precoz, se promueven valores y la importancia de planear proyectos de vida desde la adolescencia. Adem\u00e1s de ofrecen informaciones sobre las infecciones de trasmisi\u00f3n sexual y VIH, los m\u00e9todos de planificaci\u00f3n familiar, los derechos sexuales y reproductivos y la autoestima, entre otras tem\u00e1ticas.<\/p>\n<\/p>\n<p>La campa\u00f1a se present\u00f3 en un acto masivo realizado en el centro ol\u00edmpico por Jeannie Ferreras, oficial de g\u00e9nero y juventud del Fondo de Poblaci\u00f3n de las Naciones Unidas (UNFPA). <\/p>\n<\/p>\n<p>De acuerdo a los \u00faltimos estudios, la tasa de fecundidad en adolescentes en Rep\u00fablica Dominicana duplica la tasa mundial, que es de 49%. El pa\u00eds se encuentra entre las tres naciones con m\u00e1s embarazos en adolescentes en Am\u00e9rica Latina y se estima que el 21.4% de las mujeres entre los 20 y 24 a\u00f1os, tuvieron al menos un hijo antes de los 18 a\u00f1os. <\/p>\n<\/p>\n<p>Entre las instituciones que integran el comit\u00e9 se encuentran la Vicepresidencia de la Rep\u00fablica Dominicana, los Ministerios de Educaci\u00f3n, de la Mujer, de Salud P\u00fablica, Juventud y Deportes, la Comisi\u00f3n Permanente de Equidad y G\u00e9nero de la c\u00e1mara de la C\u00e1mara de Diputados, el Consejo Nacional para la Ni\u00f1ez y la Adolescencia, entre otros.<\/p>\n<\/p>\n<h6> 2016-02-18 08:45:46 <\/h6>\n<p><!--\n<link rel=\"stylesheet\" href=\"css\/bootstrap.min.css\">\n\n\n<ul class=\"pagination\">\n\t    \n\t\n\n<li >\n\t<a href='?page_no=13662'>Previous<\/a>\n\t<\/li>\n\n\n       \n    \n\n<li><a href='?page_no=1'>1<\/a><\/li>\n\n\n\n<li><a href='?page_no=2'>2<\/a><\/li>\n\n\n\n<li><a>...<\/a><\/li>\n\n\n\n<li><a href='?page_no=13661'>13661<\/a><\/li>\n\n\n\n<li><a href='?page_no=13662'>13662<\/a><\/li>\n\n\n\n<li class='active'><a>13663<\/a><\/li>\n\n\n\n<li><a href='?page_no=13664'>13664<\/a><\/li>\n\n\n\n<li><a href='?page_no=13665'>13665<\/a><\/li>\n\n\n\n<li><a>...<\/a><\/li>\n\n\n\n<li><a href='?page_no=56169'>56169<\/a><\/li>\n\n\n\n<li><a href='?page_no=56170'>56170<\/a><\/li>\n\n    \n\t\n\n<li >\n\t<a href='?page_no=13664'>Next<\/a>\n\t<\/li>\n\n\n    \n\n<li><a href='?page_no=56170'>Last &rsaquo;&rsaquo;<\/a><\/li>\n\n<\/ul>\n\n\n--><br \/>\n<\/body><\/p>\n","protected":false},"excerpt":{"rendered":"<p>Santo Domingo RD 18 febrero.- Con la presencia de la vicepresidenta Margarita Cede\u00f1o de Fern\u00e1ndez, diversas instituciones nacionales lanzaron la Campa\u00f1a \u00abTu no ta? pa? eso\u00bb, dirigida a orientar y prevenir el embarazo en adolescentes y reducir los altos \u00edndices que tiene el pa\u00eds de esa problem\u00e1tica. La Campa\u00f1a Nacional de Prevenci\u00f3n de Embarazos en [&hellip;]<\/p>\n","protected":false},"author":3,"featured_media":0,"comment_status":"open","ping_status":"open","sticky":false,"template":"","format":"standard","meta":{"footnotes":""},"categories":[20],"tags":[],"class_list":["post-219330","post","type-post","status-publish","format-standard","hentry","category-dominicana-hoy"],"_links":{"self":[{"href":"https:\/\/diariodominicano.com\/index.php?rest_route=\/wp\/v2\/posts\/219330","targetHints":{"allow":["GET"]}}],"collection":[{"href":"https:\/\/diariodominicano.com\/index.php?rest_route=\/wp\/v2\/posts"}],"about":[{"href":"https:\/\/diariodominicano.com\/index.php?rest_route=\/wp\/v2\/types\/post"}],"author":[{"embeddable":true,"href":"https:\/\/diariodominicano.com\/index.php?rest_route=\/wp\/v2\/users\/3"}],"replies":[{"embeddable":true,"href":"https:\/\/diariodominicano.com\/index.php?rest_route=%2Fwp%2Fv2%2Fcomments&post=219330"}],"version-history":[{"count":0,"href":"https:\/\/diariodominicano.com\/index.php?rest_route=\/wp\/v2\/posts\/219330\/revisions"}],"wp:attachment":[{"href":"https:\/\/diariodominicano.com\/index.php?rest_route=%2Fwp%2Fv2%2Fmedia&parent=219330"}],"wp:term":[{"taxonomy":"category","embeddable":true,"href":"https:\/\/diariodominicano.com\/index.php?rest_route=%2Fwp%2Fv2%2Fcategories&post=219330"},{"taxonomy":"post_tag","embeddable":true,"href":"https:\/\/diariodominicano.com\/index.php?rest_route=%2Fwp%2Fv2%2Ftags&post=219330"}],"curies":[{"name":"wp","href":"https:\/\/api.w.org\/{rel}","templated":true}]}}