{"id":219328,"date":"2016-02-18T10:19:03","date_gmt":"2016-02-18T10:19:03","guid":{"rendered":"http:\/\/diariodominicano.ddns.net\/?p=219328"},"modified":"2016-02-18T10:19:03","modified_gmt":"2016-02-18T10:19:03","slug":"con-pro-rural-gobierno-impulsa-desarrollo-socioeconomico-integral-de-pequenos-productores-en-rd","status":"publish","type":"post","link":"https:\/\/diariodominicano.com\/?p=219328","title":{"rendered":"Con Pro rural, Gobierno impulsa desarrollo socioecon\u00f3mico integral de peque\u00f1os productores en RD"},"content":{"rendered":"<p><body><\/p>\n<p><img decoding=\"async\" src=\"img3\/multi 1.jpg\" \/>  <\/p>\n<p>Roma, Italia 18 febrero.-  Con la puesta en marcha del programa Pro-Rural apoyado por el Fondo Internacional de Desarrollo Agr\u00edcola (FIDA), el gobierno del presidente Danilo Medina S\u00e1nchez, impulsa el desarrollo socio econ\u00f3mico integral de los peque\u00f1os productores y productoras, as\u00ed como de sus familias en la Rep\u00fablica Dominicana.<\/p>\n<\/p>\n<p>As\u00ed lo afirm\u00f3 este martes en Italia, el director general de Cooperaci\u00f3n Multilateral, ingeniero Antonio Vargas Hern\u00e1ndez, durante una sesi\u00f3n de trabajo del Consejo de Gobernadores del FIDA, ante la presencia de representantes de gobiernos y organismos de las Naciones Unidas.<\/p>\n<\/p>\n<p>Vargas Hern\u00e1ndez, es Gobernador de los fondos FIDA en Rep\u00fablica Dominicana, y miembro de la Junta Ejecutiva del importante organismo internacional que apoya los esfuerzos gubernamentales dirigidos al combate a la pobreza y de mejora de la seguridad alimentaria.<\/p>\n<\/p>\n<p>Resalt\u00f3 la alianza estrat\u00e9gica de car\u00e1cter p\u00fablico- privada que implementa la Direcci\u00f3n General de Cooperaci\u00f3n Multilateral (DIGECOOM), adscrita al Ministerio de Econom\u00eda, Planificaci\u00f3n y Desarrollo, para garantizar la eficiente y eficacia del referido programa en el pa\u00eds.<\/p>\n<\/p>\n<p>Ponder\u00f3 la incorporaci\u00f3n de instituciones p\u00fablicas, como el Ministerio de Agricultura, el Instituto Agrario Dominicano, el Banco Agr\u00edcola, el Instituto de Desarrollo y Cr\u00e9dito Cooperativo, la Direcci\u00f3n General de Programas Especiales de la Presidencia, el Instituto Dominicano la Calidad y la Direcci\u00f3n General de Ordenamiento y Desarrollo Territorial.<\/p>\n<\/p>\n<p>\u00abDeseo resaltar que, adem\u00e1s de integrar a estas y otras instituciones gubernamentales, nos hemos aliado a la Junta Agroempresarial Dominicana (JAD), instituci\u00f3n privada que re\u00fane a m\u00e1s de 8 mil asociaciones y cooperativas de peque\u00f1os productores, las cuales suman 168 mil 683 socios\u00bb, apunt\u00f3. <\/p>\n<\/p>\n<p>Destac\u00f3 que la referida alianza p\u00fablico-privada, se enmarca dentro del convenio de financiaci\u00f3n oficializado entre el FIDA y el gobierno, en sinton\u00eda con la Estrategia Nacional de Desarrollo, las Metas Presidenciales, y con la pol\u00edtica de desarrollo rural del presidente Medina S\u00e1nchez, a trav\u00e9s de las visitas sorpresas.<\/p>\n<\/p>\n<p>El funcionario, tambi\u00e9n resalt\u00f3 el reconocimiento que ha recibido el modelo de desarrollo agro alimentario de las visitas sorpresas, de parte de la Organizaci\u00f3n de las Naciones Unidas para la Alimentaci\u00f3n y la Agricultura (FAO), del Programa de las Naciones Unidas  para el Desarrollo (PNUD), y de otros organismos y gobiernos internacionales.<\/p>\n<h6> 2016-02-18 10:19:03 <\/h6>\n<p><!--\n<link rel=\"stylesheet\" href=\"css\/bootstrap.min.css\">\n\n\n<ul class=\"pagination\">\n\t    \n\t\n\n<li >\n\t<a href='?page_no=13660'>Previous<\/a>\n\t<\/li>\n\n\n       \n    \n\n<li><a href='?page_no=1'>1<\/a><\/li>\n\n\n\n<li><a href='?page_no=2'>2<\/a><\/li>\n\n\n\n<li><a>...<\/a><\/li>\n\n\n\n<li><a href='?page_no=13659'>13659<\/a><\/li>\n\n\n\n<li><a href='?page_no=13660'>13660<\/a><\/li>\n\n\n\n<li class='active'><a>13661<\/a><\/li>\n\n\n\n<li><a href='?page_no=13662'>13662<\/a><\/li>\n\n\n\n<li><a href='?page_no=13663'>13663<\/a><\/li>\n\n\n\n<li><a>...<\/a><\/li>\n\n\n\n<li><a href='?page_no=56169'>56169<\/a><\/li>\n\n\n\n<li><a href='?page_no=56170'>56170<\/a><\/li>\n\n    \n\t\n\n<li >\n\t<a href='?page_no=13662'>Next<\/a>\n\t<\/li>\n\n\n    \n\n<li><a href='?page_no=56170'>Last &rsaquo;&rsaquo;<\/a><\/li>\n\n<\/ul>\n\n\n--><br \/>\n<\/body><\/p>\n","protected":false},"excerpt":{"rendered":"<p>Roma, Italia 18 febrero.- Con la puesta en marcha del programa Pro-Rural apoyado por el Fondo Internacional de Desarrollo Agr\u00edcola (FIDA), el gobierno del presidente Danilo Medina S\u00e1nchez, impulsa el desarrollo socio econ\u00f3mico integral de los peque\u00f1os productores y productoras, as\u00ed como de sus familias en la Rep\u00fablica Dominicana. As\u00ed lo afirm\u00f3 este martes en [&hellip;]<\/p>\n","protected":false},"author":3,"featured_media":0,"comment_status":"open","ping_status":"open","sticky":false,"template":"","format":"standard","meta":{"footnotes":""},"categories":[20],"tags":[],"class_list":["post-219328","post","type-post","status-publish","format-standard","hentry","category-dominicana-hoy"],"_links":{"self":[{"href":"https:\/\/diariodominicano.com\/index.php?rest_route=\/wp\/v2\/posts\/219328","targetHints":{"allow":["GET"]}}],"collection":[{"href":"https:\/\/diariodominicano.com\/index.php?rest_route=\/wp\/v2\/posts"}],"about":[{"href":"https:\/\/diariodominicano.com\/index.php?rest_route=\/wp\/v2\/types\/post"}],"author":[{"embeddable":true,"href":"https:\/\/diariodominicano.com\/index.php?rest_route=\/wp\/v2\/users\/3"}],"replies":[{"embeddable":true,"href":"https:\/\/diariodominicano.com\/index.php?rest_route=%2Fwp%2Fv2%2Fcomments&post=219328"}],"version-history":[{"count":0,"href":"https:\/\/diariodominicano.com\/index.php?rest_route=\/wp\/v2\/posts\/219328\/revisions"}],"wp:attachment":[{"href":"https:\/\/diariodominicano.com\/index.php?rest_route=%2Fwp%2Fv2%2Fmedia&parent=219328"}],"wp:term":[{"taxonomy":"category","embeddable":true,"href":"https:\/\/diariodominicano.com\/index.php?rest_route=%2Fwp%2Fv2%2Fcategories&post=219328"},{"taxonomy":"post_tag","embeddable":true,"href":"https:\/\/diariodominicano.com\/index.php?rest_route=%2Fwp%2Fv2%2Ftags&post=219328"}],"curies":[{"name":"wp","href":"https:\/\/api.w.org\/{rel}","templated":true}]}}