{"id":219327,"date":"2016-02-18T10:35:48","date_gmt":"2016-02-18T10:35:48","guid":{"rendered":"http:\/\/diariodominicano.ddns.net\/?p=219327"},"modified":"2016-02-18T10:35:48","modified_gmt":"2016-02-18T10:35:48","slug":"facultad-realizo-con-exito-el-congreso-nacional-ecologia-y-conciencia-ciudadana-2016","status":"publish","type":"post","link":"https:\/\/diariodominicano.com\/?p=219327","title":{"rendered":"Facultad realiz\u00f3  con \u00e9xito el Congreso Nacional \u00abEcolog\u00eda y Conciencia Ciudadana 2016\u00bb"},"content":{"rendered":"<p><body><\/p>\n<p><img decoding=\"async\" src=\"img3\/trata 3.jpg\" \/><br \/><img decoding=\"async\" src=\"img3\/trata 1.jpg\" \/>  <\/p>\n<p>Santo Domingo RD 18 febrero.- 2016. La Facultad de Ciencias Religiosas de la Universidad Cat\u00f3lica Santo Domingo realiz\u00f3 el Congreso Nacional Ecolog\u00eda y Conciencia Ciudadana 2016, que tiene como finalidad salvar a la humanidad e iluminar las pr\u00e1cticas para el bienestar ecol\u00f3gico en Rep\u00fablica  Dominicana mediante la enc\u00edclica Laudato Si, del Papa Francisco.<\/p>\n<\/p>\n<p>La apertura del evento estuvo encabezada por Monse\u00f1or Rafael Felipe N\u00fa\u00f1ez, Obispo Em\u00e9rito de la Di\u00f3cesis de Barahona y Presidente de la Comisi\u00f3n Pastoral Ecol\u00f3gica, quien tuvo a su cargo la  invocaci\u00f3n para bendecir el inicio del acto; mientras que las palabras de apertura y bienvenida fueron pronunciadas por el Rector de la Universidad Cat\u00f3lica Santo Domingo, Reverendo Padre Doctor Jes\u00fas Castro Marte, y la presentaci\u00f3n formal de este importante congreso estuvo dirigida por la Doctora \u00c1ngela Cabrera, Decana de la Facultad de Ciencias Religiosas de la Universidad, como invitado especial estuvo el nuncio apost\u00f3lico, Arzobispo Jude Thaddeus Okolo.<\/p>\n<\/p>\n<p>La Doctora Cabrera se refiri\u00f3 en su discurso al objetivo central de este congreso al se\u00f1alar que el mismo  \u00abbusca crear un debate y proponer soluciones a los problemas ambientales del pa\u00eds como son: analizar las leyes medioambientales en la sociedad dominicana, debatir acad\u00e9micamente sobre las problem\u00e1ticas m\u00e1s importantes concernientes al medioambiente en el territorio nacional, conocer los procedimientos, causas y consecuencias del sistema de explotaci\u00f3n de recursos naturales en Rep\u00fablica Dominicana, socializar estrategias de reciclaje como aporte al cuidado medioambiental, concientizar a la ciudadan\u00eda sobre el cuidado de la casa com\u00fan mediante el compromiso solidario y ofrecer a la sociedad un documento de consulta actualizado en los asuntos medioambientales\u00bb.<\/p>\n<\/p>\n<\/p>\n<p>La Decana de la Facultad de Ciencias Religiosas se\u00f1al\u00f3 adem\u00e1s que, en este congreso sobre Ecolog\u00eda y Conciencia Ciudadana, los  especialistas debatir\u00e1n las tem\u00e1ticas establecidas, haciendo sus aportes con la finalidad de que un mismo asunto tenga la \u00f3ptica de cada sector responsable. As\u00ed, continu\u00f3 se establecer\u00e1n significativos resultados para la sanidad del medioambiente nacional y el p\u00fablico asistente tendr\u00e1 la oportunidad de enriquecerse con las referencias te\u00f3rico-pr\u00e1cticas que les permitir\u00e1n formular pol\u00edticas y contribuciones espec\u00edficas en sus respectivas \u00e1reas.<\/p>\n<\/p>\n<\/p>\n<p>Los temas tratados fueron: La legislaci\u00f3n ambiental y su aplicaci\u00f3n en la Rep\u00fablica Dominicana, Problem\u00e1tica generada por las leyes relativas a la creaci\u00f3n de \u00e1reas protegidas, Ley 6400 y su adaptaci\u00f3n para ni\u00f1os y j\u00f3venes, Situaci\u00f3n de los recursos naturales en la Rep\u00fablica Dominicana: a\u00f1o 2016, La sostenibilidad de la creaci\u00f3n, Recursos naturales y medio ambiente: usos, degradaci\u00f3n y recuperaci\u00f3n, Explotaci\u00f3n de suelo y la corteza terrestre, An\u00e1lisis en el uso del territorio y pol\u00edticas ambientales, Cambio clim\u00e1tico y procesos de degradaci\u00f3n de los recursos naturales, Reciclaje urbano: incorporando mejores pr\u00e1cticas en espacios p\u00fablicos y privados, Reciclaje como alternativa para la preservaci\u00f3n del medioambiente en los municipios, entre otros.<\/p>\n<\/p>\n<\/p>\n<p>La actividad se llev\u00f3 a cabo durante dos d\u00edas en las instalaciones del Pabell\u00f3n de la Fama del Deporte Dominicano, Centro Ol\u00edmpico \u00abJuan Pablo Duarte\u00bb. Las entidades que participaron fueron: los Ministerios de Medio Ambiente y Recursos Naturales, Ministerio de Educaci\u00f3n, el Consejo Nacional de Drogas, Academia de Ciencias, Red Ambiental de Universidades, Universidad Aut\u00f3noma Santo Domingo, el Consejo Nacional de Empresas Privadas, Ministerio de Industria y Comercio, entre otras.<\/p>\n<\/p>\n<\/p>\n<p>Este  evento estuvo dirigido a estudiantes universitarios, maestros de todas las \u00e1reas y niveles, empleados designados por organismos e instituciones co-auspiciadoras e interesados, en sentido general.<\/p>\n<\/p>\n<\/p>\n<p>Historia de la UCSD:<\/p>\n<\/p>\n<\/p>\n<p>El 29 de Agosto de 1983, con un grupo de 65 estudiantes comienzan las clases en el Convento de los Dominicos, cuna de la primera universidad de Am\u00e9rica.<\/p>\n<\/p>\n<p>La Universidad Cat\u00f3lica Santo Domingo es una instituci\u00f3n privada de educaci\u00f3n superior sin fines de lucro, patrocinada y sostenida por la Fundaci\u00f3n Universitaria Cat\u00f3lica Inc., con personalidad jur\u00eddica otorgada mediante el decreto No. 2048 del Poder Ejecutivo, del d\u00eda 8 de Junio de 1984.<\/p>\n<\/p>\n<h6> 2016-02-18 10:35:48 <\/h6>\n<p><!--\n<link rel=\"stylesheet\" href=\"css\/bootstrap.min.css\">\n\n\n<ul class=\"pagination\">\n\t    \n\t\n\n<li >\n\t<a href='?page_no=13659'>Previous<\/a>\n\t<\/li>\n\n\n       \n    \n\n<li><a href='?page_no=1'>1<\/a><\/li>\n\n\n\n<li><a href='?page_no=2'>2<\/a><\/li>\n\n\n\n<li><a>...<\/a><\/li>\n\n\n\n<li><a href='?page_no=13658'>13658<\/a><\/li>\n\n\n\n<li><a href='?page_no=13659'>13659<\/a><\/li>\n\n\n\n<li class='active'><a>13660<\/a><\/li>\n\n\n\n<li><a href='?page_no=13661'>13661<\/a><\/li>\n\n\n\n<li><a href='?page_no=13662'>13662<\/a><\/li>\n\n\n\n<li><a>...<\/a><\/li>\n\n\n\n<li><a href='?page_no=56169'>56169<\/a><\/li>\n\n\n\n<li><a href='?page_no=56170'>56170<\/a><\/li>\n\n    \n\t\n\n<li >\n\t<a href='?page_no=13661'>Next<\/a>\n\t<\/li>\n\n\n    \n\n<li><a href='?page_no=56170'>Last &rsaquo;&rsaquo;<\/a><\/li>\n\n<\/ul>\n\n\n--><br \/>\n<\/body><\/p>\n","protected":false},"excerpt":{"rendered":"<p>Santo Domingo RD 18 febrero.- 2016. La Facultad de Ciencias Religiosas de la Universidad Cat\u00f3lica Santo Domingo realiz\u00f3 el Congreso Nacional Ecolog\u00eda y Conciencia Ciudadana 2016, que tiene como finalidad salvar a la humanidad e iluminar las pr\u00e1cticas para el bienestar ecol\u00f3gico en Rep\u00fablica Dominicana mediante la enc\u00edclica Laudato Si, del Papa Francisco. La apertura [&hellip;]<\/p>\n","protected":false},"author":3,"featured_media":0,"comment_status":"open","ping_status":"open","sticky":false,"template":"","format":"standard","meta":{"footnotes":""},"categories":[20],"tags":[],"class_list":["post-219327","post","type-post","status-publish","format-standard","hentry","category-dominicana-hoy"],"_links":{"self":[{"href":"https:\/\/diariodominicano.com\/index.php?rest_route=\/wp\/v2\/posts\/219327","targetHints":{"allow":["GET"]}}],"collection":[{"href":"https:\/\/diariodominicano.com\/index.php?rest_route=\/wp\/v2\/posts"}],"about":[{"href":"https:\/\/diariodominicano.com\/index.php?rest_route=\/wp\/v2\/types\/post"}],"author":[{"embeddable":true,"href":"https:\/\/diariodominicano.com\/index.php?rest_route=\/wp\/v2\/users\/3"}],"replies":[{"embeddable":true,"href":"https:\/\/diariodominicano.com\/index.php?rest_route=%2Fwp%2Fv2%2Fcomments&post=219327"}],"version-history":[{"count":0,"href":"https:\/\/diariodominicano.com\/index.php?rest_route=\/wp\/v2\/posts\/219327\/revisions"}],"wp:attachment":[{"href":"https:\/\/diariodominicano.com\/index.php?rest_route=%2Fwp%2Fv2%2Fmedia&parent=219327"}],"wp:term":[{"taxonomy":"category","embeddable":true,"href":"https:\/\/diariodominicano.com\/index.php?rest_route=%2Fwp%2Fv2%2Fcategories&post=219327"},{"taxonomy":"post_tag","embeddable":true,"href":"https:\/\/diariodominicano.com\/index.php?rest_route=%2Fwp%2Fv2%2Ftags&post=219327"}],"curies":[{"name":"wp","href":"https:\/\/api.w.org\/{rel}","templated":true}]}}