{"id":219325,"date":"2016-02-18T10:43:40","date_gmt":"2016-02-18T10:43:40","guid":{"rendered":"http:\/\/diariodominicano.ddns.net\/?p=219325"},"modified":"2016-02-18T10:43:40","modified_gmt":"2016-02-18T10:43:40","slug":"presidente-jce-se-reune-con-el-pleno-de-la-camara-de-cuentas","status":"publish","type":"post","link":"https:\/\/diariodominicano.com\/?p=219325","title":{"rendered":"Presidente JCE se re\u00fane con el Pleno de la C\u00e1mara de Cuentas"},"content":{"rendered":"<p><body><\/p>\n<p><img decoding=\"async\" src=\"img3\/licew 18.jpg\" \/>  <\/p>\n<p>Santo Domingo RD 18 febrero.- El Pleno de la C\u00e1mara de Cuentas de la Rep\u00fablica Dominicana (CCRD) presidido por su presidenta, doctora Licelott Marte de Barrios, se reuni\u00f3 este jueves con el presidente de la Junta Central Electoral (JCE), Roberto Rosario M\u00e1rquez, pero no se dieron detalles de los temas tratados en el encuentro.<\/p>\n<\/p>\n<p>La reuni\u00f3n, que se extendi\u00f3 cerca de una hora,  se llev\u00f3 a cabo en el sal\u00f3n de reuniones de la Presidencia de la instituci\u00f3n fiscalizadora de los recursos p\u00fablicos.<\/p>\n<\/p>\n<p>El doctor Rosario M\u00e1rquez lleg\u00f3 a la sede de la C\u00e1mara de Cuentas, ubicada en avenida 27 de Febrero esquina Abreu, justo a las diez de la ma\u00f1ana y permaneci\u00f3 all\u00ed hasta poco despu\u00e9s de las 11:00, cuando se dio por terminada la reuni\u00f3n.<\/p>\n<\/p>\n<p>En el encuentro participaron adem\u00e1s de la presidenta de la entidad fiscalizadora, Marte de Barrios; el vicepresidente Pablo del Rosario; el secretario del Bufete Directivo y miembro del Pleno, Pedro Ortiz Hern\u00e1ndez; y los miembros del pleno Juan Jos\u00e9 Heredia y Alfredo Cruz Polanco.<\/p>\n<\/p>\n<p>Trascendi\u00f3 que solo se trat\u00f3 de una visita de cortes\u00eda del presidente de la Junta Central Electoral  al Pleno de la C\u00e1mara de Cuentas.<\/p>\n<\/p>\n<\/p>\n<h6> 2016-02-18 10:43:40 <\/h6>\n<p><!--\n<link rel=\"stylesheet\" href=\"css\/bootstrap.min.css\">\n\n\n<ul class=\"pagination\">\n\t    \n\t\n\n<li >\n\t<a href='?page_no=13658'>Previous<\/a>\n\t<\/li>\n\n\n       \n    \n\n<li><a href='?page_no=1'>1<\/a><\/li>\n\n\n\n<li><a href='?page_no=2'>2<\/a><\/li>\n\n\n\n<li><a>...<\/a><\/li>\n\n\n\n<li><a href='?page_no=13657'>13657<\/a><\/li>\n\n\n\n<li><a href='?page_no=13658'>13658<\/a><\/li>\n\n\n\n<li class='active'><a>13659<\/a><\/li>\n\n\n\n<li><a href='?page_no=13660'>13660<\/a><\/li>\n\n\n\n<li><a href='?page_no=13661'>13661<\/a><\/li>\n\n\n\n<li><a>...<\/a><\/li>\n\n\n\n<li><a href='?page_no=56169'>56169<\/a><\/li>\n\n\n\n<li><a href='?page_no=56170'>56170<\/a><\/li>\n\n    \n\t\n\n<li >\n\t<a href='?page_no=13660'>Next<\/a>\n\t<\/li>\n\n\n    \n\n<li><a href='?page_no=56170'>Last &rsaquo;&rsaquo;<\/a><\/li>\n\n<\/ul>\n\n\n--><br \/>\n<\/body><\/p>\n","protected":false},"excerpt":{"rendered":"<p>Santo Domingo RD 18 febrero.- El Pleno de la C\u00e1mara de Cuentas de la Rep\u00fablica Dominicana (CCRD) presidido por su presidenta, doctora Licelott Marte de Barrios, se reuni\u00f3 este jueves con el presidente de la Junta Central Electoral (JCE), Roberto Rosario M\u00e1rquez, pero no se dieron detalles de los temas tratados en el encuentro. La [&hellip;]<\/p>\n","protected":false},"author":3,"featured_media":0,"comment_status":"open","ping_status":"open","sticky":false,"template":"","format":"standard","meta":{"footnotes":""},"categories":[20],"tags":[],"class_list":["post-219325","post","type-post","status-publish","format-standard","hentry","category-dominicana-hoy"],"_links":{"self":[{"href":"https:\/\/diariodominicano.com\/index.php?rest_route=\/wp\/v2\/posts\/219325","targetHints":{"allow":["GET"]}}],"collection":[{"href":"https:\/\/diariodominicano.com\/index.php?rest_route=\/wp\/v2\/posts"}],"about":[{"href":"https:\/\/diariodominicano.com\/index.php?rest_route=\/wp\/v2\/types\/post"}],"author":[{"embeddable":true,"href":"https:\/\/diariodominicano.com\/index.php?rest_route=\/wp\/v2\/users\/3"}],"replies":[{"embeddable":true,"href":"https:\/\/diariodominicano.com\/index.php?rest_route=%2Fwp%2Fv2%2Fcomments&post=219325"}],"version-history":[{"count":0,"href":"https:\/\/diariodominicano.com\/index.php?rest_route=\/wp\/v2\/posts\/219325\/revisions"}],"wp:attachment":[{"href":"https:\/\/diariodominicano.com\/index.php?rest_route=%2Fwp%2Fv2%2Fmedia&parent=219325"}],"wp:term":[{"taxonomy":"category","embeddable":true,"href":"https:\/\/diariodominicano.com\/index.php?rest_route=%2Fwp%2Fv2%2Fcategories&post=219325"},{"taxonomy":"post_tag","embeddable":true,"href":"https:\/\/diariodominicano.com\/index.php?rest_route=%2Fwp%2Fv2%2Ftags&post=219325"}],"curies":[{"name":"wp","href":"https:\/\/api.w.org\/{rel}","templated":true}]}}