{"id":219324,"date":"2016-02-18T11:35:44","date_gmt":"2016-02-18T11:35:44","guid":{"rendered":"http:\/\/diariodominicano.ddns.net\/?p=219324"},"modified":"2016-02-18T11:35:44","modified_gmt":"2016-02-18T11:35:44","slug":"primera-dama-encabeza-cena-pan-y-vino-del-seminario-mayor-santo-tomas-de-aquino","status":"publish","type":"post","link":"https:\/\/diariodominicano.com\/?p=219324","title":{"rendered":"Primera Dama encabeza \u00abCena Pan y Vino\u00bb del Seminario Mayor Santo Tomas de Aquino"},"content":{"rendered":"<p><body><\/p>\n<p><img decoding=\"async\" src=\"img3\/pan 1.jpg\" \/>  <\/p>\n<p>Santo Domingo RD 18 febrero.-  La Primera Dama de la Rep\u00fablica, C\u00e1ndida Montilla de Medina, madrina advitam del Seminario Mayor Santo Tomas de Aquino, presidi\u00f3 la cena-concierto \u00abPan y Vino\u00bb, que realiza esa instituci\u00f3n.<\/p>\n<\/p>\n<p>En esta oportunidad, se trata de la vig\u00e9simo cuarta versi\u00f3n de esa actividad que cada a\u00f1o organiza la instituci\u00f3n cat\u00f3lica.<\/p>\n<p>Resalta aportes Montilla de Medina<\/p>\n<\/p>\n<p>En la cena-concierto, el rector del seminario, sacerdote Jos\u00e9 Amable Dur\u00e1n agradeci\u00f3 la solidaridad que siempre ha manifestado la feligres\u00eda que cada a\u00f1o contribuye con entusiasmo para apoyar la formaci\u00f3n de los seminaristas. <\/p>\n<\/p>\n<p>De su lado, el reverendo Mario de la Cruz Campusano, expres\u00f3 que Montilla de Medina siempre se ha mantenido activa y militante en las actividades del seminario, con lo cual honra el bien ganado t\u00edtulo de \u00abmadrina advitam\u00bb del mismo. <\/p>\n<\/p>\n<p><strong>\u00abGlobalizaci\u00f3n de la solidaridad\u00bb<\/strong><\/p>\n<\/p>\n<p>En la actividad que congreg\u00f3 a cientos de fieles cat\u00f3licos fue dictada la conferencia \u00abGlobalizaci\u00f3n de la Solidaridad\u00bb, a cargo del reverendo padre Mart\u00edn  Lenk.<\/p>\n<\/p>\n<p>En su intervenci\u00f3n, el religioso destac\u00f3 que la pr\u00e1ctica de la solidaridad se puede reflejar en acciones que, aunque parezcan tan peque\u00f1as como granos de mostaza, pueden producir frutos grandes, que no dejar\u00e1n de tener su efecto y que conllevaran poco a poco a un cambio de mentalidad.<\/p>\n<\/p>\n<p><strong>\u00abEl dominicano es profundamente solidario\u00bb<\/strong><\/p>\n<\/p>\n<p> \u00abEn Santo Domingo, el pueblo sabe lo que significa solidaridad. El pueblo dominicano es profundamente solidario. Esta solidaridad se muestra en momentos cruciales de la vida\u00bb, manifest\u00f3 el prelado cat\u00f3lico, nacido en Alemania.<\/p>\n<\/p>\n<p>Dijo que \u00aben la globalizaci\u00f3n de la solidaridad todo est\u00e1 conectado. El todo est\u00e1 conectado significa que vivimos en el mundo que al fin y al cabo no necesita m\u00e1s autonom\u00eda, sino m\u00e1ssolidaridad. Nadie puede vivir sin el otro; la casa com\u00fan no se sostiene en el aire, sino cada piso se apoya en el otro\u00bb.<\/p>\n<\/p>\n<p><strong>Mesa principal<\/strong><\/p>\n<\/p>\n<p>Montilla de Medina estuvo acompa\u00f1ada en la mesa de honor por  el nuncio apost\u00f3lico Jude Thaddeus Okkolo; el rector del seminario, Jos\u00e9  Amable Duran, monse\u00f1or Pablo Cedano y el Obispo de Puerto Plata, Julio C\u00e9sar Cornielle. Otras distinguidas personalidades tambi\u00e9n se dieron cita a la actividad.<\/p>\n<\/p>\n<p><strong>Okkolo<\/strong><\/p>\n<\/p>\n<p>El representante del Estado de El Vaticano en el pa\u00eds, Jude Thaddeus Okkolo, tuvo a su cargo la oraci\u00f3n de bendici\u00f3n de la tradicional cena \u00abPan y Vino\u00bb.<\/p>\n<\/p>\n<p>Destac\u00f3 la importancia de esos alimentos, como \u00absignos significativos de la presencia de Dios en cada uno de nosotros\u00bb.<\/p>\n<p>M\u00fasica, bailes<\/p>\n<\/p>\n<p>Los asistentes, monjas, curas y laicos cantaron y bailaron al ritmo del grupo art\u00edstico Alfarero, que al igual que el Coro del <\/p>\n<p>Seminario, contribuyeron con su calidad para que la actividad constituyera una gran fiesta cristiana.<\/p>\n<h6> 2016-02-18 11:35:44 <\/h6>\n<p><!--\n<link rel=\"stylesheet\" href=\"css\/bootstrap.min.css\">\n\n\n<ul class=\"pagination\">\n\t    \n\t\n\n<li >\n\t<a href='?page_no=13657'>Previous<\/a>\n\t<\/li>\n\n\n       \n    \n\n<li><a href='?page_no=1'>1<\/a><\/li>\n\n\n\n<li><a href='?page_no=2'>2<\/a><\/li>\n\n\n\n<li><a>...<\/a><\/li>\n\n\n\n<li><a href='?page_no=13656'>13656<\/a><\/li>\n\n\n\n<li><a href='?page_no=13657'>13657<\/a><\/li>\n\n\n\n<li class='active'><a>13658<\/a><\/li>\n\n\n\n<li><a href='?page_no=13659'>13659<\/a><\/li>\n\n\n\n<li><a href='?page_no=13660'>13660<\/a><\/li>\n\n\n\n<li><a>...<\/a><\/li>\n\n\n\n<li><a href='?page_no=56169'>56169<\/a><\/li>\n\n\n\n<li><a href='?page_no=56170'>56170<\/a><\/li>\n\n    \n\t\n\n<li >\n\t<a href='?page_no=13659'>Next<\/a>\n\t<\/li>\n\n\n    \n\n<li><a href='?page_no=56170'>Last &rsaquo;&rsaquo;<\/a><\/li>\n\n<\/ul>\n\n\n--><br \/>\n<\/body><\/p>\n","protected":false},"excerpt":{"rendered":"<p>Santo Domingo RD 18 febrero.- La Primera Dama de la Rep\u00fablica, C\u00e1ndida Montilla de Medina, madrina advitam del Seminario Mayor Santo Tomas de Aquino, presidi\u00f3 la cena-concierto \u00abPan y Vino\u00bb, que realiza esa instituci\u00f3n. En esta oportunidad, se trata de la vig\u00e9simo cuarta versi\u00f3n de esa actividad que cada a\u00f1o organiza la instituci\u00f3n cat\u00f3lica. Resalta [&hellip;]<\/p>\n","protected":false},"author":3,"featured_media":0,"comment_status":"open","ping_status":"open","sticky":false,"template":"","format":"standard","meta":{"footnotes":""},"categories":[20],"tags":[],"class_list":["post-219324","post","type-post","status-publish","format-standard","hentry","category-dominicana-hoy"],"_links":{"self":[{"href":"https:\/\/diariodominicano.com\/index.php?rest_route=\/wp\/v2\/posts\/219324","targetHints":{"allow":["GET"]}}],"collection":[{"href":"https:\/\/diariodominicano.com\/index.php?rest_route=\/wp\/v2\/posts"}],"about":[{"href":"https:\/\/diariodominicano.com\/index.php?rest_route=\/wp\/v2\/types\/post"}],"author":[{"embeddable":true,"href":"https:\/\/diariodominicano.com\/index.php?rest_route=\/wp\/v2\/users\/3"}],"replies":[{"embeddable":true,"href":"https:\/\/diariodominicano.com\/index.php?rest_route=%2Fwp%2Fv2%2Fcomments&post=219324"}],"version-history":[{"count":0,"href":"https:\/\/diariodominicano.com\/index.php?rest_route=\/wp\/v2\/posts\/219324\/revisions"}],"wp:attachment":[{"href":"https:\/\/diariodominicano.com\/index.php?rest_route=%2Fwp%2Fv2%2Fmedia&parent=219324"}],"wp:term":[{"taxonomy":"category","embeddable":true,"href":"https:\/\/diariodominicano.com\/index.php?rest_route=%2Fwp%2Fv2%2Fcategories&post=219324"},{"taxonomy":"post_tag","embeddable":true,"href":"https:\/\/diariodominicano.com\/index.php?rest_route=%2Fwp%2Fv2%2Ftags&post=219324"}],"curies":[{"name":"wp","href":"https:\/\/api.w.org\/{rel}","templated":true}]}}