{"id":219323,"date":"2016-02-18T14:22:52","date_gmt":"2016-02-18T14:22:52","guid":{"rendered":"http:\/\/diariodominicano.ddns.net\/?p=219323"},"modified":"2016-02-18T14:22:52","modified_gmt":"2016-02-18T14:22:52","slug":"abogan-por-mayor-promocion-del-desarrollo-fronterizo-y-revision-de-la-ley-28-01","status":"publish","type":"post","link":"https:\/\/diariodominicano.com\/?p=219323","title":{"rendered":"Abogan por mayor promoci\u00f3n del desarrollo fronterizo y revisi\u00f3n de la Ley 28-01&#13;"},"content":{"rendered":"<p><body><\/p>\n<p><img decoding=\"async\" src=\"img3\/frontera.jpg\" \/>  <\/p>\n<p><span class=\"text1noticias\">Santo Domingo, RD, 18 de febrero.-El director de la Direcci\u00f3n General de Desarrollo Fronterizo (DGDF), Miguel Bejar\u00e1n; el vicepresidente del Consejo Nacional de la empresa Privada (CONEP), Rafael Paz y Greidys Roa, investigador de la Unidad de Pol\u00edticas P\u00fablicas del OPD, coincidieron en que para alcanzar el desarrollo econ\u00f3mico y social de las provincias fronterizas se requiere de mayor atenci\u00f3n por parte del Estado y la revisi\u00f3n de la Ley 28-01, sobre Desarrollo Fronterizo.<\/span><\/p>\n<\/p>\n<p><span class=\"text1noticias\">Al participar en el panel \u00abBalance y perspectiva del desarrollo fronterizo en Rep\u00fablica Dominicana\u00bb, organizado por el Observatorio Pol\u00edtico Dominicano (OPD-Funglode), en coordinaci\u00f3n con la Direcci\u00f3n General de Desarrollo Fronterizo (DGDF), el director general de de esa dependencia estatal, Miguel Bejar\u00e1n, sostuvo que el desarrollo de la frontera implica una visi\u00f3n multidimensional e inclusiva, mediante el an\u00e1lisis de las condiciones de vida de sus habitantes.<\/span><\/p>\n<\/p>\n<p><span class=\"text1noticias\">\u00abHay que interiorizar en su bienestar, asumiendo el empleo y la generaci\u00f3n de oportunidades como un reto; incentivar la educaci\u00f3n y la dominicanidad y aprovechar esas caracter\u00edsticas excepcionales para desarrollar una econom\u00eda, que al tiempo que impulse el empleo y las coyunturas favorables, aproveche el potencial de la mano de obra haitiana\u00bb, puntualiz\u00f3 Bejar\u00e1n.<\/span><\/p>\n<\/p>\n<p><span class=\"text1noticias\">Afirm\u00f3 que la zona fronteriza representa el 20 % del territorio m\u00e1s rico con que cuenta la naci\u00f3n y esas caracter\u00edsticas est\u00e1n asociadas a otras regiones del pa\u00eds, a trav\u00e9s de su conexi\u00f3n con las cordilleras Central y Septentrional.<\/span><\/p>\n<\/p>\n<p><span class=\"text1noticias\">A\u00f1adi\u00f3 que la grave amenaza que del ecosistema fronterizo, empujado por el uso del carb\u00f3n y la le\u00f1a que a\u00fan persiste en por encima del 50 % de los hogares, adem\u00e1s de la presi\u00f3n ejercida por la migraci\u00f3n del pueblo haitiano, constituye otro reto importante que superar en la frontera.<\/span><\/p>\n<\/p>\n<p><span class=\"text1noticias\">Por su parte, Greidys Roa, autor del cuadernillo \u00abBalance de la Ley de Desarrollo Fronterizo: entre el olvido y la necesidad de progreso\u00bb, puesto a circular en la actividad, se\u00f1al\u00f3 que en general, la Ley<\/span><\/p>\n<p><span class=\"text1noticias\">28-01, sobre Desarrollo Fronterizo, es la iniciativa que m\u00e1s ha ayudado a impulsar el desarrollo en la frontera; sin embargo, aleg\u00f3 que se ha quedado corta en la consecuci\u00f3n de sus objetivos y que, por tanto, es necesario una reforma integral que contemple la participaci\u00f3n y el respaldo de todas las \u00e1reas productivas de la naci\u00f3n.<\/span><\/p>\n<\/p>\n<p><span class=\"text1noticias\">Roa, quien es investigador de la Unidad de Pol\u00edticas P\u00fablicas del OPD, tambi\u00e9n enfatiz\u00f3 la importancia del papel que deber\u00eda asumir el Estado en el proceso del desarrollo fronterizo.<\/span><\/p>\n<\/p>\n<p><span class=\"text1noticias\">\u00abEn el objetivo de desarrollar la frontera, el Estado no debe pretender delegar en el sector empresarial el rol protag\u00f3nico que le corresponde, sino que debe actuar m\u00e1s como jugador y no como \u00e1rbitro, lo cual implica poner en pr\u00e1ctica la pol\u00edtica intervencionista enfocada en alentar el gasto p\u00fablico en esta regi\u00f3n\u00bb, consider\u00f3.<\/span><\/p>\n<\/p>\n<p><span class=\"text1noticias\">La actividad cont\u00f3 tambi\u00e9n con la participaci\u00f3n del vicepresidente ejecutivo del CONEP, Rafael Paz, quien aport\u00f3 a la discusi\u00f3n la perspectiva del sector empresarial en cuanto a la necesidad del desarrollar la frontera.<\/span><\/p>\n<\/p>\n<p><span class=\"text1noticias\">Paz  explic\u00f3 que \u00ablograr un desarrollo sostenible conlleva la colaboraci\u00f3n multilateral de actores que contribuyan con sus competencias y recursos a crear beneficios equitativos para todos\u00bb.<\/span><\/p>\n<\/p>\n<p><span class=\"text1noticias\">Se refiri\u00f3 al Di\u00e1logo de las Am\u00e9ricas y a los Objetivos de Desarrollo Sostenibles de la Organizaci\u00f3n de las Naciones Unidas que exhortan a las naciones a crear alianzas p\u00fablico-privadas que lleven desarrollo sostenible a los pa\u00edses. Adem\u00e1s mencion\u00f3 como un ejemplo de estas alianzas p\u00fablico-privadas la Iniciativa Competitividad y Productividad Nacional (ICPN).<\/span><\/p>\n<\/p>\n<p><span class=\"text1noticias\">Paz explic\u00f3 que el sector empresarial tom\u00f3 en cuenta las recomendaciones tanto de las Naciones Unidas como del Dialogo de las Am\u00e9ricas y de la Estrategia Nacional de Desarrollo para construir los pilares de la VIII Gran Convenci\u00f3n Empresarial en la que todo ese sector present\u00f3 a la naci\u00f3n 47 propuestas de desarrollo integral y sostenible.<\/span><\/p>\n<\/p>\n<p><span class=\"text1noticias\">Como una alternativa de desarrollo fronterizo, Rafael Paz explic\u00f3 el Plan de trabajo del Consejo Econ\u00f3mico Binacional Quisqueya. Dicho proyecto tiene como misi\u00f3n identificar, planificar, promover y colaborar en la financiaci\u00f3n y ejecuci\u00f3n de proyectos de inversi\u00f3n rentables en la regi\u00f3n fronteriza entre Hait\u00ed y la Rep\u00fablica Dominicana.<\/span><\/p>\n<\/p>\n<p><span class=\"text1noticias\">El panel \u00abBalance y perspectivas del desarrollo fronterizo en Rep\u00fablica Dominicana\u00bb se realiz\u00f3 en las instalaciones de Funglode.<\/span><\/p>\n<\/p>\n<p><span class=\"text1noticias\">El acto fue moderado por Nathanael Concepci\u00f3n, director del Observatorio Pol\u00edtico Dominicano (OPD-Funglode). Al evento asistieron legisladores,  comunicadores,  dirigentes pol\u00edticos, representantes de la sociedad civil y del sector empresarial de Dajab\u00f3n y otras provincias fronterizas.<\/span><\/p>\n<p><span class=\"text1noticias\"><strong>Sobre el estudio<\/strong><\/span><\/p>\n<\/p>\n<p><span class=\"text1noticias\">El cuadernillo \u00abBalance de la Ley de Desarrollo Fronterizo: entre el olvido y la necesidad de progreso\u00bb  presenta un an\u00e1lisis de c\u00f3mo ha impactado en las provincias fronterizas la Ley n\u00fam. 28-01 tras catorce a\u00f1os de vigencia. Tambi\u00e9n se estudia el gasto tributario incurrido en la Ley de Desarrollo Fronterizo, haciendo una comparaci\u00f3n entre esta ley y otras normas que favorecen a sectores econ\u00f3micos con exenciones del pago de impuestos.<\/span><\/p>\n<\/p>\n<p><span class=\"text1noticias\">Adem\u00e1s, hace \u00e9nfasis en el futuro de la frontera, el cual se ver\u00eda bastante beneficiado si llegara a implementarse el proyecto del Consejo Econ\u00f3mico Binacional Quisqueya (CEBQ), una iniciativa empresarial dominico-haitiana para promover y fomentar proyectos de inversi\u00f3n conjunta entre los sectores privados y los gobiernos de ambas naciones<\/span>. <\/p>\n<h6> 2016-02-18 14:22:52 <\/h6>\n<p><!--\n<link rel=\"stylesheet\" href=\"css\/bootstrap.min.css\">\n\n\n<ul class=\"pagination\">\n\t    \n\t\n\n<li >\n\t<a href='?page_no=13656'>Previous<\/a>\n\t<\/li>\n\n\n       \n    \n\n<li><a href='?page_no=1'>1<\/a><\/li>\n\n\n\n<li><a href='?page_no=2'>2<\/a><\/li>\n\n\n\n<li><a>...<\/a><\/li>\n\n\n\n<li><a href='?page_no=13655'>13655<\/a><\/li>\n\n\n\n<li><a href='?page_no=13656'>13656<\/a><\/li>\n\n\n\n<li class='active'><a>13657<\/a><\/li>\n\n\n\n<li><a href='?page_no=13658'>13658<\/a><\/li>\n\n\n\n<li><a href='?page_no=13659'>13659<\/a><\/li>\n\n\n\n<li><a>...<\/a><\/li>\n\n\n\n<li><a href='?page_no=56169'>56169<\/a><\/li>\n\n\n\n<li><a href='?page_no=56170'>56170<\/a><\/li>\n\n    \n\t\n\n<li >\n\t<a href='?page_no=13658'>Next<\/a>\n\t<\/li>\n\n\n    \n\n<li><a href='?page_no=56170'>Last &rsaquo;&rsaquo;<\/a><\/li>\n\n<\/ul>\n\n\n--><br \/>\n<\/body><\/p>\n","protected":false},"excerpt":{"rendered":"<p>Santo Domingo, RD, 18 de febrero.-El director de la Direcci\u00f3n General de Desarrollo Fronterizo (DGDF), Miguel Bejar\u00e1n; el vicepresidente del Consejo Nacional de la empresa Privada (CONEP), Rafael Paz y Greidys Roa, investigador de la Unidad de Pol\u00edticas P\u00fablicas del OPD, coincidieron en que para alcanzar el desarrollo econ\u00f3mico y social de las provincias fronterizas [&hellip;]<\/p>\n","protected":false},"author":3,"featured_media":0,"comment_status":"open","ping_status":"open","sticky":false,"template":"","format":"standard","meta":{"footnotes":""},"categories":[20],"tags":[],"class_list":["post-219323","post","type-post","status-publish","format-standard","hentry","category-dominicana-hoy"],"_links":{"self":[{"href":"https:\/\/diariodominicano.com\/index.php?rest_route=\/wp\/v2\/posts\/219323","targetHints":{"allow":["GET"]}}],"collection":[{"href":"https:\/\/diariodominicano.com\/index.php?rest_route=\/wp\/v2\/posts"}],"about":[{"href":"https:\/\/diariodominicano.com\/index.php?rest_route=\/wp\/v2\/types\/post"}],"author":[{"embeddable":true,"href":"https:\/\/diariodominicano.com\/index.php?rest_route=\/wp\/v2\/users\/3"}],"replies":[{"embeddable":true,"href":"https:\/\/diariodominicano.com\/index.php?rest_route=%2Fwp%2Fv2%2Fcomments&post=219323"}],"version-history":[{"count":0,"href":"https:\/\/diariodominicano.com\/index.php?rest_route=\/wp\/v2\/posts\/219323\/revisions"}],"wp:attachment":[{"href":"https:\/\/diariodominicano.com\/index.php?rest_route=%2Fwp%2Fv2%2Fmedia&parent=219323"}],"wp:term":[{"taxonomy":"category","embeddable":true,"href":"https:\/\/diariodominicano.com\/index.php?rest_route=%2Fwp%2Fv2%2Fcategories&post=219323"},{"taxonomy":"post_tag","embeddable":true,"href":"https:\/\/diariodominicano.com\/index.php?rest_route=%2Fwp%2Fv2%2Ftags&post=219323"}],"curies":[{"name":"wp","href":"https:\/\/api.w.org\/{rel}","templated":true}]}}