{"id":219322,"date":"2016-02-18T14:44:20","date_gmt":"2016-02-18T14:44:20","guid":{"rendered":"http:\/\/diariodominicano.ddns.net\/?p=219322"},"modified":"2016-02-18T14:44:20","modified_gmt":"2016-02-18T14:44:20","slug":"desde-presidencia-celac-rd-impulsara-iniciativas-para-enfrentar-problemas-afectan-la-region","status":"publish","type":"post","link":"https:\/\/diariodominicano.com\/?p=219322","title":{"rendered":"Desde presidencia CELAC, RD impulsar\u00e1 iniciativas para enfrentar problemas afectan la regi\u00f3n"},"content":{"rendered":"<p><body><\/p>\n<p><img decoding=\"async\" src=\"img3\/NAVARRO.jpg\" \/>  <\/p>\n<p><span class=\"text1noticias\">Nueva York, EE.UU.- El ministro de Relaciones Exteriores, arquitecto Andr\u00e9s Navarro, afirm\u00f3 que desde la Presidencia Pro T\u00e9mpore de la Comunidad de Estados Latinoamericanos y Caribe\u00f1os (PPT-CELAC), la Rep\u00fablica Dominicana impulsar\u00e1 con voluntad pol\u00edtica y acciones proactivas, todas las iniciativas dirigidas a enfrentar los diversos problemas comunes que afectan a los 33 pa\u00edses que conforman el organismo regional, como la erradicaci\u00f3n de la pobreza, seguridad alimenticia, acceso masivo a la energ\u00eda, desarrollo sostenible y el cambio clim\u00e1tico.<\/span><\/p>\n<\/p>\n<p><span class=\"text1noticias\">Al dirigir un discurso central ante el plenario de delegados de pa\u00edses que conforman la CELAC en la Organizaci\u00f3n de las Naciones Unidas (ONU), en presencia del secretario general del organismo, Ban Ki-Moon, del traspaso de la Presidencia Pro Tempore de la CELAC en esta ciudad, Navarro destac\u00f3 que \u00abverdaderamente estos desaf\u00edos pueden representar para la CELAC, formidables  oportunidades para alcanzar metas concretas y consecuentemente, el \u00e9xito de nuestro proyecto en com\u00fan\u00bb.<\/span><\/p>\n<\/p>\n<p><span class=\"text1noticias\">Expuso que los desaf\u00edos son tan diversos y graves que, como se\u00f1al\u00f3 el presidente Danilo Medina en la pasada cumbre de la CELAC celebrada en Quito, Ecuador, se requiere de una firme voluntad, sentido humanista e iniciativas innovadoras y proactivas, para poder  cumplir con las expectativas de los pueblos de la regi\u00f3n frente a la pobreza,  la terrible desigualdad social, los millones de j\u00f3venes que ni trabajan ni estudian, entre otros males comunes que demandan de una respuesta acorde con lo que representa Am\u00e9rica Latina y el Caribe.<\/span><\/p>\n<\/p>\n<p><span class=\"text1noticias\">El funcionario asegur\u00f3 que la constante evoluci\u00f3n de la coyuntura global impone la necesidad de que la CELAC desarrolle una activa estrategia de desarrollo sobre la base de las experiencias que se registran en la regi\u00f3n, \u00abpor lo que se\u00f1or secretario Ban Ki-Moon, apoyaremos las iniciativas de las Naciones Unidas de convocar a citas internacionales durante todo el a\u00f1o de nuestra Presidencia Pro T\u00e9mpore de la CELAC, para tratar problemas como el marcado d\u00e9ficit de viviendas, el grave problema del consumo y distribuci\u00f3n de narc\u00f3ticos, adem\u00e1s del tema de los refugiados y los migrantes, entre muchos otros males\u00bb.<\/span><\/p>\n<\/p>\n<p><span class=\"text1noticias\">Enfatiz\u00f3 que la CELAC es el mejor terreno para fortalecer la correlaci\u00f3n pol\u00edtica entre todos los pa\u00edses de la regi\u00f3n, \u00absiempre con un esp\u00edritu de solidaridad y visi\u00f3n integracionista como v\u00eda para desarrollar estrategias y mecanismo comunes que son indispensables para lograr crecimiento econ\u00f3mico y el bienestar social que demandan nuestros pueblos\u00bb.<\/span><\/p>\n<\/p>\n<p><span class=\"text1noticias\">Expuso que la Presidencia Pro T\u00e9mpora de la Rep\u00fablica Dominicana en la CELAC dedicar\u00e1 sus esfuerzos en defender las posiciones regionales en todos los escenarios que sea necesario \u00aby con la suficiente energ\u00eda impulsara que sean debidamente atendidas, pues de la misma manera propugnaremos para que nuestro particular espacio sirva para potenciar a\u00fan m\u00e1s la voz de nuestros pueblos en la defensa de sus anhelos\u00bb.<\/span><\/p>\n<\/p>\n<p><span class=\"text1noticias\">El canciller dominicano resalt\u00f3 que la importancia de la CELAC radica en que es un espacio \u00fanico para la concertaci\u00f3n pol\u00edtica entre los en los pa\u00edses de la regi\u00f3n que  tanto tienen  en com\u00fan, \u00ablo que nos lleva a presagiar una colaboraci\u00f3n estrecha y coordinada entre todos nosotros, dado que nuestro organismo  deviene en el marco m\u00e1s adecuado para avanzar juntos y para enfrentar los desaf\u00edos futuros de nuestro hemisferio\u00bb.<\/span><\/p>\n<p><span class=\"text1noticias\">En medio de su discurso, Navarro felicit\u00f3 a la saliente PPT-CELAC de Ecuador por el sobresaliente y ejemplar desempe\u00f1o del pasado a\u00f1o como l\u00edder de la regi\u00f3n.<\/span><\/p>\n<\/p>\n<p><span class=\"text1noticias\">Durante el acto de asunci\u00f3n de la PTT-CELAC-RD, los representantes de los dem\u00e1s pa\u00edses miembros del organismo regional se comprometieron a trabajar junto a la Rep\u00fablica Dominicana en la agenda de desarrollo com\u00fan, mientras Hait\u00ed y Jamaica, hicieron lo propio en nombre del Caricom.<\/span><\/p>\n<\/p>\n<p><span class=\"text1noticias\">Destaca liderazgo de Ban Ki-Moon<\/span><\/p>\n<p><span class=\"text1noticias\">Asimismo, durante la introducci\u00f3n de su discurso, Navarro elogi\u00f3 \u00abel gran liderazgo y visi\u00f3n\u00bb del secretario general de la ONU, \u00ablo que su sin dudas ha potenciado las sinergias entre nuestras diferentes regiones y naciones. En este su \u00faltimo a\u00f1o al frente de nuestra organizaci\u00f3n mundial, creo interpretar el sentir de los Estados miembros de la CELAC al rendirle un merecido tributo por su loable empe\u00f1o de trabajar incansablemente en estos casi 10 a\u00f1os en pro de la paz, la seguridad, la equidad y el bienestar de los pueblos del planeta.\u00bb<\/span><\/p>\n<\/p>\n<p><span class=\"text1noticias\">En su primera reuni\u00f3n en calidad de la Presidencia Pro T\u00e9mpore de la CELAC, Navarro manifest\u00f3 el agradecimiento de la Rep\u00fablica Dominicana por la confianza depositada por el resto de los naciones que componen el organismo regional para llevar a cabo las tareas encomendadas por los jefes de Estado y de Gobiernos.<\/span><\/p>\n<\/p>\n<p><span class=\"text1noticias\">\u00abLes puedo dar la seguridad de que ejerceremos la Presidencia Pro Tempore, con vigor y dinamismo, para promover consultas y construir consensos, fortaleciendo as\u00ed el ambiente de concertaci\u00f3n pol\u00edtica en nuestra regi\u00f3n\u00bb, refiri\u00f3. <\/span><\/p>\n<\/p>\n<p><span class=\"text1noticias\">Por la paz en Colombia<\/span><\/p>\n<p><span class=\"text1noticias\">Por otro lado, Navarro valor\u00f3 la iniciativa de la CELAC para propiciar la paz en la naci\u00f3n suramericana de Colombia, \u00aby asimismo, lo que a nuestro juicio constituye  un hito hist\u00f3rico como  la aprobaci\u00f3n, por parte del Consejo de Seguridad de las Naciones Unidas, de la resoluci\u00f3n 2261, que establece una Misi\u00f3n Especial para coadyuvar al feliz t\u00e9rmino de ese esperado proceso\u00bb.<\/span><\/p>\n<\/p>\n<p><span class=\"text1noticias\">Manifest\u00f3 que PPT-CELAC dominicana espera recibir las propuestas del secretario general de la ONU para el establecimiento y puesta en marcha de la Misi\u00f3n Especial que acompa\u00f1ar\u00e1 al proceso de paz de Colombia, \u00abal tiempo que reafirmamos la disposici\u00f3n de la Rep\u00fablica Dominicana  de trabajar muy de cerca con los Estados miembros de la CELAC, con las Naciones Unidas, con Colombia y las FARC, para encontrar una paz duradera en la hermana y querida  Rep\u00fablica de Colombia\u00bb.<\/span><\/p>\n<\/p>\n<p><span class=\"text1noticias\">Navarro encabez\u00f3 una delegaci\u00f3n oficial que represent\u00f3 al presidente Danilo Medina en el traspaso de la Presidencia Pro Tempore de la CELAC y en la presentaci\u00f3n de las credenciales de la Rep\u00fablica Dominicana ante la Organizaci\u00f3n de las Naciones Unidas,  en el recibimiento de la PPT-CELAC para el per\u00edodo 2016-2017.  <\/span><\/p>\n<\/p>\n<p><span class=\"text1noticias\">El acto inici\u00f3 con el recibimiento de las delegaciones de la CELAC, representadas por los diplom\u00e1ticos de los pa\u00edses que componen la regi\u00f3n, y tras un breve discurso del secretario general Ban Ki-Moon,quien agradeci\u00f3 a los gobiernos de Rep\u00fablica dominicana y Ecuador por el evento, se procedi\u00f3 a la entrega simb\u00f3lica de la PPT-CELAC de Ecuador a la Rep\u00fablica Dominicana.<\/span><\/p>\n<\/p>\n<p><span class=\"text1noticias\">La delegaci\u00f3n oficial dominicana que acompa\u00f1a a Navarro est\u00e1 integrada, adem\u00e1s, por la viceministra Alejandra Liriano, encargada de Pol\u00edtica Exterior; el embajador Miguel Fersobe, director de Planificaci\u00f3n y Miguel Medina, director de Comunicaciones de la Canciller\u00eda.<\/span><\/p>\n<\/p>\n<p><span class=\"text1noticias\">Asimismo, una comitiva de invitados especiales, integrada por el senador Prim Pujals, presidente de la Comisi\u00f3n Permanente de Relaciones Exteriores y Cooperaci\u00f3n Internacional del Senado de la Rep\u00fablica; el diputado V\u00edctor Su\u00e1rez, presidente de igual comisi\u00f3n, pero en la C\u00e1mara de Diputados; los directores de diarios Miguel Franjul, de List\u00edn Diario; Adriano Miguel Tejada, de Diario Libre; y Persio Maldonado, de El Nuevo Diario<\/span>.<\/p>\n<h6> 2016-02-18 14:44:20 <\/h6>\n<p><!--\n<link rel=\"stylesheet\" href=\"css\/bootstrap.min.css\">\n\n\n<ul class=\"pagination\">\n\t    \n\t\n\n<li >\n\t<a href='?page_no=13655'>Previous<\/a>\n\t<\/li>\n\n\n       \n    \n\n<li><a href='?page_no=1'>1<\/a><\/li>\n\n\n\n<li><a href='?page_no=2'>2<\/a><\/li>\n\n\n\n<li><a>...<\/a><\/li>\n\n\n\n<li><a href='?page_no=13654'>13654<\/a><\/li>\n\n\n\n<li><a href='?page_no=13655'>13655<\/a><\/li>\n\n\n\n<li class='active'><a>13656<\/a><\/li>\n\n\n\n<li><a href='?page_no=13657'>13657<\/a><\/li>\n\n\n\n<li><a href='?page_no=13658'>13658<\/a><\/li>\n\n\n\n<li><a>...<\/a><\/li>\n\n\n\n<li><a href='?page_no=56169'>56169<\/a><\/li>\n\n\n\n<li><a href='?page_no=56170'>56170<\/a><\/li>\n\n    \n\t\n\n<li >\n\t<a href='?page_no=13657'>Next<\/a>\n\t<\/li>\n\n\n    \n\n<li><a href='?page_no=56170'>Last &rsaquo;&rsaquo;<\/a><\/li>\n\n<\/ul>\n\n\n--><br \/>\n<\/body><\/p>\n","protected":false},"excerpt":{"rendered":"<p>Nueva York, EE.UU.- El ministro de Relaciones Exteriores, arquitecto Andr\u00e9s Navarro, afirm\u00f3 que desde la Presidencia Pro T\u00e9mpore de la Comunidad de Estados Latinoamericanos y Caribe\u00f1os (PPT-CELAC), la Rep\u00fablica Dominicana impulsar\u00e1 con voluntad pol\u00edtica y acciones proactivas, todas las iniciativas dirigidas a enfrentar los diversos problemas comunes que afectan a los 33 pa\u00edses que conforman [&hellip;]<\/p>\n","protected":false},"author":3,"featured_media":0,"comment_status":"open","ping_status":"open","sticky":false,"template":"","format":"standard","meta":{"footnotes":""},"categories":[20],"tags":[],"class_list":["post-219322","post","type-post","status-publish","format-standard","hentry","category-dominicana-hoy"],"_links":{"self":[{"href":"https:\/\/diariodominicano.com\/index.php?rest_route=\/wp\/v2\/posts\/219322","targetHints":{"allow":["GET"]}}],"collection":[{"href":"https:\/\/diariodominicano.com\/index.php?rest_route=\/wp\/v2\/posts"}],"about":[{"href":"https:\/\/diariodominicano.com\/index.php?rest_route=\/wp\/v2\/types\/post"}],"author":[{"embeddable":true,"href":"https:\/\/diariodominicano.com\/index.php?rest_route=\/wp\/v2\/users\/3"}],"replies":[{"embeddable":true,"href":"https:\/\/diariodominicano.com\/index.php?rest_route=%2Fwp%2Fv2%2Fcomments&post=219322"}],"version-history":[{"count":0,"href":"https:\/\/diariodominicano.com\/index.php?rest_route=\/wp\/v2\/posts\/219322\/revisions"}],"wp:attachment":[{"href":"https:\/\/diariodominicano.com\/index.php?rest_route=%2Fwp%2Fv2%2Fmedia&parent=219322"}],"wp:term":[{"taxonomy":"category","embeddable":true,"href":"https:\/\/diariodominicano.com\/index.php?rest_route=%2Fwp%2Fv2%2Fcategories&post=219322"},{"taxonomy":"post_tag","embeddable":true,"href":"https:\/\/diariodominicano.com\/index.php?rest_route=%2Fwp%2Fv2%2Ftags&post=219322"}],"curies":[{"name":"wp","href":"https:\/\/api.w.org\/{rel}","templated":true}]}}