{"id":219321,"date":"2016-02-18T14:50:01","date_gmt":"2016-02-18T14:50:01","guid":{"rendered":"http:\/\/diariodominicano.ddns.net\/?p=219321"},"modified":"2016-02-18T14:50:01","modified_gmt":"2016-02-18T14:50:01","slug":"pide-dominicanos-ser-mas-fuertes-ante-presiones-internacionales","status":"publish","type":"post","link":"https:\/\/diariodominicano.com\/?p=219321","title":{"rendered":"Pide dominicanos ser m\u00e1s fuertes ante presiones internacionales"},"content":{"rendered":"<p><body><\/p>\n<p><img decoding=\"async\" src=\"img3\/Camejo.jpg\" \/>  <\/p>\n<p><span class=\"text1noticias\">Santo Domingo, RD, 18 de Febrero.-El ministro de Administraci\u00f3n P\u00fablica, licenciado Ram\u00f3n Ventura Camejo, asegur\u00f3 que en los momentos actuales los dominicanos debemos ser m\u00e1s fuertes en defensa de la soberan\u00eda nacional, ante presiones internacionales que quieren influir en nuestras decisiones. <\/span><\/p>\n<\/p>\n<p><span class=\"text1noticias\">El funcionario dijo que desde el Ministerio de Administraci\u00f3n P\u00fablica (MAP), \u00abestamos comprometidos a diario a servirle al pensamiento de Juan Pablo Duarte, de construir un Estado soberano, fuerte y enfocado en las demandas de sus ciudadanos, para el bienestar de toda la naci\u00f3n\u00bb.<\/span><\/p>\n<\/p>\n<p><span class=\"text1noticias\">El ministro del MAP pronunci\u00f3 un discurso en el Altar de la Patria, donde fue depositada una ofrenda floral organizada por esa instituci\u00f3n, como parte de las actividades del Mes de la Patria. Estuvieron presentes los viceministros Elso Segura Mart\u00ednez, Donatila Germ\u00e1n, Hilda Cabrera y Pedro Nina. <\/span><\/p>\n<\/p>\n<p><span class=\"text1noticias\">Tambi\u00e9n otros servidores del MAP, seg\u00fan lo informado por el periodista Lu\u00eds C\u00e9spedes Pe\u00f1a. <\/span><\/p>\n<\/p>\n<p><span class=\"text1noticias\">Llam\u00f3 a los empleados del Estado para que trabajen con dedicaci\u00f3n y responsabilidad a favor de la sociedad dominicana, a la que \u00abnos debemos, como lo hizo Duarte, asumiendo hasta las \u00faltimas consecuencias la gran tarea de construir nuestra nacionalidad, sobre la base de ser un representante de todos los que somos dominicanos\u00bb.<\/span><\/p>\n<\/p>\n<p><span class=\"text1noticias\">\u00abPor eso es que el ejemplo de Juan Pablo Duarte debe vivir presente en cada servidor p\u00fablico y tambi\u00e9n debe ser la referencia en los momentos de confusi\u00f3n, para encarar las tareas que dignamente debemos representar\u00bb, manifest\u00f3 Ventura Camejo.<\/span><\/p>\n<\/p>\n<p><span class=\"text1noticias\">Dijo que Duarte fue capaz de concebir nuestra independencia y la soberan\u00eda, sin tomar en consideraci\u00f3n a cu\u00e1les fuerzas deb\u00eda enfrentarse. Precis\u00f3 a lo largo de toda su historia, la Rep\u00fablica Dominicana produce hombres y mujeres que asumen ese legado con valent\u00eda, con decisi\u00f3n o patriotismo, desde los restauradores hasta las luchas m\u00e1s recientes, como la gesta patri\u00f3tica del coronel Francisco Alberto Caama\u00f1o De\u00f1\u00f3.<\/span><\/p>\n<\/p>\n<p><span class=\"text1noticias\">Manifest\u00f3 que  \u00abhay saber que somos parte de la sociedad dominicana, a la cual debemos servirles como buenos servidores\u00bb. <\/span><\/p>\n<\/p>\n<p><span class=\"text1noticias\">El ministro precis\u00f3 que como servidores del Estado, \u00abtenemos  un compromiso social al que debemos apelar a diario, siguiendo el ejemplo del Padre de la Patria, Juan Pablo Duarte\u00bb. Dijo que somos parte de una sociedad dominicana a la cual debemos servirles con honestidad y responsabilidad.<\/span><\/p>\n<\/p>\n<p><span class=\"text1noticias\">Durante su intervenci\u00f3n, Ventura Camejo manifest\u00f3: \u00abDel Padre de la Patria podemos aprovechar m\u00faltiples lecciones y experiencias\u00bb.<\/span><\/p>\n<\/p>\n<p><span class=\"text1noticias\">Agreg\u00f3 que es importante recordar del l\u00edder de la Independencia Nacional, su visi\u00f3n hist\u00f3rica y su compromiso de crear una Rep\u00fablica Dominicana soberana e independiente, en un momento en que a la mayor\u00eda podr\u00eda haberle parecido una utop\u00eda<\/span>.<\/p>\n<\/p>\n<h6> 2016-02-18 14:50:01 <\/h6>\n<p><!--\n<link rel=\"stylesheet\" href=\"css\/bootstrap.min.css\">\n\n\n<ul class=\"pagination\">\n\t    \n\t\n\n<li >\n\t<a href='?page_no=13654'>Previous<\/a>\n\t<\/li>\n\n\n       \n    \n\n<li><a href='?page_no=1'>1<\/a><\/li>\n\n\n\n<li><a href='?page_no=2'>2<\/a><\/li>\n\n\n\n<li><a>...<\/a><\/li>\n\n\n\n<li><a href='?page_no=13653'>13653<\/a><\/li>\n\n\n\n<li><a href='?page_no=13654'>13654<\/a><\/li>\n\n\n\n<li class='active'><a>13655<\/a><\/li>\n\n\n\n<li><a href='?page_no=13656'>13656<\/a><\/li>\n\n\n\n<li><a href='?page_no=13657'>13657<\/a><\/li>\n\n\n\n<li><a>...<\/a><\/li>\n\n\n\n<li><a href='?page_no=56169'>56169<\/a><\/li>\n\n\n\n<li><a href='?page_no=56170'>56170<\/a><\/li>\n\n    \n\t\n\n<li >\n\t<a href='?page_no=13656'>Next<\/a>\n\t<\/li>\n\n\n    \n\n<li><a href='?page_no=56170'>Last &rsaquo;&rsaquo;<\/a><\/li>\n\n<\/ul>\n\n\n--><br \/>\n<\/body><\/p>\n","protected":false},"excerpt":{"rendered":"<p>Santo Domingo, RD, 18 de Febrero.-El ministro de Administraci\u00f3n P\u00fablica, licenciado Ram\u00f3n Ventura Camejo, asegur\u00f3 que en los momentos actuales los dominicanos debemos ser m\u00e1s fuertes en defensa de la soberan\u00eda nacional, ante presiones internacionales que quieren influir en nuestras decisiones. El funcionario dijo que desde el Ministerio de Administraci\u00f3n P\u00fablica (MAP), \u00abestamos comprometidos a [&hellip;]<\/p>\n","protected":false},"author":3,"featured_media":0,"comment_status":"open","ping_status":"open","sticky":false,"template":"","format":"standard","meta":{"footnotes":""},"categories":[20],"tags":[],"class_list":["post-219321","post","type-post","status-publish","format-standard","hentry","category-dominicana-hoy"],"_links":{"self":[{"href":"https:\/\/diariodominicano.com\/index.php?rest_route=\/wp\/v2\/posts\/219321","targetHints":{"allow":["GET"]}}],"collection":[{"href":"https:\/\/diariodominicano.com\/index.php?rest_route=\/wp\/v2\/posts"}],"about":[{"href":"https:\/\/diariodominicano.com\/index.php?rest_route=\/wp\/v2\/types\/post"}],"author":[{"embeddable":true,"href":"https:\/\/diariodominicano.com\/index.php?rest_route=\/wp\/v2\/users\/3"}],"replies":[{"embeddable":true,"href":"https:\/\/diariodominicano.com\/index.php?rest_route=%2Fwp%2Fv2%2Fcomments&post=219321"}],"version-history":[{"count":0,"href":"https:\/\/diariodominicano.com\/index.php?rest_route=\/wp\/v2\/posts\/219321\/revisions"}],"wp:attachment":[{"href":"https:\/\/diariodominicano.com\/index.php?rest_route=%2Fwp%2Fv2%2Fmedia&parent=219321"}],"wp:term":[{"taxonomy":"category","embeddable":true,"href":"https:\/\/diariodominicano.com\/index.php?rest_route=%2Fwp%2Fv2%2Fcategories&post=219321"},{"taxonomy":"post_tag","embeddable":true,"href":"https:\/\/diariodominicano.com\/index.php?rest_route=%2Fwp%2Fv2%2Ftags&post=219321"}],"curies":[{"name":"wp","href":"https:\/\/api.w.org\/{rel}","templated":true}]}}