{"id":219320,"date":"2016-02-18T15:21:57","date_gmt":"2016-02-18T15:21:57","guid":{"rendered":"http:\/\/diariodominicano.ddns.net\/?p=219320"},"modified":"2016-02-18T15:21:57","modified_gmt":"2016-02-18T15:21:57","slug":"edesur-restablece-la-electricidad-en-los-rios","status":"publish","type":"post","link":"https:\/\/diariodominicano.com\/?p=219320","title":{"rendered":"Edesur restablece la electricidad en Los R\u00edos"},"content":{"rendered":"<p><body><\/p>\n<p><img decoding=\"async\" src=\"img3\/rios.jpg\" \/>  <\/p>\n<p><span class=\"text1noticias\">Santo Domingo, RD, 18 de Febrero.-La Empresa Distribuidora de Electricidad del Sur (EDESUR) normaliz\u00f3 el servicio a 140 de los 160 clientes del barrio La Esperanza del sector Los R\u00edos del Distrito Nacional, el cual fue afectado por la explosi\u00f3n de una envasadora de Gas Licuado de Petr\u00f3leo (GLP) la ma\u00f1ana del pasado martes.<\/span><\/p>\n<\/p>\n<p><span class=\"text1noticias\">La situaci\u00f3n de los restantes 20 clientes no fue regularizada por las condiciones de deterioro en que quedaron sus viviendas, dijo Edesur en una informaci\u00f3n escrita servida por su direcci\u00f3n de Comunicaci\u00f3n.<\/span><\/p>\n<\/p>\n<p><span class=\"text1noticias\">Seg\u00fan la declaraci\u00f3n, los trabajos fueron realizados con la prontitud y en el tiempo record  por parte de los t\u00e9cnicos de la empresa el\u00e9ctrica estatal luego que as\u00ed fueran instruidos por el administrador gerente general, ingeniero Rub\u00e9n Mont\u00e1s.<\/span><\/p>\n<p><span class=\"text1noticias\"> <\/span><\/p>\n<p><span class=\"text1noticias\">La empresa destac\u00f3 los denodados esfuerzos realizados por los t\u00e9cnicos de las direcciones de Gesti\u00f3n de Energ\u00eda, Gesti\u00f3n Comercial, Gesti\u00f3n de Distribuci\u00f3n y de Seguridad.<\/span><\/p>\n<p><span class=\"text1noticias\"> <\/span><\/p>\n<p><span class=\"text1noticias\">El ingeniero Mont\u00e1s inaugur\u00f3 a finales de 2015 un proyecto de rehabilitaci\u00f3n en el circuito KDIE 107, que incluye al barrio La Esperanza, donde fue instalado el Programa 24 Horas de electricidad.<\/span><\/p>\n<p><span class=\"text1noticias\"> <\/span><\/p>\n<p><span class=\"text1noticias\">Para la ocasi\u00f3n, seg\u00fan refiri\u00f3 Edesur, fueron instalados un sistema de medici\u00f3n en altura, as\u00ed como redes el\u00e9ctricas antifraudes, las modalidades de facturaci\u00f3n prepago y postpago, al igual que la tecnolog\u00eda de tele medici\u00f3n<\/span>.<\/p>\n<\/p>\n<h6> 2016-02-18 15:21:57 <\/h6>\n<p><!--\n<link rel=\"stylesheet\" href=\"css\/bootstrap.min.css\">\n\n\n<ul class=\"pagination\">\n\t    \n\t\n\n<li >\n\t<a href='?page_no=13653'>Previous<\/a>\n\t<\/li>\n\n\n       \n    \n\n<li><a href='?page_no=1'>1<\/a><\/li>\n\n\n\n<li><a href='?page_no=2'>2<\/a><\/li>\n\n\n\n<li><a>...<\/a><\/li>\n\n\n\n<li><a href='?page_no=13652'>13652<\/a><\/li>\n\n\n\n<li><a href='?page_no=13653'>13653<\/a><\/li>\n\n\n\n<li class='active'><a>13654<\/a><\/li>\n\n\n\n<li><a href='?page_no=13655'>13655<\/a><\/li>\n\n\n\n<li><a href='?page_no=13656'>13656<\/a><\/li>\n\n\n\n<li><a>...<\/a><\/li>\n\n\n\n<li><a href='?page_no=56169'>56169<\/a><\/li>\n\n\n\n<li><a href='?page_no=56170'>56170<\/a><\/li>\n\n    \n\t\n\n<li >\n\t<a href='?page_no=13655'>Next<\/a>\n\t<\/li>\n\n\n    \n\n<li><a href='?page_no=56170'>Last &rsaquo;&rsaquo;<\/a><\/li>\n\n<\/ul>\n\n\n--><br \/>\n<\/body><\/p>\n","protected":false},"excerpt":{"rendered":"<p>Santo Domingo, RD, 18 de Febrero.-La Empresa Distribuidora de Electricidad del Sur (EDESUR) normaliz\u00f3 el servicio a 140 de los 160 clientes del barrio La Esperanza del sector Los R\u00edos del Distrito Nacional, el cual fue afectado por la explosi\u00f3n de una envasadora de Gas Licuado de Petr\u00f3leo (GLP) la ma\u00f1ana del pasado martes. La [&hellip;]<\/p>\n","protected":false},"author":3,"featured_media":0,"comment_status":"open","ping_status":"open","sticky":false,"template":"","format":"standard","meta":{"footnotes":""},"categories":[20],"tags":[],"class_list":["post-219320","post","type-post","status-publish","format-standard","hentry","category-dominicana-hoy"],"_links":{"self":[{"href":"https:\/\/diariodominicano.com\/index.php?rest_route=\/wp\/v2\/posts\/219320","targetHints":{"allow":["GET"]}}],"collection":[{"href":"https:\/\/diariodominicano.com\/index.php?rest_route=\/wp\/v2\/posts"}],"about":[{"href":"https:\/\/diariodominicano.com\/index.php?rest_route=\/wp\/v2\/types\/post"}],"author":[{"embeddable":true,"href":"https:\/\/diariodominicano.com\/index.php?rest_route=\/wp\/v2\/users\/3"}],"replies":[{"embeddable":true,"href":"https:\/\/diariodominicano.com\/index.php?rest_route=%2Fwp%2Fv2%2Fcomments&post=219320"}],"version-history":[{"count":0,"href":"https:\/\/diariodominicano.com\/index.php?rest_route=\/wp\/v2\/posts\/219320\/revisions"}],"wp:attachment":[{"href":"https:\/\/diariodominicano.com\/index.php?rest_route=%2Fwp%2Fv2%2Fmedia&parent=219320"}],"wp:term":[{"taxonomy":"category","embeddable":true,"href":"https:\/\/diariodominicano.com\/index.php?rest_route=%2Fwp%2Fv2%2Fcategories&post=219320"},{"taxonomy":"post_tag","embeddable":true,"href":"https:\/\/diariodominicano.com\/index.php?rest_route=%2Fwp%2Fv2%2Ftags&post=219320"}],"curies":[{"name":"wp","href":"https:\/\/api.w.org\/{rel}","templated":true}]}}