{"id":219319,"date":"2016-02-18T16:05:25","date_gmt":"2016-02-18T16:05:25","guid":{"rendered":"http:\/\/diariodominicano.ddns.net\/?p=219319"},"modified":"2016-02-18T16:05:25","modified_gmt":"2016-02-18T16:05:25","slug":"caasd-anuncia-trabajo-recuperacion-de-los-rios-haina-e-isabela","status":"publish","type":"post","link":"https:\/\/diariodominicano.com\/?p=219319","title":{"rendered":"CAASD anuncia trabajo recuperaci\u00f3n de los r\u00edos Haina e Isabela"},"content":{"rendered":"<p><body><\/p>\n<p><span class=\"text1noticias\">Santo Domingo, RD, 18 de Febrero.-El director general de la Corporaci\u00f3n del Acueducto y Alcantarillado de Santo Domingo (CAASD), arquitecto Alejandro Mont\u00e1s inform\u00f3 que en este mes iniciar\u00e1n la construcci\u00f3n de una planta de tratamiento de agua residual que beneficiar\u00e1n a m\u00e1s de 450 mil personas de Santo Domingo Oeste y Zonas aleda\u00f1as.<\/span><\/p>\n<\/p>\n<p><span class=\"text1noticias\">Explic\u00f3 que la obra tendr\u00e1 una inversi\u00f3n de 55 millones de euros y capacidad de 1.2 metro c\u00fabico por segundo y tiene como objetivo empezar un proceso de recuperaci\u00f3n de los r\u00edos Haina e Isabela que est\u00e1n altamente contaminados \u00abno s\u00f3lo por los residentes sino tambi\u00e9n por alrededor de cien empresas que vierten sus residuos hacia esos r\u00edos\u00bb.<\/span><\/p>\n<\/p>\n<p><span class=\"text1noticias\">Sostuvo que tan pronto est\u00e9 construida la planta de tratamiento, cuya proyecci\u00f3n es para hacerla en dos a\u00f1os, obligar\u00e1n a las empresas a conectarse a fin de recuperar los r\u00edos y continuar usando esas fuentes de agua para abastecer a los habitantes del Gran Santo Domingo.<\/span><\/p>\n<\/p>\n<p><span class=\"text1noticias\">\u00abTenemos un problema de alta contaminaci\u00f3n en los r\u00edos Isabela y Haina; tenemos que recuperar esos r\u00edos que han sido afectados por las empresas y por sectores que no tienen planta de tratamiento y han da\u00f1ado esos r\u00edos\u00bb, denunci\u00f3 el funcionario.<\/span><\/p>\n<\/p>\n<p><span class=\"text1noticias\">En otro orden, el arquitecto Mont\u00e1s inform\u00f3 que tomaron las previsiones de lugar para enfrentar la temporada de sequ\u00eda a fin de que la poblaci\u00f3n pueda recibir con normalidad el agua potable.<\/span><\/p>\n<p><span class=\"text1noticias\"> <\/span><\/p>\n<p><span class=\"text1noticias\">Sostuvo que para la segunda semana de marzo entrar\u00e1n 10 millones de galones de agua  adicionales para los sectores de Palav\u00e9, Pedro Brand, Pantojas, y Los Alcarrizos, entre otros.<\/span><\/p>\n<\/p>\n<p><span class=\"text1noticias\">Mont\u00e1s precis\u00f3 que uno de los principales problemas que tiene la CAASD es la p\u00e9rdida que se producen por mal uso, fugas o aver\u00edas, por lo que exhort\u00f3 a la poblaci\u00f3n a continuar ahorrando el preciado l\u00edquido.<\/span><\/p>\n<\/p>\n<p><span class=\"text1noticias\">Indic\u00f3 que constantemente la CAASD da mantenimiento a los sistemas  potabilizadores y a las redes de distribuci\u00f3n de agua, tomando en cuenta que muchas tienen hasta 90 a\u00f1os de construidas.<\/span><\/p>\n<\/p>\n<p><span class=\"text1noticias\">El funcionario se expres\u00f3 en esos t\u00e9rminos al participar como invitado en el programa radial Sol de la Ma\u00f1ana, en la 106.5 FM donde respondi\u00f3 preguntas de usuarios del servicio de agua potable, a los cuales dio la explicaciones de lugar y la soluci\u00f3n para los pr\u00f3ximos d\u00edas.<\/span><\/p>\n<\/p>\n<p><span class=\"text1noticias\">El director de la CAASD, igualmente escuch\u00f3 testimonios de ciudadanos que llamaron para dar las gracias por haberle llevado agua potable al sector donde viven, se\u00f1alando que ten\u00ed  10, 15 y 20 a\u00f1os que no recib\u00edan el servicio<\/span>.<\/p>\n<h6> 2016-02-18 16:05:25 <\/h6>\n<p><!--\n<link rel=\"stylesheet\" href=\"css\/bootstrap.min.css\">\n\n\n<ul class=\"pagination\">\n\t    \n\t\n\n<li >\n\t<a href='?page_no=13652'>Previous<\/a>\n\t<\/li>\n\n\n       \n    \n\n<li><a href='?page_no=1'>1<\/a><\/li>\n\n\n\n<li><a href='?page_no=2'>2<\/a><\/li>\n\n\n\n<li><a>...<\/a><\/li>\n\n\n\n<li><a href='?page_no=13651'>13651<\/a><\/li>\n\n\n\n<li><a href='?page_no=13652'>13652<\/a><\/li>\n\n\n\n<li class='active'><a>13653<\/a><\/li>\n\n\n\n<li><a href='?page_no=13654'>13654<\/a><\/li>\n\n\n\n<li><a href='?page_no=13655'>13655<\/a><\/li>\n\n\n\n<li><a>...<\/a><\/li>\n\n\n\n<li><a href='?page_no=56169'>56169<\/a><\/li>\n\n\n\n<li><a href='?page_no=56170'>56170<\/a><\/li>\n\n    \n\t\n\n<li >\n\t<a href='?page_no=13654'>Next<\/a>\n\t<\/li>\n\n\n    \n\n<li><a href='?page_no=56170'>Last &rsaquo;&rsaquo;<\/a><\/li>\n\n<\/ul>\n\n\n--><br \/>\n<\/body><\/p>\n","protected":false},"excerpt":{"rendered":"<p>Santo Domingo, RD, 18 de Febrero.-El director general de la Corporaci\u00f3n del Acueducto y Alcantarillado de Santo Domingo (CAASD), arquitecto Alejandro Mont\u00e1s inform\u00f3 que en este mes iniciar\u00e1n la construcci\u00f3n de una planta de tratamiento de agua residual que beneficiar\u00e1n a m\u00e1s de 450 mil personas de Santo Domingo Oeste y Zonas aleda\u00f1as. Explic\u00f3 que [&hellip;]<\/p>\n","protected":false},"author":3,"featured_media":0,"comment_status":"open","ping_status":"open","sticky":false,"template":"","format":"standard","meta":{"footnotes":""},"categories":[20],"tags":[],"class_list":["post-219319","post","type-post","status-publish","format-standard","hentry","category-dominicana-hoy"],"_links":{"self":[{"href":"https:\/\/diariodominicano.com\/index.php?rest_route=\/wp\/v2\/posts\/219319","targetHints":{"allow":["GET"]}}],"collection":[{"href":"https:\/\/diariodominicano.com\/index.php?rest_route=\/wp\/v2\/posts"}],"about":[{"href":"https:\/\/diariodominicano.com\/index.php?rest_route=\/wp\/v2\/types\/post"}],"author":[{"embeddable":true,"href":"https:\/\/diariodominicano.com\/index.php?rest_route=\/wp\/v2\/users\/3"}],"replies":[{"embeddable":true,"href":"https:\/\/diariodominicano.com\/index.php?rest_route=%2Fwp%2Fv2%2Fcomments&post=219319"}],"version-history":[{"count":0,"href":"https:\/\/diariodominicano.com\/index.php?rest_route=\/wp\/v2\/posts\/219319\/revisions"}],"wp:attachment":[{"href":"https:\/\/diariodominicano.com\/index.php?rest_route=%2Fwp%2Fv2%2Fmedia&parent=219319"}],"wp:term":[{"taxonomy":"category","embeddable":true,"href":"https:\/\/diariodominicano.com\/index.php?rest_route=%2Fwp%2Fv2%2Fcategories&post=219319"},{"taxonomy":"post_tag","embeddable":true,"href":"https:\/\/diariodominicano.com\/index.php?rest_route=%2Fwp%2Fv2%2Ftags&post=219319"}],"curies":[{"name":"wp","href":"https:\/\/api.w.org\/{rel}","templated":true}]}}