{"id":219317,"date":"2016-02-18T18:42:39","date_gmt":"2016-02-18T18:42:39","guid":{"rendered":"http:\/\/diariodominicano.ddns.net\/?p=219317"},"modified":"2016-02-18T18:42:39","modified_gmt":"2016-02-18T18:42:39","slug":"entregan-libros-de-cuentos-al-caid-para-promover-valores-en-ninos-especiales","status":"publish","type":"post","link":"https:\/\/diariodominicano.com\/?p=219317","title":{"rendered":"Entregan libros de cuentos al CAID para promover valores en ni\u00f1os especiales"},"content":{"rendered":"<p><body><\/p>\n<p><img decoding=\"async\" src=\"img3\/Cultura.jpg\" \/>  <\/p>\n<p><span class=\"text1noticias\">Santo Domingo, RD, 18 de febrero.-Decenas de ni\u00f1os y ni\u00f1as que reciben terapias en el Centro de Atenci\u00f3n Integral para la Discapacidad (CAID), del Despacho de la Primera Dama, recibieron libros de cuentos y capas de superh\u00e9roes que promueven los valores humanos.<\/span><\/p>\n<\/p>\n<p><span class=\"text1noticias\">El libro de cuento S\u00faper Ni\u00f1o, donado a trav\u00e9s del proyecto \u00abYo soy s\u00faper\u00bb, es una iniciativa de la escritora dominicana Anya Damir\u00f3n, quien dirige dicho programa.<\/span><\/p>\n<\/p>\n<p><strong><span class=\"text1noticias\">Promueve los valores humanos<\/span><\/strong><\/p>\n<\/p>\n<p><span class=\"text1noticias\">La actividad fue encabezada por la supervisora de servicios de salud del CAID, Mayra Ramos, quien consider\u00f3 como una maravillosa labor el que se tome en cuenta a los ni\u00f1os especiales y a sus familiares, en torno a la importancia de educar a los menores sobre los valores, bondades y buenas costumbres que deben manifestar como seres humanos.<\/span><\/p>\n<\/p>\n<p><span class=\"text1noticias\">Dijo que esta contribuci\u00f3n es parte de una labor que la escritora dominicana viene realizando en el marco de la celebraci\u00f3n de la semana de la donaci\u00f3n, que promueve la fundaci\u00f3n internacional Random Acts of kindness, con la cual ella se identifica.<\/span><\/p>\n<\/p>\n<p><span class=\"text1noticias\">\u00abPara m\u00ed es una bonita labor que Anya Damir\u00f3n tome en cuenta a los ni\u00f1os y ni\u00f1as para que a trav\u00e9s de cuentos infantiles se promuevan los valores humanos en ellos y sus familiares\u00bb.<\/span><\/p>\n<\/p>\n<p><strong><span class=\"text1noticias\">Agradece iniciativa<\/span><\/strong><\/p>\n<\/p>\n<p><span class=\"text1noticias\">Al agradecer en nombre del Despacho de la Primera Dama la donaci\u00f3n de los libros de cuentos y las capas, Ramos destac\u00f3 que Damir\u00f3n en su obra promueve mucho la inclusi\u00f3n y el respecto a la diversidad.<\/span><\/p>\n<\/p>\n<p><span class=\"text1noticias\">Dijo que a trav\u00e9s de esta actividad, el CAID contribuye a que los ni\u00f1os y ni\u00f1as del centro y sus padres, puedan ser incluidos como parte de la misi\u00f3n que lleva a cabo.<\/span><\/p>\n<\/p>\n<p><span class=\"text1noticias\">De su lado, Danya Damir\u00f3n manifest\u00f3 que escribi\u00f3 el cuento con el objetivo de que los ni\u00f1os entiendan a los menores con condiciones especiales.<\/span><\/p>\n<\/p>\n<p><span class=\"text1noticias\">Con este recurso literario las familias cambian sus paradigmas respecto de c\u00f3mo pensar y actuar ante la discapacidad que uno de sus miembros pueda tener, en especial si es ni\u00f1o o ni\u00f1a.<\/span><\/p>\n<\/p>\n<p><strong><span class=\"text1noticias\">Herramienta de aprendizaje en las escuelas<\/span><\/strong><\/p>\n<\/p>\n<p><span class=\"text1noticias\">La escritora adem\u00e1s, sugiri\u00f3 que este libro sea utilizado como herramienta de aprendizaje tanto en las escuelas como en el hogar.<\/span><\/p>\n<\/p>\n<p><span class=\"text1noticias\">\u00abEste libro de cuento puede ense\u00f1arle cosas importantes a los ni\u00f1os, todo depende del objetivo que quiera alcanzarse con el infante\u00bb, enfatiz\u00f3.<\/span><\/p>\n<\/p>\n<p><span class=\"text1noticias\">Resalt\u00f3 que \u00abla inclusi\u00f3n debe empezar por la familia, por los padres y por la mente de las personas que est\u00e1n cerca. Debemos apoyar a los ni\u00f1os y hacerlos sentir que son capaces\u00bb.<\/span><\/p>\n<p><span class=\"text1noticias\"><strong>El CAID es un privilegio<\/strong><\/span><\/p>\n<\/p>\n<p><span class=\"text1noticias\">Expres\u00f3 \u00abes incre\u00edble que las familias dominicanas puedan contar con un centro que le ofrece tanto privilegio, sobre todo cuando m\u00e1s lo necesitan las familias y cuando no saben qu\u00e9 hacer con los ni\u00f1os especiales\u00bb.<\/span><\/p>\n<\/p>\n<p><span class=\"text1noticias\">Precis\u00f3 que con este libro se abre una ventana para que se haga com\u00fan hablar de la discapacidad.<\/span><\/p>\n<\/p>\n<p><span class=\"text1noticias\">En la actividad participaron los padres de ni\u00f1os que reciben terapias en el CAID con edades entre 4 a 10 a\u00f1os.<\/span><\/p>\n<\/p>\n<p><span class=\"text1noticias\">Al finalizar el acto, hicieron un recorrido por las instalaciones del CAID Santo Domingo Oeste, en el que la escritora dominicana recibi\u00f3 explicaciones sobre el funcionamiento de la instituci\u00f3n<\/span>.<\/p>\n<h6> 2016-02-18 18:42:39 <\/h6>\n<p><!--\n<link rel=\"stylesheet\" href=\"css\/bootstrap.min.css\">\n\n\n<ul class=\"pagination\">\n\t    \n\t\n\n<li >\n\t<a href='?page_no=13650'>Previous<\/a>\n\t<\/li>\n\n\n       \n    \n\n<li><a href='?page_no=1'>1<\/a><\/li>\n\n\n\n<li><a href='?page_no=2'>2<\/a><\/li>\n\n\n\n<li><a>...<\/a><\/li>\n\n\n\n<li><a href='?page_no=13649'>13649<\/a><\/li>\n\n\n\n<li><a href='?page_no=13650'>13650<\/a><\/li>\n\n\n\n<li class='active'><a>13651<\/a><\/li>\n\n\n\n<li><a href='?page_no=13652'>13652<\/a><\/li>\n\n\n\n<li><a href='?page_no=13653'>13653<\/a><\/li>\n\n\n\n<li><a>...<\/a><\/li>\n\n\n\n<li><a href='?page_no=56169'>56169<\/a><\/li>\n\n\n\n<li><a href='?page_no=56170'>56170<\/a><\/li>\n\n    \n\t\n\n<li >\n\t<a href='?page_no=13652'>Next<\/a>\n\t<\/li>\n\n\n    \n\n<li><a href='?page_no=56170'>Last &rsaquo;&rsaquo;<\/a><\/li>\n\n<\/ul>\n\n\n--><br \/>\n<\/body><\/p>\n","protected":false},"excerpt":{"rendered":"<p>Santo Domingo, RD, 18 de febrero.-Decenas de ni\u00f1os y ni\u00f1as que reciben terapias en el Centro de Atenci\u00f3n Integral para la Discapacidad (CAID), del Despacho de la Primera Dama, recibieron libros de cuentos y capas de superh\u00e9roes que promueven los valores humanos. El libro de cuento S\u00faper Ni\u00f1o, donado a trav\u00e9s del proyecto \u00abYo soy [&hellip;]<\/p>\n","protected":false},"author":3,"featured_media":0,"comment_status":"open","ping_status":"open","sticky":false,"template":"","format":"standard","meta":{"footnotes":""},"categories":[20],"tags":[],"class_list":["post-219317","post","type-post","status-publish","format-standard","hentry","category-dominicana-hoy"],"_links":{"self":[{"href":"https:\/\/diariodominicano.com\/index.php?rest_route=\/wp\/v2\/posts\/219317","targetHints":{"allow":["GET"]}}],"collection":[{"href":"https:\/\/diariodominicano.com\/index.php?rest_route=\/wp\/v2\/posts"}],"about":[{"href":"https:\/\/diariodominicano.com\/index.php?rest_route=\/wp\/v2\/types\/post"}],"author":[{"embeddable":true,"href":"https:\/\/diariodominicano.com\/index.php?rest_route=\/wp\/v2\/users\/3"}],"replies":[{"embeddable":true,"href":"https:\/\/diariodominicano.com\/index.php?rest_route=%2Fwp%2Fv2%2Fcomments&post=219317"}],"version-history":[{"count":0,"href":"https:\/\/diariodominicano.com\/index.php?rest_route=\/wp\/v2\/posts\/219317\/revisions"}],"wp:attachment":[{"href":"https:\/\/diariodominicano.com\/index.php?rest_route=%2Fwp%2Fv2%2Fmedia&parent=219317"}],"wp:term":[{"taxonomy":"category","embeddable":true,"href":"https:\/\/diariodominicano.com\/index.php?rest_route=%2Fwp%2Fv2%2Fcategories&post=219317"},{"taxonomy":"post_tag","embeddable":true,"href":"https:\/\/diariodominicano.com\/index.php?rest_route=%2Fwp%2Fv2%2Ftags&post=219317"}],"curies":[{"name":"wp","href":"https:\/\/api.w.org\/{rel}","templated":true}]}}