{"id":219314,"date":"2016-02-19T08:26:53","date_gmt":"2016-02-19T08:26:53","guid":{"rendered":"http:\/\/diariodominicano.ddns.net\/?p=219314"},"modified":"2016-02-19T08:26:53","modified_gmt":"2016-02-19T08:26:53","slug":"hospital-metropolitano-de-santiago-inaugura-unidad-de-dolor-y-cuidados-paliativos","status":"publish","type":"post","link":"https:\/\/diariodominicano.com\/?p=219314","title":{"rendered":"&#13;Hospital Metropolitano de Santiago inaugura Unidad de Dolor y Cuidados Paliativos"},"content":{"rendered":"<p><body><\/p>\n<p><img decoding=\"async\" src=\"img3\/medico 1.jpg\" \/>  <\/p>\n<p>Santiago RD 19 febrero.-  Dentro la pol\u00edtica de la instituci\u00f3n de ofrecer servicios m\u00e9dicos que beneficien a la poblaci\u00f3n, inaugur\u00f3 la Unidad Multidisciplinar del Dolor y Cuidados Paliativos en la sede del Centro del C\u00e1ncer que contar\u00e1 con atenci\u00f3n terap\u00e9utica, para tratar a los pacientes con enfermedades cr\u00f3nicas y terminales, en las que podemos encontrar el c\u00e1ncer. <\/p>\n<\/p>\n<p>El Dr. Rafael S\u00e1nchez Espa\u00f1ol, Presidente del Consejo Administrativo expres\u00f3, que esta Unidad viene a afianzar el servicio integral de salud que ofrecemos con la atenci\u00f3n de cuidados paliativos para el enfermo y su familia, cuando es de suma importancia contar con un equipo de atenci\u00f3n multidisciplinar donde disponga de: atenci\u00f3n psicol\u00f3gica, m\u00e9dica y educacional para paliar los problemas que se derivan de la enfermedad.<\/p>\n<\/p>\n<p>Por otra parte los doctores Rafael Guti\u00e9rrez, Director del Centro del C\u00e1ncer y Jos\u00e9 Jim\u00e9nez Marmolejos, Jefe de la Unidad Multidisciplinar del Dolor y Cuidados Paliativos, respectivamente ratificaron la misi\u00f3n de la Unidad, de mejorar la atenci\u00f3n prestada, acompa\u00f1ando a pacientes de enfermedades cr\u00f3nicas en la etapa paliativa y a sus familiares, promoviendo la atenci\u00f3n integral del equipo m\u00e9dico con el objetivo de mantener al paciente con la mejor calidad de vida posible dentro de lo que su enfermedad le permita.<\/p>\n<\/p>\n<p>En la misma participaron miembros del Consejo Administrativo,  m\u00e9dicos, empleados del hospital y allegados.<\/p>\n<\/p>\n<h6> 2016-02-19 08:26:53 <\/h6>\n<p><!--\n<link rel=\"stylesheet\" href=\"css\/bootstrap.min.css\">\n\n\n<ul class=\"pagination\">\n\t    \n\t\n\n<li >\n\t<a href='?page_no=13648'>Previous<\/a>\n\t<\/li>\n\n\n       \n    \n\n<li><a href='?page_no=1'>1<\/a><\/li>\n\n\n\n<li><a href='?page_no=2'>2<\/a><\/li>\n\n\n\n<li><a>...<\/a><\/li>\n\n\n\n<li><a href='?page_no=13647'>13647<\/a><\/li>\n\n\n\n<li><a href='?page_no=13648'>13648<\/a><\/li>\n\n\n\n<li class='active'><a>13649<\/a><\/li>\n\n\n\n<li><a href='?page_no=13650'>13650<\/a><\/li>\n\n\n\n<li><a href='?page_no=13651'>13651<\/a><\/li>\n\n\n\n<li><a>...<\/a><\/li>\n\n\n\n<li><a href='?page_no=56169'>56169<\/a><\/li>\n\n\n\n<li><a href='?page_no=56170'>56170<\/a><\/li>\n\n    \n\t\n\n<li >\n\t<a href='?page_no=13650'>Next<\/a>\n\t<\/li>\n\n\n    \n\n<li><a href='?page_no=56170'>Last &rsaquo;&rsaquo;<\/a><\/li>\n\n<\/ul>\n\n\n--><br \/>\n<\/body><\/p>\n","protected":false},"excerpt":{"rendered":"<p>Santiago RD 19 febrero.- Dentro la pol\u00edtica de la instituci\u00f3n de ofrecer servicios m\u00e9dicos que beneficien a la poblaci\u00f3n, inaugur\u00f3 la Unidad Multidisciplinar del Dolor y Cuidados Paliativos en la sede del Centro del C\u00e1ncer que contar\u00e1 con atenci\u00f3n terap\u00e9utica, para tratar a los pacientes con enfermedades cr\u00f3nicas y terminales, en las que podemos encontrar [&hellip;]<\/p>\n","protected":false},"author":3,"featured_media":0,"comment_status":"open","ping_status":"open","sticky":false,"template":"","format":"standard","meta":{"footnotes":""},"categories":[20],"tags":[],"class_list":["post-219314","post","type-post","status-publish","format-standard","hentry","category-dominicana-hoy"],"_links":{"self":[{"href":"https:\/\/diariodominicano.com\/index.php?rest_route=\/wp\/v2\/posts\/219314","targetHints":{"allow":["GET"]}}],"collection":[{"href":"https:\/\/diariodominicano.com\/index.php?rest_route=\/wp\/v2\/posts"}],"about":[{"href":"https:\/\/diariodominicano.com\/index.php?rest_route=\/wp\/v2\/types\/post"}],"author":[{"embeddable":true,"href":"https:\/\/diariodominicano.com\/index.php?rest_route=\/wp\/v2\/users\/3"}],"replies":[{"embeddable":true,"href":"https:\/\/diariodominicano.com\/index.php?rest_route=%2Fwp%2Fv2%2Fcomments&post=219314"}],"version-history":[{"count":0,"href":"https:\/\/diariodominicano.com\/index.php?rest_route=\/wp\/v2\/posts\/219314\/revisions"}],"wp:attachment":[{"href":"https:\/\/diariodominicano.com\/index.php?rest_route=%2Fwp%2Fv2%2Fmedia&parent=219314"}],"wp:term":[{"taxonomy":"category","embeddable":true,"href":"https:\/\/diariodominicano.com\/index.php?rest_route=%2Fwp%2Fv2%2Fcategories&post=219314"},{"taxonomy":"post_tag","embeddable":true,"href":"https:\/\/diariodominicano.com\/index.php?rest_route=%2Fwp%2Fv2%2Ftags&post=219314"}],"curies":[{"name":"wp","href":"https:\/\/api.w.org\/{rel}","templated":true}]}}