{"id":219313,"date":"2016-02-19T13:53:49","date_gmt":"2016-02-19T13:53:49","guid":{"rendered":"http:\/\/diariodominicano.ddns.net\/?p=219313"},"modified":"2016-02-19T13:53:49","modified_gmt":"2016-02-19T13:53:49","slug":"andres-navarro-y-luis-almagro-firman-el-acuerdo-de-la-asamblea-de-la-oea-en-santo-domingo","status":"publish","type":"post","link":"https:\/\/diariodominicano.com\/?p=219313","title":{"rendered":"Andr\u00e9s Navarro y Luis Almagro firman el acuerdo de la Asamblea de la OEA en  Santo Domingo"},"content":{"rendered":"<p><body><\/p>\n<p><img decoding=\"async\" src=\"img3\/salu 2.jpg\" \/><br \/><img decoding=\"async\" src=\"img3\/nava 1.jpg\" \/>  <\/p>\n<p>Washington 19 febrero.-  El ministro dominicano de Relaciones Exteriores, arquitecto Andr\u00e9s Navarro, y el secretario general de la Organizaci\u00f3n de Estados Americanos (OEA), Luis Almagro, firmaron el acuerdo de sede para la celebraci\u00f3n en Santo Domingo de la Cuadrag\u00e9simo-Sexto Asamblea General Ordinaria de ese organismo regional, programado del 13 al 15 de junio de este a\u00f1o.<\/p>\n<\/p>\n<p>En la ceremonia celebrada en la sede de la OEA, estuvieron presentes, adem\u00e1s, el secretario general adjunto N\u00e9stor M\u00e9ndez; Ronald Michael Sanders, presidente del Consejo Permanente y de la Comisi\u00f3n General, as\u00ed como los embajadores representantes permanentes de los pa\u00edses miembrosy los observadores permanentes del organismo multilateral.<\/p>\n<\/p>\n<p>En su discurso pronunciado en nombre del gobierno dominicano, el canciller Navarro asegur\u00f3 que para la Rep\u00fablica Dominicana es un gran honor ostentar la sede de la asamblea de la OEA, y una fiel expresi\u00f3n del compromiso de coadyuvar con el desarrollo institucional del organismo, \u00abtarea a la cual mi pa\u00eds se dedicar\u00e1 en cuerpo y alma, orientado por la nueva pol\u00edtica exterior puesta en marcha por nuestro presidente Danilo Medina\u00bb.<\/p>\n<\/p>\n<p> Dijo que la asamblea general de junio venidero se celebrar\u00e1 exactamente 10 a\u00f1os despu\u00e9s de que el pa\u00eds fuera sede del trig\u00e9simo-sexto per\u00edodo de sesiones del organismo regional en el a\u00f1o 2006.<\/p>\n<\/p>\n<p>\u00abEsta apuesta por la multilateralidad responde a la firme convicci\u00f3n de que hoy, m\u00e1s que nunca, los principales retos regionales y globales deben ser asumidos por la colectividad de naciones, en el marco de agendas comunes, tanto por la complejidad de los mismos como por su dimensi\u00f3n\u00bb, refiri\u00f3 Navarro.<\/p>\n<\/p>\n<p>El funcionario destac\u00f3 que en tal sentido, el gobierno del presidente Medina y el gobierno dominicano est\u00e1n asumiendo el proceso de coordinaci\u00f3n y montaje de la pr\u00f3xima asamblea de la OEA como una responsabilidad prioritaria conel prop\u00f3sito de alcanzar el \u00e9xito que ser\u00e1 de todos los pa\u00edses miembros que integran el organismo.<\/p>\n<\/p>\n<p>Precis\u00f3 que la OEA tiene actualmente una gran oportunidad para desarrollar un proceso de reflexi\u00f3n sobre su institucionalidad y el rol que debe desempe\u00f1ar en el nuevo per\u00edodo que reci\u00e9n iniciaron Luis Almagro y N\u00e9stor M\u00e9ndez, como secretario general y secretario general adjunto, respectivamente.<\/p>\n<\/p>\n<p>\u00abEn efecto, la actual coyuntura internacional a escala regional, a la vez que representa grandes retos, tambi\u00e9n est\u00e1 acompa\u00f1ada de oportunidades para el desempe\u00f1o de una organizaci\u00f3n con la suficiente madurez y experiencias acumuladas, pues suma ya m\u00e1s de seis d\u00e9cadas de operaci\u00f3n\u00bb, refiri\u00f3.<\/p>\n<\/p>\n<p>El funcionario dominicano consider\u00f3 que \u00abesas grandes oportunidades s\u00f3lo podr\u00e1n ser aprovechadas en su justa medida, si se logra adecuar la OEA a las demandas y necesidades de la regi\u00f3n, como resultado de un proceso reflexivo y autocr\u00edtico, participativo y transparente, orientado estrat\u00e9gicamente a resultados\u00bb.<\/p>\n<\/p>\n<p>Manifest\u00f3 que la coyuntura internacional actual es favorable para un replanteamiento de la estrategia institucional de la OEA, ya que precisamente el pasado a\u00f1o 2015 el concierto de naciones a nivel mundial lograron establecer los Objetivos de Desarrollo Sostenible (Agenda 2030), y la Convenci\u00f3n frente al Cambio Clim\u00e1tico,   \u00abdos instrumentos que podr\u00e1n orientar a toda la humanidad en la ruta de la prosperidad y la seguridad del planeta\u00bb.<\/p>\n<\/p>\n<p>Navarro se pregunt\u00f3, sin embargo, \u00absi la OEA y los pa\u00edses miembros est\u00e1n debidamente preparados para desarrollar esta agenda com\u00fan con eficiencia y efectividad.<\/p>\n<\/p>\n<p>\u00abLa respuesta m\u00e1s honesta posiblemente nos lleve a la conclusi\u00f3n de que debemos emprender un proceso riguroso y acelerado de mejoramiento institucional, que garantice que tanto la OEA como cada uno de nuestros pa\u00edses est\u00e9n en plena capacidad de hacer el aporte que les corresponda\u00bb.<\/p>\n<\/p>\n<p> Dijo que la realidad planteada ha llevado a la Rep\u00fablica Dominicana a entender que el tema central m\u00e1s oportuno para la cuadrag\u00e9sima sexta Asamblea General de la OEA debe ser \u00abfortalecimiento institucional en las Am\u00e9ricas para el Desarrollo Sostenible, de forma que dicha mejora institucional tenga un prop\u00f3sito com\u00fan claramente identificado\u00bb.<\/p>\n<\/p>\n<p>Refiri\u00f3 que la pr\u00f3xima asamblea general debe convertirse en el momento id\u00f3neo para la actualizaci\u00f3n y relanzamiento de la OEA, en procura de que siga siendo, cada vez m\u00e1s, un ente de promoci\u00f3n de la convivencia pac\u00edfica, la soberan\u00eda de los Estados, de la democracia, los derechos humanos, la seguridad ciudadana y el desarrollo sostenible en el continente.<\/p>\n<\/p>\n<p>\u00abPara esto, la Rep\u00fablica Dominicana est\u00e1 creando las mejores condiciones organizativas, log\u00edsticas y ambientales que viabilicen el debido desarrollo de las diversas reuniones, talleres, foros y plenarias que forman parte de la agenda que envuelve la asamblea\u00bb, subray\u00f3.<\/p>\n<\/p>\n<p>El ministro dominicano resalt\u00f3 que el proceso de montaje de la asamblea general de la OEA ha implicado una intensa agenda de encuentros de trabajo con los diversos sectores del Estado y la sociedad dominicana, en un proceso con un sentido integracionista y participativo que comenz\u00f3 en julio de 2015.<\/p>\n<\/p>\n<h6> 2016-02-19 13:53:49 <\/h6>\n<p><!--\n<link rel=\"stylesheet\" href=\"css\/bootstrap.min.css\">\n\n\n<ul class=\"pagination\">\n\t    \n\t\n\n<li >\n\t<a href='?page_no=13647'>Previous<\/a>\n\t<\/li>\n\n\n       \n    \n\n<li><a href='?page_no=1'>1<\/a><\/li>\n\n\n\n<li><a href='?page_no=2'>2<\/a><\/li>\n\n\n\n<li><a>...<\/a><\/li>\n\n\n\n<li><a href='?page_no=13646'>13646<\/a><\/li>\n\n\n\n<li><a href='?page_no=13647'>13647<\/a><\/li>\n\n\n\n<li class='active'><a>13648<\/a><\/li>\n\n\n\n<li><a href='?page_no=13649'>13649<\/a><\/li>\n\n\n\n<li><a href='?page_no=13650'>13650<\/a><\/li>\n\n\n\n<li><a>...<\/a><\/li>\n\n\n\n<li><a href='?page_no=56169'>56169<\/a><\/li>\n\n\n\n<li><a href='?page_no=56170'>56170<\/a><\/li>\n\n    \n\t\n\n<li >\n\t<a href='?page_no=13649'>Next<\/a>\n\t<\/li>\n\n\n    \n\n<li><a href='?page_no=56170'>Last &rsaquo;&rsaquo;<\/a><\/li>\n\n<\/ul>\n\n\n--><br \/>\n<\/body><\/p>\n","protected":false},"excerpt":{"rendered":"<p>Washington 19 febrero.- El ministro dominicano de Relaciones Exteriores, arquitecto Andr\u00e9s Navarro, y el secretario general de la Organizaci\u00f3n de Estados Americanos (OEA), Luis Almagro, firmaron el acuerdo de sede para la celebraci\u00f3n en Santo Domingo de la Cuadrag\u00e9simo-Sexto Asamblea General Ordinaria de ese organismo regional, programado del 13 al 15 de junio de este [&hellip;]<\/p>\n","protected":false},"author":3,"featured_media":0,"comment_status":"open","ping_status":"open","sticky":false,"template":"","format":"standard","meta":{"footnotes":""},"categories":[20],"tags":[],"class_list":["post-219313","post","type-post","status-publish","format-standard","hentry","category-dominicana-hoy"],"_links":{"self":[{"href":"https:\/\/diariodominicano.com\/index.php?rest_route=\/wp\/v2\/posts\/219313","targetHints":{"allow":["GET"]}}],"collection":[{"href":"https:\/\/diariodominicano.com\/index.php?rest_route=\/wp\/v2\/posts"}],"about":[{"href":"https:\/\/diariodominicano.com\/index.php?rest_route=\/wp\/v2\/types\/post"}],"author":[{"embeddable":true,"href":"https:\/\/diariodominicano.com\/index.php?rest_route=\/wp\/v2\/users\/3"}],"replies":[{"embeddable":true,"href":"https:\/\/diariodominicano.com\/index.php?rest_route=%2Fwp%2Fv2%2Fcomments&post=219313"}],"version-history":[{"count":0,"href":"https:\/\/diariodominicano.com\/index.php?rest_route=\/wp\/v2\/posts\/219313\/revisions"}],"wp:attachment":[{"href":"https:\/\/diariodominicano.com\/index.php?rest_route=%2Fwp%2Fv2%2Fmedia&parent=219313"}],"wp:term":[{"taxonomy":"category","embeddable":true,"href":"https:\/\/diariodominicano.com\/index.php?rest_route=%2Fwp%2Fv2%2Fcategories&post=219313"},{"taxonomy":"post_tag","embeddable":true,"href":"https:\/\/diariodominicano.com\/index.php?rest_route=%2Fwp%2Fv2%2Ftags&post=219313"}],"curies":[{"name":"wp","href":"https:\/\/api.w.org\/{rel}","templated":true}]}}