{"id":219309,"date":"2016-02-20T15:22:50","date_gmt":"2016-02-20T15:22:50","guid":{"rendered":"http:\/\/diariodominicano.ddns.net\/?p=219309"},"modified":"2016-02-20T15:22:50","modified_gmt":"2016-02-20T15:22:50","slug":"armada-realiza-clausura-ejercicios-dunas-2016","status":"publish","type":"post","link":"https:\/\/diariodominicano.com\/?p=219309","title":{"rendered":"Armada realiza clausura Ejercicios \u00abDunas-2016\u00bb"},"content":{"rendered":"<p><body><\/p>\n<p><img decoding=\"async\" src=\"img3\/dunas.jpg\" \/>  <\/p>\n<p><span class=\"text1noticias\">Santo Domingo, RD, 20 de Febrero.-La Armada Dominicana clausur\u00f3 los ejercicios conjuntos y combinados \u00abDunas 20l6\u00bb,los cuales se desarrollaron en las instalaciones de la Base Naval \u00abLas Calderas\u00bb, en la provincia Peravia.<\/span><\/p>\n<\/p>\n<p><span class=\"text1noticias\">En los ejercicios participaron 140 militares de las Fuerzas Armadas Francesas y 120 miembros de la Armada, Ej\u00e9rcito y la Fuerza A\u00e9rea de nuestro pa\u00eds. Estos entrenamientostuvieron como prop\u00f3sito, elevar la listeza operacional de los participantes, a fin de fortalecer la seguridad regional y, a la vez, promover una mayor integraci\u00f3n entre ambas Fuerzas Armadas.<\/span><\/p>\n<\/p>\n<p><span class=\"text1noticias\">La Ceremonia estuvo presidida por el Mayor General Pedro Antonio C\u00e1ceres Chestaro, ERD, Inspector General de las Fuerzas Armadas, en representaci\u00f3n del Teniente General M\u00e1ximo W. Mu\u00f1oz Delgado, ERD, Ministro de Defensa, el Embajador de Francia en Rep\u00fablica Dominicana Se\u00f1or Jos\u00e9 G\u00f3mez,el Contralmirante Emilio Recio Segura, Sub-Comandante General de la Armada, entre otras autoridades civiles y militare<\/span>s. <\/p>\n<h6> 2016-02-20 15:22:50 <\/h6>\n<p><!--\n<link rel=\"stylesheet\" href=\"css\/bootstrap.min.css\">\n\n\n<ul class=\"pagination\">\n\t    \n\t\n\n<li >\n\t<a href='?page_no=13643'>Previous<\/a>\n\t<\/li>\n\n\n       \n    \n\n<li><a href='?page_no=1'>1<\/a><\/li>\n\n\n\n<li><a href='?page_no=2'>2<\/a><\/li>\n\n\n\n<li><a>...<\/a><\/li>\n\n\n\n<li><a href='?page_no=13642'>13642<\/a><\/li>\n\n\n\n<li><a href='?page_no=13643'>13643<\/a><\/li>\n\n\n\n<li class='active'><a>13644<\/a><\/li>\n\n\n\n<li><a href='?page_no=13645'>13645<\/a><\/li>\n\n\n\n<li><a href='?page_no=13646'>13646<\/a><\/li>\n\n\n\n<li><a>...<\/a><\/li>\n\n\n\n<li><a href='?page_no=56169'>56169<\/a><\/li>\n\n\n\n<li><a href='?page_no=56170'>56170<\/a><\/li>\n\n    \n\t\n\n<li >\n\t<a href='?page_no=13645'>Next<\/a>\n\t<\/li>\n\n\n    \n\n<li><a href='?page_no=56170'>Last &rsaquo;&rsaquo;<\/a><\/li>\n\n<\/ul>\n\n\n--><br \/>\n<\/body><\/p>\n","protected":false},"excerpt":{"rendered":"<p>Santo Domingo, RD, 20 de Febrero.-La Armada Dominicana clausur\u00f3 los ejercicios conjuntos y combinados \u00abDunas 20l6\u00bb,los cuales se desarrollaron en las instalaciones de la Base Naval \u00abLas Calderas\u00bb, en la provincia Peravia. En los ejercicios participaron 140 militares de las Fuerzas Armadas Francesas y 120 miembros de la Armada, Ej\u00e9rcito y la Fuerza A\u00e9rea de [&hellip;]<\/p>\n","protected":false},"author":3,"featured_media":0,"comment_status":"open","ping_status":"open","sticky":false,"template":"","format":"standard","meta":{"footnotes":""},"categories":[20],"tags":[],"class_list":["post-219309","post","type-post","status-publish","format-standard","hentry","category-dominicana-hoy"],"_links":{"self":[{"href":"https:\/\/diariodominicano.com\/index.php?rest_route=\/wp\/v2\/posts\/219309","targetHints":{"allow":["GET"]}}],"collection":[{"href":"https:\/\/diariodominicano.com\/index.php?rest_route=\/wp\/v2\/posts"}],"about":[{"href":"https:\/\/diariodominicano.com\/index.php?rest_route=\/wp\/v2\/types\/post"}],"author":[{"embeddable":true,"href":"https:\/\/diariodominicano.com\/index.php?rest_route=\/wp\/v2\/users\/3"}],"replies":[{"embeddable":true,"href":"https:\/\/diariodominicano.com\/index.php?rest_route=%2Fwp%2Fv2%2Fcomments&post=219309"}],"version-history":[{"count":0,"href":"https:\/\/diariodominicano.com\/index.php?rest_route=\/wp\/v2\/posts\/219309\/revisions"}],"wp:attachment":[{"href":"https:\/\/diariodominicano.com\/index.php?rest_route=%2Fwp%2Fv2%2Fmedia&parent=219309"}],"wp:term":[{"taxonomy":"category","embeddable":true,"href":"https:\/\/diariodominicano.com\/index.php?rest_route=%2Fwp%2Fv2%2Fcategories&post=219309"},{"taxonomy":"post_tag","embeddable":true,"href":"https:\/\/diariodominicano.com\/index.php?rest_route=%2Fwp%2Fv2%2Ftags&post=219309"}],"curies":[{"name":"wp","href":"https:\/\/api.w.org\/{rel}","templated":true}]}}