{"id":219308,"date":"2016-02-20T19:58:10","date_gmt":"2016-02-20T19:58:10","guid":{"rendered":"http:\/\/diariodominicano.ddns.net\/?p=219308"},"modified":"2016-02-20T19:58:10","modified_gmt":"2016-02-20T19:58:10","slug":"montalvo-recibe-plan-de-accion-y-agenda-de-cultura","status":"publish","type":"post","link":"https:\/\/diariodominicano.com\/?p=219308","title":{"rendered":"Montalvo recibe Plan de Acci\u00f3n y Agenda de Cultura"},"content":{"rendered":"<p><body><\/p>\n<p><img decoding=\"async\" src=\"img3\/Montalvo.jpg\" \/>  <\/p>\n<p><span class=\"text1noticias\">Santiago, R. D., 20 de febrero.- El ministro  de la Presidencia, Gustavo Montalvo, recibi\u00f3 dos vol\u00famenes conteniendo la  Agenda de Cultura para el Desarrollo  y el Plan de Acci\u00f3n \u00abSantiago de los Caballeros, Ciudad Sostenible\u00bb.<\/span><\/p>\n<p><span class=\"text1noticias\"> <\/span><\/p>\n<p><span class=\"text1noticias\">En ambos tomos, se identifican los proyectos y el abordaje para lograr la sostenibilidad estrat\u00e9gica de la ciudad y su entorno.<\/span><\/p>\n<p><span class=\"text1noticias\"> <\/span><\/p>\n<p><span class=\"text1noticias\">Montalvo recibi\u00f3 los ejemplares de manos de Carlos Fondeur, Reynaldo Peguero y Mirtha Saleta, presidente, director y gerente de Proyectos, respectivamente, del Consejo para el Desarrollo Estrat\u00e9gico de Santiago.<\/span><\/p>\n<p><span class=\"text1noticias\"> <\/span><\/p>\n<p><span class=\"text1noticias\">Plan dise\u00f1ado para lograr objetivo a corto, mediano y largo plazo<\/span><\/p>\n<p><span class=\"text1noticias\"> <\/span><\/p>\n<p><span class=\"text1noticias\">\u00abSantiago es una ciudad de gente laboriosa, enfocada en el progreso, y esto se evidencia cuando los principales sectores productivos de esta sociedad se integran para de manera organizada y con el apoyo del Gobierno encaminar sus prioridades con la realizaci\u00f3n de un plan dise\u00f1ado para lograr sus objetivo a corto, mediano y largo plazo\u00bb, dijo.  <\/span><\/p>\n<p><span class=\"text1noticias\"> <\/span><\/p>\n<p><span class=\"text1noticias\">Abordar los retos m\u00e1s urgentes de Santiago<\/span><\/p>\n<p><span class=\"text1noticias\"> <\/span><\/p>\n<p><span class=\"text1noticias\">El Plan de Acci\u00f3n contiene im\u00e1genes satelitales actualizadas y un an\u00e1lisis cr\u00edtico de la ciudad y su entorno metropolitano, formulado en el contexto de la Iniciativa de Ciudades Emergentes y Sostenibles (ICES) del Banco Interamericano de Desarrollo (BID).<\/span><\/p>\n<p><span class=\"text1noticias\"> <\/span><\/p>\n<p><span class=\"text1noticias\">La iniciativa ICES-BID es una intervenci\u00f3n estructurante y coherente con la planificaci\u00f3n estrat\u00e9gica territorial, formulada para abordar los retos m\u00e1s urgentes de la sostenibilidad de Santiago, que se puede replicar en varias ciudades emergentes del pa\u00eds.<\/span><\/p>\n<p><span class=\"text1noticias\"> <\/span><\/p>\n<p><span class=\"text1noticias\">La Agenda de Cultura para el Desarrollo recibida por Montalvo, expresa la gobernabilidad social impulsada por el Consejo para el Desarrollo estrat\u00e9gico de Santiago (CDES), el Centro Le\u00f3n, el Ministerio de Cultura,  el Ayuntamiento de Santiago y m\u00e1s de 250 artistas visuales, esc\u00e9nicos y empresarios creativos.<\/span><\/p>\n<p><span class=\"text1noticias\"> <\/span><\/p>\n<p><span class=\"text1noticias\">Al agradecer la entrega del documento, el ministro Montalvo expres\u00f3: \u00ables exhorto a continuar trabajando por el progreso de Santiago, con la seguridad de que recibir\u00e1n todo el apoyo de este Gobierno, que ha dado muestras claras de que ustedes forman parte de su agenda priorizada\u00bb.<\/span><\/p>\n<p><span class=\"text1noticias\"> <\/span><\/p>\n<p><span class=\"text1noticias\">Santiago es el primer territorio de Centroam\u00e9rica y el Caribe que formula esta agenda con 25 proyectos estructurantes consensuados y 396 productos entregables, que deben ser auspiciados por m\u00e1s de 50 entidades p\u00fablicas, privadas, organismos internacionales  de cooperaci\u00f3n, bancos de desarrollo y organizaciones<\/span> del pa\u00eds.<\/p>\n<h6> 2016-02-20 19:58:10 <\/h6>\n<p><!--\n<link rel=\"stylesheet\" href=\"css\/bootstrap.min.css\">\n\n\n<ul class=\"pagination\">\n\t    \n\t\n\n<li >\n\t<a href='?page_no=13642'>Previous<\/a>\n\t<\/li>\n\n\n       \n    \n\n<li><a href='?page_no=1'>1<\/a><\/li>\n\n\n\n<li><a href='?page_no=2'>2<\/a><\/li>\n\n\n\n<li><a>...<\/a><\/li>\n\n\n\n<li><a href='?page_no=13641'>13641<\/a><\/li>\n\n\n\n<li><a href='?page_no=13642'>13642<\/a><\/li>\n\n\n\n<li class='active'><a>13643<\/a><\/li>\n\n\n\n<li><a href='?page_no=13644'>13644<\/a><\/li>\n\n\n\n<li><a href='?page_no=13645'>13645<\/a><\/li>\n\n\n\n<li><a>...<\/a><\/li>\n\n\n\n<li><a href='?page_no=56169'>56169<\/a><\/li>\n\n\n\n<li><a href='?page_no=56170'>56170<\/a><\/li>\n\n    \n\t\n\n<li >\n\t<a href='?page_no=13644'>Next<\/a>\n\t<\/li>\n\n\n    \n\n<li><a href='?page_no=56170'>Last &rsaquo;&rsaquo;<\/a><\/li>\n\n<\/ul>\n\n\n--><br \/>\n<\/body><\/p>\n","protected":false},"excerpt":{"rendered":"<p>Santiago, R. D., 20 de febrero.- El ministro de la Presidencia, Gustavo Montalvo, recibi\u00f3 dos vol\u00famenes conteniendo la Agenda de Cultura para el Desarrollo y el Plan de Acci\u00f3n \u00abSantiago de los Caballeros, Ciudad Sostenible\u00bb. En ambos tomos, se identifican los proyectos y el abordaje para lograr la sostenibilidad estrat\u00e9gica de la ciudad y su [&hellip;]<\/p>\n","protected":false},"author":3,"featured_media":0,"comment_status":"open","ping_status":"open","sticky":false,"template":"","format":"standard","meta":{"footnotes":""},"categories":[20],"tags":[],"class_list":["post-219308","post","type-post","status-publish","format-standard","hentry","category-dominicana-hoy"],"_links":{"self":[{"href":"https:\/\/diariodominicano.com\/index.php?rest_route=\/wp\/v2\/posts\/219308","targetHints":{"allow":["GET"]}}],"collection":[{"href":"https:\/\/diariodominicano.com\/index.php?rest_route=\/wp\/v2\/posts"}],"about":[{"href":"https:\/\/diariodominicano.com\/index.php?rest_route=\/wp\/v2\/types\/post"}],"author":[{"embeddable":true,"href":"https:\/\/diariodominicano.com\/index.php?rest_route=\/wp\/v2\/users\/3"}],"replies":[{"embeddable":true,"href":"https:\/\/diariodominicano.com\/index.php?rest_route=%2Fwp%2Fv2%2Fcomments&post=219308"}],"version-history":[{"count":0,"href":"https:\/\/diariodominicano.com\/index.php?rest_route=\/wp\/v2\/posts\/219308\/revisions"}],"wp:attachment":[{"href":"https:\/\/diariodominicano.com\/index.php?rest_route=%2Fwp%2Fv2%2Fmedia&parent=219308"}],"wp:term":[{"taxonomy":"category","embeddable":true,"href":"https:\/\/diariodominicano.com\/index.php?rest_route=%2Fwp%2Fv2%2Fcategories&post=219308"},{"taxonomy":"post_tag","embeddable":true,"href":"https:\/\/diariodominicano.com\/index.php?rest_route=%2Fwp%2Fv2%2Ftags&post=219308"}],"curies":[{"name":"wp","href":"https:\/\/api.w.org\/{rel}","templated":true}]}}