{"id":219307,"date":"2016-02-21T14:12:39","date_gmt":"2016-02-21T14:12:39","guid":{"rendered":"http:\/\/diariodominicano.ddns.net\/?p=219307"},"modified":"2016-02-21T14:12:39","modified_gmt":"2016-02-21T14:12:39","slug":"el-indrhi-informa-trabaja-a-tiempo-completo-para-restablecer-servicio-del-canal-ufe","status":"publish","type":"post","link":"https:\/\/diariodominicano.com\/?p=219307","title":{"rendered":"El INDRHI informa trabaja a tiempo completo para restablecer servicio del canal UFE"},"content":{"rendered":"<p><body><\/p>\n<p><img decoding=\"async\" src=\"img3\/riego.jpg\" \/>  <\/p>\n<p><span class=\"text1noticias\">Villa Gonz\u00e1lez, Santiago, RD, 21 de Febrero-, El director ejecutivo del Instituto Nacional de Recursos Hidr\u00e1ulicos (INDRHI), ingeniero Olgo Fern\u00e1ndez, asegur\u00f3 que se trabaja 24 horas al d\u00eda para restablecer el servicio provisional del canal Ulises Francisco Espaillat (UFE) que sufri\u00f3 una rotura en un tramo del sector Quinigua.<\/span><\/p>\n<\/p>\n<p><span class=\"text1noticias\">   El funcionario inform\u00f3 que el presidente Danilo Medina imparti\u00f3 instrucciones precisas para que se trabaje a tiempo completo en la reconstrucci\u00f3n del tramo del canal que colaps\u00f3 producto de la crecida de una ca\u00f1ada.<\/span><\/p>\n<\/p>\n<p><span class=\"text1noticias\">    Dijo que producto de las labores que se llevan a cabo, ya fue restablecido el servicio de agua a la zona franca de Villa Gonz\u00e1lez, al tiempo que garantiz\u00f3 que si las condiciones climatol\u00f3gicas lo permiten, en unos diez o 12 d\u00edas los cultivos tendr\u00e1n el preciado l\u00edquido de forma provisional. <\/span><\/p>\n<\/p>\n<p><span class=\"text1noticias\">   Explic\u00f3 que el canal moja unas 500 mil tareas dedicadas al cultivo de tomate industrial, tabaco, guineo, pl\u00e1tano y otros rubros agr\u00edcolas en los distritos de riego Alto y Bajo Yaque del Norte.<\/span><\/p>\n<\/p>\n<p><span class=\"text1noticias\">   Fern\u00e1ndez manifest\u00f3 que desde el mi\u00e9rcoles t\u00e9cnicos del INDRHI realizan los estudios de rigor correspondientes  para darle una soluci\u00f3n provisional al problema creado por la destrucci\u00f3n del tramo del canal en el referido tramo.  <\/span><\/p>\n<\/p>\n<p><span class=\"text1noticias\">   Destac\u00f3 el inter\u00e9s mostrado por productores y legisladores de Santiago, encabezados por el senador Julio C\u00e9sar  Valent\u00edn, para  que se busque una r\u00e1pida soluci\u00f3n al problema.<\/span><\/p>\n<\/p>\n<p><span class=\"text1noticias\">   El director del INDRHI dijo que en el lugar de la rotura se har\u00e1 un desv\u00edo (Bypass) y que los tubos que se emplear\u00e1n ser\u00e1n tra\u00eddos de la presa de Mag\u00fcaca, en Las Matas de Santa Cruz, Montecristi.<\/span><\/p>\n<p><span class=\"text1noticias\">    Esos tubos tienen 3.5 metros de ancho por 12 de largo y conducen unos 15 metros c\u00fabicos por segundo. El UFE tiene una capacidad de conducci\u00f3n de 24 metros c\u00fabicos por segundo.<\/span><\/p>\n<\/p>\n<p><span class=\"text1noticias\">    Fern\u00e1ndez resalt\u00f3 que  la inversi\u00f3n en los trabajos finales a realizarse en dicho sistema de riego es elevado, pero que el  presidente Medina est\u00e1 dando el apoyo necesario para su realizaci\u00f3n.<\/span><\/p>\n<\/p>\n<p><span class=\"text1noticias\">   En la supervisi\u00f3n de los trabajos que est\u00e1n a cargo  de la empresa contratista Remix estuvieron presentes productores agr\u00edcolas encabezados por F\u00e9lix Garc\u00eda , el senador Valent\u00edn y algunos diputados de la provincia de Santiago<\/span>.<\/p>\n<h6> 2016-02-21 14:12:39 <\/h6>\n<p><!--\n<link rel=\"stylesheet\" href=\"css\/bootstrap.min.css\">\n\n\n<ul class=\"pagination\">\n\t    \n\t\n\n<li >\n\t<a href='?page_no=13641'>Previous<\/a>\n\t<\/li>\n\n\n       \n    \n\n<li><a href='?page_no=1'>1<\/a><\/li>\n\n\n\n<li><a href='?page_no=2'>2<\/a><\/li>\n\n\n\n<li><a>...<\/a><\/li>\n\n\n\n<li><a href='?page_no=13640'>13640<\/a><\/li>\n\n\n\n<li><a href='?page_no=13641'>13641<\/a><\/li>\n\n\n\n<li class='active'><a>13642<\/a><\/li>\n\n\n\n<li><a href='?page_no=13643'>13643<\/a><\/li>\n\n\n\n<li><a href='?page_no=13644'>13644<\/a><\/li>\n\n\n\n<li><a>...<\/a><\/li>\n\n\n\n<li><a href='?page_no=56169'>56169<\/a><\/li>\n\n\n\n<li><a href='?page_no=56170'>56170<\/a><\/li>\n\n    \n\t\n\n<li >\n\t<a href='?page_no=13643'>Next<\/a>\n\t<\/li>\n\n\n    \n\n<li><a href='?page_no=56170'>Last &rsaquo;&rsaquo;<\/a><\/li>\n\n<\/ul>\n\n\n--><br \/>\n<\/body><\/p>\n","protected":false},"excerpt":{"rendered":"<p>Villa Gonz\u00e1lez, Santiago, RD, 21 de Febrero-, El director ejecutivo del Instituto Nacional de Recursos Hidr\u00e1ulicos (INDRHI), ingeniero Olgo Fern\u00e1ndez, asegur\u00f3 que se trabaja 24 horas al d\u00eda para restablecer el servicio provisional del canal Ulises Francisco Espaillat (UFE) que sufri\u00f3 una rotura en un tramo del sector Quinigua. El funcionario inform\u00f3 que el presidente [&hellip;]<\/p>\n","protected":false},"author":3,"featured_media":0,"comment_status":"open","ping_status":"open","sticky":false,"template":"","format":"standard","meta":{"footnotes":""},"categories":[20],"tags":[],"class_list":["post-219307","post","type-post","status-publish","format-standard","hentry","category-dominicana-hoy"],"_links":{"self":[{"href":"https:\/\/diariodominicano.com\/index.php?rest_route=\/wp\/v2\/posts\/219307","targetHints":{"allow":["GET"]}}],"collection":[{"href":"https:\/\/diariodominicano.com\/index.php?rest_route=\/wp\/v2\/posts"}],"about":[{"href":"https:\/\/diariodominicano.com\/index.php?rest_route=\/wp\/v2\/types\/post"}],"author":[{"embeddable":true,"href":"https:\/\/diariodominicano.com\/index.php?rest_route=\/wp\/v2\/users\/3"}],"replies":[{"embeddable":true,"href":"https:\/\/diariodominicano.com\/index.php?rest_route=%2Fwp%2Fv2%2Fcomments&post=219307"}],"version-history":[{"count":0,"href":"https:\/\/diariodominicano.com\/index.php?rest_route=\/wp\/v2\/posts\/219307\/revisions"}],"wp:attachment":[{"href":"https:\/\/diariodominicano.com\/index.php?rest_route=%2Fwp%2Fv2%2Fmedia&parent=219307"}],"wp:term":[{"taxonomy":"category","embeddable":true,"href":"https:\/\/diariodominicano.com\/index.php?rest_route=%2Fwp%2Fv2%2Fcategories&post=219307"},{"taxonomy":"post_tag","embeddable":true,"href":"https:\/\/diariodominicano.com\/index.php?rest_route=%2Fwp%2Fv2%2Ftags&post=219307"}],"curies":[{"name":"wp","href":"https:\/\/api.w.org\/{rel}","templated":true}]}}