{"id":219300,"date":"2016-02-22T08:23:09","date_gmt":"2016-02-22T08:23:09","guid":{"rendered":"http:\/\/diariodominicano.ddns.net\/?p=219300"},"modified":"2016-02-22T08:23:09","modified_gmt":"2016-02-22T08:23:09","slug":"murio-en-la-madrugada-el-periodista-silvio-herasme-pena","status":"publish","type":"post","link":"https:\/\/diariodominicano.com\/?p=219300","title":{"rendered":"Muri\u00f3 en la madrugada el periodista Silvio Herasme Pe\u00f1a"},"content":{"rendered":"<p><body><\/p>\n<p><img decoding=\"async\" src=\"img3\/silvio H00.jpg\" \/>  <\/p>\n<p>Santo Domingo RD 22 febrero.-  Muri\u00f3 en la madrugada de este lunes el  periodista Silvio Herasme Pe\u00f1a a causa de infarto.  <\/p>\n<\/p>\n<p>Los restos de Herasme Pe\u00f1a ser\u00e1n velados en la Funeraria Blandino de la avenida Abraham Lincoln, este martes a partir de las dos de la tarde y ser\u00e1 sepultado el m\u00edercoles al mediod\u00eda.<\/p>\n<\/p>\n<p>Fue el primer director del desaparecido vespertino La Noticia.<\/p>\n<\/p>\n<p>Egresado de la Escuela de Periodismo de la Universidad Aut\u00f3noma de Santo Domingo, tambi\u00e9n hizo estudios en el Centro Internacional de Estudios Superiores de Periodismo para Am\u00e9rica Latina (CIESPAL), en Quito, Ecuador.<\/p>\n<\/p>\n<p>Silvio Herasme Pe\u00f1a naci\u00f3 en la provincia Bahoruco en una familia de comunicadores. Era hermano del tambi\u00e9n periodista y exdirector del List\u00edn Diario Emilio (Emilito) Herasme Pe\u00f1a, fallecido en el 2013 de un edema pulmonar, y de Eur\u00edpides Herasme Pe\u00f1a, tambi\u00e9n fallecido.<\/p>\n<\/p>\n<p>Silvio fue tambi\u00e9n embajador en Hait\u00ed y Uruguay, y al momento de su fallecimiento era columnista del List\u00edn Diario.<\/p>\n<\/p>\n<h6> 2016-02-22 08:23:09 <\/h6>\n<p><!--\n<link rel=\"stylesheet\" href=\"css\/bootstrap.min.css\">\n\n\n<ul class=\"pagination\">\n\t    \n\t\n\n<li >\n\t<a href='?page_no=13635'>Previous<\/a>\n\t<\/li>\n\n\n       \n    \n\n<li><a href='?page_no=1'>1<\/a><\/li>\n\n\n\n<li><a href='?page_no=2'>2<\/a><\/li>\n\n\n\n<li><a>...<\/a><\/li>\n\n\n\n<li><a href='?page_no=13634'>13634<\/a><\/li>\n\n\n\n<li><a href='?page_no=13635'>13635<\/a><\/li>\n\n\n\n<li class='active'><a>13636<\/a><\/li>\n\n\n\n<li><a href='?page_no=13637'>13637<\/a><\/li>\n\n\n\n<li><a href='?page_no=13638'>13638<\/a><\/li>\n\n\n\n<li><a>...<\/a><\/li>\n\n\n\n<li><a href='?page_no=56169'>56169<\/a><\/li>\n\n\n\n<li><a href='?page_no=56170'>56170<\/a><\/li>\n\n    \n\t\n\n<li >\n\t<a href='?page_no=13637'>Next<\/a>\n\t<\/li>\n\n\n    \n\n<li><a href='?page_no=56170'>Last &rsaquo;&rsaquo;<\/a><\/li>\n\n<\/ul>\n\n\n--><br \/>\n<\/body><\/p>\n","protected":false},"excerpt":{"rendered":"<p>Santo Domingo RD 22 febrero.- Muri\u00f3 en la madrugada de este lunes el periodista Silvio Herasme Pe\u00f1a a causa de infarto. Los restos de Herasme Pe\u00f1a ser\u00e1n velados en la Funeraria Blandino de la avenida Abraham Lincoln, este martes a partir de las dos de la tarde y ser\u00e1 sepultado el m\u00edercoles al mediod\u00eda. Fue [&hellip;]<\/p>\n","protected":false},"author":3,"featured_media":0,"comment_status":"open","ping_status":"open","sticky":false,"template":"","format":"standard","meta":{"footnotes":""},"categories":[20],"tags":[],"class_list":["post-219300","post","type-post","status-publish","format-standard","hentry","category-dominicana-hoy"],"_links":{"self":[{"href":"https:\/\/diariodominicano.com\/index.php?rest_route=\/wp\/v2\/posts\/219300","targetHints":{"allow":["GET"]}}],"collection":[{"href":"https:\/\/diariodominicano.com\/index.php?rest_route=\/wp\/v2\/posts"}],"about":[{"href":"https:\/\/diariodominicano.com\/index.php?rest_route=\/wp\/v2\/types\/post"}],"author":[{"embeddable":true,"href":"https:\/\/diariodominicano.com\/index.php?rest_route=\/wp\/v2\/users\/3"}],"replies":[{"embeddable":true,"href":"https:\/\/diariodominicano.com\/index.php?rest_route=%2Fwp%2Fv2%2Fcomments&post=219300"}],"version-history":[{"count":0,"href":"https:\/\/diariodominicano.com\/index.php?rest_route=\/wp\/v2\/posts\/219300\/revisions"}],"wp:attachment":[{"href":"https:\/\/diariodominicano.com\/index.php?rest_route=%2Fwp%2Fv2%2Fmedia&parent=219300"}],"wp:term":[{"taxonomy":"category","embeddable":true,"href":"https:\/\/diariodominicano.com\/index.php?rest_route=%2Fwp%2Fv2%2Fcategories&post=219300"},{"taxonomy":"post_tag","embeddable":true,"href":"https:\/\/diariodominicano.com\/index.php?rest_route=%2Fwp%2Fv2%2Ftags&post=219300"}],"curies":[{"name":"wp","href":"https:\/\/api.w.org\/{rel}","templated":true}]}}