{"id":219298,"date":"2016-02-22T10:26:30","date_gmt":"2016-02-22T10:26:30","guid":{"rendered":"http:\/\/diariodominicano.ddns.net\/?p=219298"},"modified":"2016-02-22T10:26:30","modified_gmt":"2016-02-22T10:26:30","slug":"la-embajada-ee-uu-realiza-taller-sobre-redes-sociales","status":"publish","type":"post","link":"https:\/\/diariodominicano.com\/?p=219298","title":{"rendered":"La Embajada EE.UU. realiza taller sobre redes sociales"},"content":{"rendered":"<p><body><\/p>\n<p><img decoding=\"async\" src=\"img3\/si 1.jpg\" \/><br \/><img decoding=\"async\" src=\"img3\/usa 1.jpg\" \/>  <\/p>\n<p>Santo Domingo RD 22 febrero.- La Embajada de los Estados Unidos de Am\u00e9rica en Rep\u00fablica Dominicana, con el apoyo de la Universidad del Instituto Cultural Dominico Americana (ICDA)  realiz\u00f3 la semana pasada, el taller \u00abGesti\u00f3n y Tendencias de las Redes Sociales aplicadas a entidades gubernamentales   Profesionales que a diario manejan y administran  estos medios de comunicaci\u00f3n no tradicionales en las  entidades gubernamentales dominicanas y embajadas adscritas al pa\u00eds  participaron durante todo un d\u00eda en este taller enfocado  en dar a  conocer y compartir conocimientos y experiencias sobre la gesti\u00f3n eficaz de las redes sociales.<\/p>\n<\/p>\n<p>El programa del taller incluy\u00f3 conferencias a cargo de Arturo L\u00f3pez Valerio y Mite Nishio, especialistas reconocidos en Comunicaci\u00f3n Digital quienes abordaron los temas:  An\u00e1lisis de Datos y cifras en las redes  y Manejo de Crisis, respectivamente.<\/p>\n<\/p>\n<p>El Agregado de Prensa de la Embajada de los Estados Unidos, Jeremiah Knight, destac\u00f3 en este encuentro la importancia de realizar talleres como \u00e9ste para  reforzar los lazos de la Embajada de los Estados Unidos con entidades gubernamentales dominicanas con el fin de compartir tendencias en temas tan relevantes como el manejo apropiado de las redes sociales.<\/p>\n<\/p>\n<p>Al taller asistieron representantes del  Despacho de la Primera Dama y de los ministerios de:  Educaci\u00f3n Superior, Ciencia y Tecnolog\u00eda (MESCYT),  Trabajo, Relaciones Exteriores (MIREX), Educaci\u00f3n (MINERD),  Econom\u00eda, Planificaci\u00f3n y Desarrollo (MEPyD) y de la Juventud, as\u00ed como representantes de las embajadas de Canad\u00e1 y Colombia. <\/p>\n<h6> 2016-02-22 10:26:30 <\/h6>\n<p><!--\n<link rel=\"stylesheet\" href=\"css\/bootstrap.min.css\">\n\n\n<ul class=\"pagination\">\n\t    \n\t\n\n<li >\n\t<a href='?page_no=13633'>Previous<\/a>\n\t<\/li>\n\n\n       \n    \n\n<li><a href='?page_no=1'>1<\/a><\/li>\n\n\n\n<li><a href='?page_no=2'>2<\/a><\/li>\n\n\n\n<li><a>...<\/a><\/li>\n\n\n\n<li><a href='?page_no=13632'>13632<\/a><\/li>\n\n\n\n<li><a href='?page_no=13633'>13633<\/a><\/li>\n\n\n\n<li class='active'><a>13634<\/a><\/li>\n\n\n\n<li><a href='?page_no=13635'>13635<\/a><\/li>\n\n\n\n<li><a href='?page_no=13636'>13636<\/a><\/li>\n\n\n\n<li><a>...<\/a><\/li>\n\n\n\n<li><a href='?page_no=56169'>56169<\/a><\/li>\n\n\n\n<li><a href='?page_no=56170'>56170<\/a><\/li>\n\n    \n\t\n\n<li >\n\t<a href='?page_no=13635'>Next<\/a>\n\t<\/li>\n\n\n    \n\n<li><a href='?page_no=56170'>Last &rsaquo;&rsaquo;<\/a><\/li>\n\n<\/ul>\n\n\n--><br \/>\n<\/body><\/p>\n","protected":false},"excerpt":{"rendered":"<p>Santo Domingo RD 22 febrero.- La Embajada de los Estados Unidos de Am\u00e9rica en Rep\u00fablica Dominicana, con el apoyo de la Universidad del Instituto Cultural Dominico Americana (ICDA) realiz\u00f3 la semana pasada, el taller \u00abGesti\u00f3n y Tendencias de las Redes Sociales aplicadas a entidades gubernamentales Profesionales que a diario manejan y administran estos medios de [&hellip;]<\/p>\n","protected":false},"author":3,"featured_media":0,"comment_status":"open","ping_status":"open","sticky":false,"template":"","format":"standard","meta":{"footnotes":""},"categories":[20],"tags":[],"class_list":["post-219298","post","type-post","status-publish","format-standard","hentry","category-dominicana-hoy"],"_links":{"self":[{"href":"https:\/\/diariodominicano.com\/index.php?rest_route=\/wp\/v2\/posts\/219298","targetHints":{"allow":["GET"]}}],"collection":[{"href":"https:\/\/diariodominicano.com\/index.php?rest_route=\/wp\/v2\/posts"}],"about":[{"href":"https:\/\/diariodominicano.com\/index.php?rest_route=\/wp\/v2\/types\/post"}],"author":[{"embeddable":true,"href":"https:\/\/diariodominicano.com\/index.php?rest_route=\/wp\/v2\/users\/3"}],"replies":[{"embeddable":true,"href":"https:\/\/diariodominicano.com\/index.php?rest_route=%2Fwp%2Fv2%2Fcomments&post=219298"}],"version-history":[{"count":0,"href":"https:\/\/diariodominicano.com\/index.php?rest_route=\/wp\/v2\/posts\/219298\/revisions"}],"wp:attachment":[{"href":"https:\/\/diariodominicano.com\/index.php?rest_route=%2Fwp%2Fv2%2Fmedia&parent=219298"}],"wp:term":[{"taxonomy":"category","embeddable":true,"href":"https:\/\/diariodominicano.com\/index.php?rest_route=%2Fwp%2Fv2%2Fcategories&post=219298"},{"taxonomy":"post_tag","embeddable":true,"href":"https:\/\/diariodominicano.com\/index.php?rest_route=%2Fwp%2Fv2%2Ftags&post=219298"}],"curies":[{"name":"wp","href":"https:\/\/api.w.org\/{rel}","templated":true}]}}