{"id":219297,"date":"2016-02-22T11:43:55","date_gmt":"2016-02-22T11:43:55","guid":{"rendered":"http:\/\/diariodominicano.ddns.net\/?p=219297"},"modified":"2016-02-22T11:43:55","modified_gmt":"2016-02-22T11:43:55","slug":"rd-y-el-cariforo-trabajan-en-la-profundizacion-de-sus-relaciones","status":"publish","type":"post","link":"https:\/\/diariodominicano.com\/?p=219297","title":{"rendered":"RD y el Cariforo trabajan en la profundizaci\u00f3n de sus relaciones"},"content":{"rendered":"<p><body><\/p>\n<p><img decoding=\"async\" src=\"img3\/CARIFORO.jpg\" \/>  <\/p>\n<p><span class=\"text1noticias\">Santo Domingo, RD, 22 de Febrero.-El director general del Foro del Caribe (Cariforo),  se\u00f1or Percival Marie, y el Embajador Antonio Vargas Hern\u00e1ndez, ordenador nacional de los Fondos Europeos para el Desarrollo, reafirmaron este lunes, el compromiso de continuar impulsando las buenas relaciones existentes entre ese importante espacio regional y la Rep\u00fablica Dominicana.<\/span><\/p>\n<p><span class=\"text1noticias\"> <\/span><\/p>\n<p><span class=\"text1noticias\">El dignatario, quien se encuentra de visita oficial en el pa\u00eds, fue recibido por el funcionario dominicano en su despacho, en la sede de la Direcci\u00f3n General de Cooperaci\u00f3n Multilateral, donde sostuvieron una mesa de trabajo, en procura de fortalecer dichas relaciones, y la uni\u00f3n de los estados miembros.<\/span><\/p>\n<p><span class=\"text1noticias\"> <\/span><\/p>\n<p><span class=\"text1noticias\">Ambos funcionarios abordaron la necesidad de profundizar la participaci\u00f3n de Rep\u00fablica Dominicana en el Cariforo, y pasaron revista a lo relativo a la cooperaci\u00f3n. <\/span><\/p>\n<p><span class=\"text1noticias\"> <\/span><\/p>\n<p><span class=\"text1noticias\">Marie, durante su estad\u00eda en el pa\u00eds, sostendr\u00e1 encuentros bilaterales con actores nacionales, donde tratar\u00e1n temas como el comercio y di\u00e1logo pol\u00edtico.<\/span><\/p>\n<p><span class=\"text1noticias\"> <\/span><\/p>\n<p><span class=\"text1noticias\">Asimismo, se reunir\u00e1 con instituciones nacionales que intervienen en los programas binacionales y regionales de cara a la programaci\u00f3n del 11avo Fondo Europeo de Desarrollo (FED), el cual tendr\u00e1 un monto de 346 millones de euros para apoyar \u00e1reas como integraci\u00f3n regional, cambio clim\u00e1tico, medioambiente, energ\u00eda y gesti\u00f3n de riesgo, as\u00ed como para crimen y seguridad.<\/span><\/p>\n<p><span class=\"text1noticias\"> <\/span><\/p>\n<p><span class=\"text1noticias\">El director general del Cariforo, motiv\u00f3 la participaci\u00f3n de Rep\u00fablica Dominicana en la pr\u00f3xima Reuni\u00f3n del Consejo de Ministros, a celebrarse el 17 de marzo en Guyana, la que estar\u00e1 precedida de una reuni\u00f3n t\u00e9cnica preparatoria y de un di\u00e1logo pol\u00edtico a nivel de oficiales con la Uni\u00f3n Europea.<\/span><\/p>\n<p><span class=\"text1noticias\"> <\/span><\/p>\n<p><span class=\"text1noticias\">El Cariforo est\u00e1 integrado por Jamaica, Hait\u00ed, Trinidad y Tobago, Barbados, Guyana, Sant Luc\u00eda, Antigua, Dominica, Granada, San Crist\u00f3bal y Nieves, San Vicente y Granadinas, B\u00e9lice, Surinam, Bahamas y Rep\u00fablica Dominicana<\/span>.<\/p>\n<h6> 2016-02-22 11:43:55 <\/h6>\n<p><!--\n<link rel=\"stylesheet\" href=\"css\/bootstrap.min.css\">\n\n\n<ul class=\"pagination\">\n\t    \n\t\n\n<li >\n\t<a href='?page_no=13632'>Previous<\/a>\n\t<\/li>\n\n\n       \n    \n\n<li><a href='?page_no=1'>1<\/a><\/li>\n\n\n\n<li><a href='?page_no=2'>2<\/a><\/li>\n\n\n\n<li><a>...<\/a><\/li>\n\n\n\n<li><a href='?page_no=13631'>13631<\/a><\/li>\n\n\n\n<li><a href='?page_no=13632'>13632<\/a><\/li>\n\n\n\n<li class='active'><a>13633<\/a><\/li>\n\n\n\n<li><a href='?page_no=13634'>13634<\/a><\/li>\n\n\n\n<li><a href='?page_no=13635'>13635<\/a><\/li>\n\n\n\n<li><a>...<\/a><\/li>\n\n\n\n<li><a href='?page_no=56169'>56169<\/a><\/li>\n\n\n\n<li><a href='?page_no=56170'>56170<\/a><\/li>\n\n    \n\t\n\n<li >\n\t<a href='?page_no=13634'>Next<\/a>\n\t<\/li>\n\n\n    \n\n<li><a href='?page_no=56170'>Last &rsaquo;&rsaquo;<\/a><\/li>\n\n<\/ul>\n\n\n--><br \/>\n<\/body><\/p>\n","protected":false},"excerpt":{"rendered":"<p>Santo Domingo, RD, 22 de Febrero.-El director general del Foro del Caribe (Cariforo), se\u00f1or Percival Marie, y el Embajador Antonio Vargas Hern\u00e1ndez, ordenador nacional de los Fondos Europeos para el Desarrollo, reafirmaron este lunes, el compromiso de continuar impulsando las buenas relaciones existentes entre ese importante espacio regional y la Rep\u00fablica Dominicana. El dignatario, quien [&hellip;]<\/p>\n","protected":false},"author":3,"featured_media":0,"comment_status":"open","ping_status":"open","sticky":false,"template":"","format":"standard","meta":{"footnotes":""},"categories":[20],"tags":[],"class_list":["post-219297","post","type-post","status-publish","format-standard","hentry","category-dominicana-hoy"],"_links":{"self":[{"href":"https:\/\/diariodominicano.com\/index.php?rest_route=\/wp\/v2\/posts\/219297","targetHints":{"allow":["GET"]}}],"collection":[{"href":"https:\/\/diariodominicano.com\/index.php?rest_route=\/wp\/v2\/posts"}],"about":[{"href":"https:\/\/diariodominicano.com\/index.php?rest_route=\/wp\/v2\/types\/post"}],"author":[{"embeddable":true,"href":"https:\/\/diariodominicano.com\/index.php?rest_route=\/wp\/v2\/users\/3"}],"replies":[{"embeddable":true,"href":"https:\/\/diariodominicano.com\/index.php?rest_route=%2Fwp%2Fv2%2Fcomments&post=219297"}],"version-history":[{"count":0,"href":"https:\/\/diariodominicano.com\/index.php?rest_route=\/wp\/v2\/posts\/219297\/revisions"}],"wp:attachment":[{"href":"https:\/\/diariodominicano.com\/index.php?rest_route=%2Fwp%2Fv2%2Fmedia&parent=219297"}],"wp:term":[{"taxonomy":"category","embeddable":true,"href":"https:\/\/diariodominicano.com\/index.php?rest_route=%2Fwp%2Fv2%2Fcategories&post=219297"},{"taxonomy":"post_tag","embeddable":true,"href":"https:\/\/diariodominicano.com\/index.php?rest_route=%2Fwp%2Fv2%2Ftags&post=219297"}],"curies":[{"name":"wp","href":"https:\/\/api.w.org\/{rel}","templated":true}]}}