{"id":219296,"date":"2016-02-22T12:17:09","date_gmt":"2016-02-22T12:17:09","guid":{"rendered":"http:\/\/diariodominicano.ddns.net\/?p=219296"},"modified":"2016-02-22T12:17:09","modified_gmt":"2016-02-22T12:17:09","slug":"presidente-danilo-medina-lamenta-muerte-de-silvio-herasme-pena","status":"publish","type":"post","link":"https:\/\/diariodominicano.com\/?p=219296","title":{"rendered":"Presidente Danilo Medina lamenta muerte de Silvio Herasme Pe\u00f1a"},"content":{"rendered":"<p><body><\/p>\n<p><span class=\"text1noticias\">Santo Domingo, RD, 22 de febrero.-El presidente Danilo Medina manifest\u00f3 que la muerte del veterano periodista y diplom\u00e1tico, Silvio Herasme Pe\u00f1a es muy lamentada en el pa\u00eds, por lo que expres\u00f3 su solidaridad a do\u00f1a \u00c1ngela Echeverr\u00eda viuda Herasme.<\/span><\/p>\n<\/p>\n<p><span class=\"text1noticias\">\u00abSinceros sentimientos de pesar nos impulsan a unirnos a la tristeza que invade a su familia por el repentino fallecimiento de su esposo, el destacado periodista y diplom\u00e1tico, Silvio Herasme Pe\u00f1a, cuya partida es muy lamentada en el pa\u00eds\u00bb, expres\u00f3 Danilo Medina.<\/span><\/p>\n<\/p>\n<p><span class=\"text1noticias\">En misiva dirigida a do\u00f1a \u00c1ngela, Danilo Medina refiri\u00f3 adem\u00e1s que \u00aben nombre del Gobierno y en el m\u00edo propio, reciba estas expresiones de solidaridad que hacemos extensivas a los hijos del fenecido: Marcos, Juan Jos\u00e9, Claudia Herasme Alfonso; Sarah y Silvio Antonio Herasme Echeverr\u00eda y a los dem\u00e1s familiares\u00bb.<\/span><\/p>\n<\/p>\n<p><span class=\"text1noticias\">El Jefe de Estado record\u00f3 que Herasme Pe\u00f1a, fue integrante de la primera promoci\u00f3n de periodistas que egres\u00f3 de la UASD en 1966. Form\u00f3 parte del equipo de prensa que labor\u00f3 en el List\u00edn Diario luego de su reapertura. Durante la revoluci\u00f3n de 1965 labor\u00f3 en el departamento de prensa del gobierno constitucionalista de Francisco Caama\u00f1o. Fue redactor de El Nacional y fundador- director del desaparecido peri\u00f3dico La Noticia.<\/span><\/p>\n<\/p>\n<p><span class=\"text1noticias\">\u00abEn su ejercicio profesional se especializ\u00f3 en temas econ\u00f3micos y en an\u00e1lisis pol\u00edticos. Incursion\u00f3 en la televisi\u00f3n con el programa ?A los siete d\u00edas? y en los \u00faltimos a\u00f1os escrib\u00eda los domingos una columna en el List\u00edn Diario. El a\u00f1o pasado fue reconocido con el Premio Caonabo de Oro de Periodismo. En misiones diplom\u00e1ticas, prest\u00f3 servicios al pa\u00eds como embajador dominicano en Hait\u00ed, Colombia y Uruguay\u00bb, explic\u00f3 Danilo Medina.<\/span><\/p>\n<\/p>\n<p><span class=\"text1noticias\">El Jefe de Estado pidi\u00f3 a Dios que reciba en su amoroso regazo el alma de don Silvio; consuele a sus familiares y les bendiga en abundancia<\/span>.<\/p>\n<h6> 2016-02-22 12:17:09 <\/h6>\n<p><!--\n<link rel=\"stylesheet\" href=\"css\/bootstrap.min.css\">\n\n\n<ul class=\"pagination\">\n\t    \n\t\n\n<li >\n\t<a href='?page_no=13631'>Previous<\/a>\n\t<\/li>\n\n\n       \n    \n\n<li><a href='?page_no=1'>1<\/a><\/li>\n\n\n\n<li><a href='?page_no=2'>2<\/a><\/li>\n\n\n\n<li><a>...<\/a><\/li>\n\n\n\n<li><a href='?page_no=13630'>13630<\/a><\/li>\n\n\n\n<li><a href='?page_no=13631'>13631<\/a><\/li>\n\n\n\n<li class='active'><a>13632<\/a><\/li>\n\n\n\n<li><a href='?page_no=13633'>13633<\/a><\/li>\n\n\n\n<li><a href='?page_no=13634'>13634<\/a><\/li>\n\n\n\n<li><a>...<\/a><\/li>\n\n\n\n<li><a href='?page_no=56169'>56169<\/a><\/li>\n\n\n\n<li><a href='?page_no=56170'>56170<\/a><\/li>\n\n    \n\t\n\n<li >\n\t<a href='?page_no=13633'>Next<\/a>\n\t<\/li>\n\n\n    \n\n<li><a href='?page_no=56170'>Last &rsaquo;&rsaquo;<\/a><\/li>\n\n<\/ul>\n\n\n--><br \/>\n<\/body><\/p>\n","protected":false},"excerpt":{"rendered":"<p>Santo Domingo, RD, 22 de febrero.-El presidente Danilo Medina manifest\u00f3 que la muerte del veterano periodista y diplom\u00e1tico, Silvio Herasme Pe\u00f1a es muy lamentada en el pa\u00eds, por lo que expres\u00f3 su solidaridad a do\u00f1a \u00c1ngela Echeverr\u00eda viuda Herasme. \u00abSinceros sentimientos de pesar nos impulsan a unirnos a la tristeza que invade a su familia [&hellip;]<\/p>\n","protected":false},"author":3,"featured_media":0,"comment_status":"open","ping_status":"open","sticky":false,"template":"","format":"standard","meta":{"footnotes":""},"categories":[20],"tags":[],"class_list":["post-219296","post","type-post","status-publish","format-standard","hentry","category-dominicana-hoy"],"_links":{"self":[{"href":"https:\/\/diariodominicano.com\/index.php?rest_route=\/wp\/v2\/posts\/219296","targetHints":{"allow":["GET"]}}],"collection":[{"href":"https:\/\/diariodominicano.com\/index.php?rest_route=\/wp\/v2\/posts"}],"about":[{"href":"https:\/\/diariodominicano.com\/index.php?rest_route=\/wp\/v2\/types\/post"}],"author":[{"embeddable":true,"href":"https:\/\/diariodominicano.com\/index.php?rest_route=\/wp\/v2\/users\/3"}],"replies":[{"embeddable":true,"href":"https:\/\/diariodominicano.com\/index.php?rest_route=%2Fwp%2Fv2%2Fcomments&post=219296"}],"version-history":[{"count":0,"href":"https:\/\/diariodominicano.com\/index.php?rest_route=\/wp\/v2\/posts\/219296\/revisions"}],"wp:attachment":[{"href":"https:\/\/diariodominicano.com\/index.php?rest_route=%2Fwp%2Fv2%2Fmedia&parent=219296"}],"wp:term":[{"taxonomy":"category","embeddable":true,"href":"https:\/\/diariodominicano.com\/index.php?rest_route=%2Fwp%2Fv2%2Fcategories&post=219296"},{"taxonomy":"post_tag","embeddable":true,"href":"https:\/\/diariodominicano.com\/index.php?rest_route=%2Fwp%2Fv2%2Ftags&post=219296"}],"curies":[{"name":"wp","href":"https:\/\/api.w.org\/{rel}","templated":true}]}}