{"id":219294,"date":"2016-02-22T13:26:59","date_gmt":"2016-02-22T13:26:59","guid":{"rendered":"http:\/\/diariodominicano.ddns.net\/?p=219294"},"modified":"2016-02-22T13:26:59","modified_gmt":"2016-02-22T13:26:59","slug":"amarante-baret-educacion-ya-no-le-debe-a-los-constructores-de-escuelas","status":"publish","type":"post","link":"https:\/\/diariodominicano.com\/?p=219294","title":{"rendered":"Amarante Baret: \u00abEducaci\u00f3n ya no le debe a los constructores de escuelas\u00bb"},"content":{"rendered":"<p><body><\/p>\n<p><span class=\"text1noticias\">Santo Domingo, RD, 22 de febrero.- El Ministro de Educaci\u00f3n, licenciado Carlos Amarante Baret, proclam\u00f3 que el ministerio que dirige ya canaliz\u00f3 para fines de pago unos 4,700 millones de pesos, correspondientes a todas las cubicaciones pendientes con ingenieros, arquitectos y firmas constructoras de escuelas y estancias infantiles, pertenecientes al Programa Nacional de Edificaciones Escolares.<\/span><\/p>\n<\/p>\n<p><span class=\"text1noticias\">Dijo que debido al volumen, esos pagos ir\u00e1n cayendo paulatinamente en las cuentas de los constructores de las edificaciones escolares. Expres\u00f3 que de las sumas adeudadas, desde Educaci\u00f3n se han desembolsado unos 2,700 millones de pesos. El resto estar\u00e1 en las cuentas de constructores y contratistas a finales del presente mes.<\/span><\/p>\n<\/p>\n<p><span class=\"text1noticias\">\u00abEl inicio del nuevo a\u00f1o provoc\u00f3 ciertos retrasos en las primeras semanas, pero ya actualmente se nos coloc\u00f3 unos 5 mil millones de pesos, de los cuales ya tienen su libramiento algo m\u00e1s de 4 mil 700 millones de pesos\u00bb, puntualiz\u00f3 el Ministro de Educaci\u00f3n.<\/span><\/p>\n<\/p>\n<p><span class=\"text1noticias\">Explic\u00f3 que como consecuencia de eso los pagos, en las pr\u00f3ximas semanas estar\u00e1n terminadas, listas para su inauguraci\u00f3n por el presidente Danilo Medina, una cantidad apreciable de escuelas, cuya construcci\u00f3n est\u00e1 en su fase final.<\/span><\/p>\n<\/p>\n<p><span class=\"text1noticias\">Dijo que esta informaci\u00f3n ya fue notificada a las autoridades del Colegio Dominicano de Ingenieros, Arquitectos y Agrimensores (CODIA), para que se la transmita a sus colegiados.<\/span><\/p>\n<p><span class=\"text1noticias\">Vocaci\u00f3n docente<\/span><\/p>\n<\/p>\n<p><span class=\"text1noticias\">El Ministro de Educaci\u00f3n inform\u00f3 que nuevos bachilleres est\u00e1n reorientando su vocaci\u00f3n profesional hacia la carrera de Educaci\u00f3n, debido al aumento significativo que en los \u00faltimos a\u00f1os el gobierno actual ha introducido al salario de profesores y profesoras.<\/span><\/p>\n<\/p>\n<p><span class=\"text1noticias\">\u00abComo hemos estado dignificando la vida del maestro y como un profesional que trabaja 8 horas en el Ministerio de Educaci\u00f3n est\u00e1 dentro de los mejores salarios del pa\u00eds, ya los buenos bachilleres se est\u00e1n acercando a estudiar Educaci\u00f3n\u00bb, dijo.<\/span><\/p>\n<\/p>\n<p><span class=\"text1noticias\">Al referirse al nuevo proceso de cambio que se evidenciar\u00e1 en el nuevo profesional de la docencia dominicana, Amarante Baret expres\u00f3 que esto no se trata solamente de construir nuevas aulas, sino tambi\u00e9n de cambiar la manera de ense\u00f1ar en Rep\u00fablica Dominicana, y que para eso el Estado dominicano ha contratado profesionales extranjeros y de dominicanos del \u00e1rea docente que se han preparado fuera del pa\u00eds.<\/span><\/p>\n<\/p>\n<p><span class=\"text1noticias\">Explic\u00f3 que en cuesti\u00f3n de horas las universidades estar\u00e1n recibiendo por parte del Ministerio de Educaci\u00f3n Superior, Ciencia y Tecnolog\u00eda (MESCyT), la propuesta del nuevo programa de formaci\u00f3n docente de Excelencia Acad\u00e9mica, para que estas academias informen las \u00e1reas donde necesitan el apoyo de las autoridades para la contrataci\u00f3n de los profesionales extranjeros que ser\u00e1n tra\u00eddos al pa\u00eds.<\/span><\/p>\n<\/p>\n<p><span class=\"text1noticias\">\u00abEste programa contar\u00e1 con elementos b\u00e1sicos que se apoyar\u00e1 principalmente en el perfil profesional. El nuevo docente deber\u00e1 tener conocimiento profundo del contenido que ha estudiado, deber\u00e1 saber ingl\u00e9s; ya no se puede graduar un solo profesional de la educaci\u00f3n que no sepa ingl\u00e9s, por lo que ese segundo idioma es determinante y adem\u00e1s del manejo de la tecnolog\u00eda\u00bb, dijo Amarante Baret al ser entrevistado en el programa El D\u00eda, que se transmite por Telesistema, canal 11<\/span>.<\/p>\n<h6> 2016-02-22 13:26:59 <\/h6>\n<p><!--\n<link rel=\"stylesheet\" href=\"css\/bootstrap.min.css\">\n\n\n<ul class=\"pagination\">\n\t    \n\t\n\n<li >\n\t<a href='?page_no=13629'>Previous<\/a>\n\t<\/li>\n\n\n       \n    \n\n<li><a href='?page_no=1'>1<\/a><\/li>\n\n\n\n<li><a href='?page_no=2'>2<\/a><\/li>\n\n\n\n<li><a>...<\/a><\/li>\n\n\n\n<li><a href='?page_no=13628'>13628<\/a><\/li>\n\n\n\n<li><a href='?page_no=13629'>13629<\/a><\/li>\n\n\n\n<li class='active'><a>13630<\/a><\/li>\n\n\n\n<li><a href='?page_no=13631'>13631<\/a><\/li>\n\n\n\n<li><a href='?page_no=13632'>13632<\/a><\/li>\n\n\n\n<li><a>...<\/a><\/li>\n\n\n\n<li><a href='?page_no=56169'>56169<\/a><\/li>\n\n\n\n<li><a href='?page_no=56170'>56170<\/a><\/li>\n\n    \n\t\n\n<li >\n\t<a href='?page_no=13631'>Next<\/a>\n\t<\/li>\n\n\n    \n\n<li><a href='?page_no=56170'>Last &rsaquo;&rsaquo;<\/a><\/li>\n\n<\/ul>\n\n\n--><br \/>\n<\/body><\/p>\n","protected":false},"excerpt":{"rendered":"<p>Santo Domingo, RD, 22 de febrero.- El Ministro de Educaci\u00f3n, licenciado Carlos Amarante Baret, proclam\u00f3 que el ministerio que dirige ya canaliz\u00f3 para fines de pago unos 4,700 millones de pesos, correspondientes a todas las cubicaciones pendientes con ingenieros, arquitectos y firmas constructoras de escuelas y estancias infantiles, pertenecientes al Programa Nacional de Edificaciones Escolares. [&hellip;]<\/p>\n","protected":false},"author":3,"featured_media":0,"comment_status":"open","ping_status":"open","sticky":false,"template":"","format":"standard","meta":{"footnotes":""},"categories":[20],"tags":[],"class_list":["post-219294","post","type-post","status-publish","format-standard","hentry","category-dominicana-hoy"],"_links":{"self":[{"href":"https:\/\/diariodominicano.com\/index.php?rest_route=\/wp\/v2\/posts\/219294","targetHints":{"allow":["GET"]}}],"collection":[{"href":"https:\/\/diariodominicano.com\/index.php?rest_route=\/wp\/v2\/posts"}],"about":[{"href":"https:\/\/diariodominicano.com\/index.php?rest_route=\/wp\/v2\/types\/post"}],"author":[{"embeddable":true,"href":"https:\/\/diariodominicano.com\/index.php?rest_route=\/wp\/v2\/users\/3"}],"replies":[{"embeddable":true,"href":"https:\/\/diariodominicano.com\/index.php?rest_route=%2Fwp%2Fv2%2Fcomments&post=219294"}],"version-history":[{"count":0,"href":"https:\/\/diariodominicano.com\/index.php?rest_route=\/wp\/v2\/posts\/219294\/revisions"}],"wp:attachment":[{"href":"https:\/\/diariodominicano.com\/index.php?rest_route=%2Fwp%2Fv2%2Fmedia&parent=219294"}],"wp:term":[{"taxonomy":"category","embeddable":true,"href":"https:\/\/diariodominicano.com\/index.php?rest_route=%2Fwp%2Fv2%2Fcategories&post=219294"},{"taxonomy":"post_tag","embeddable":true,"href":"https:\/\/diariodominicano.com\/index.php?rest_route=%2Fwp%2Fv2%2Ftags&post=219294"}],"curies":[{"name":"wp","href":"https:\/\/api.w.org\/{rel}","templated":true}]}}