{"id":219292,"date":"2016-02-22T14:56:34","date_gmt":"2016-02-22T14:56:34","guid":{"rendered":"http:\/\/diariodominicano.ddns.net\/?p=219292"},"modified":"2016-02-22T14:56:34","modified_gmt":"2016-02-22T14:56:34","slug":"consulado-dominicano-en-madrid-apoya-a-familiares-de-mujer-fallecida-en-pozuelo-de-alarcon","status":"publish","type":"post","link":"https:\/\/diariodominicano.com\/?p=219292","title":{"rendered":"Consulado dominicano en Madrid apoya a familiares de mujer fallecida en Pozuelo de Alarc\u00f3n"},"content":{"rendered":"<p><body><\/p>\n<p><img decoding=\"async\" src=\"img3\/RafaelMadrid.jpg\" \/>  <\/p>\n<p><span class=\"text1noticias\">Por Oscar Jim\u00e9nez y Olmedo Pineda <\/span><\/p>\n<\/p>\n<p><span class=\"text1noticias\">Madrid, Espa\u00f1a, 22 de Febrero.-Los familiares de la se\u00f1ora Nelis Antonia Gonz\u00e1lez Calder\u00f3n, fallecida de un infarto fulminante hace unos d\u00edas, recibieron la inmediata atenci\u00f3n del Consulado General de Madrid en la persona de su C\u00f3nsul General Rafael Acosta y de la Vice C\u00f3nsul Cristina Dur\u00e1n, quienes entregaron el pasaje de ida y vuelta a su hermana Josefa Gonz\u00e1lez Calder\u00f3n, y el se\u00f1or Teodoro Reyes y facilitaron los tramites o \u00abpapeleo\u00bb del traslado, as\u00ed como la atenci\u00f3n funeraria necesaria  en estos casos de defunci\u00f3n.<\/span><\/p>\n<\/p>\n<p><span class=\"text1noticias\">Nelis Antonia es oriunda del Municipio de Vicente Noble, en la Provincia Barahona y se hab\u00eda dedicado al trabajo domestico, dedicando su vida a la crianza de sus hijos con el esfuerzo  particular de una Madre soltera.<\/span><\/p>\n<\/p>\n<p><span class=\"text1noticias\">Teodoro Reyes, uno de los hijos de la se\u00f1ora fallecida declar\u00f3 a este medio que \u00abel proceso de repatriaci\u00f3n del cad\u00e1ver de mi madre cad\u00e1ver de mi madre a Santo Domingo, se dio seg\u00fan la normativa, desde luego que me siento satisfecho, porque se ha solucionado de manera satisfactoria\u00bb, dijo.<\/span><\/p>\n<\/p>\n<p><span class=\"text1noticias\">Repatriar un cad\u00e1ver desde Espa\u00f1a hasta Santo Domingo le representa a los familiares un costo de unos 8,000 euros, a parte de los tr\u00e1mites legales, situaci\u00f3n que se regula contratando el seguro por  35 euros al a\u00f1o, solamente aportando su C\u00e9dula de Identidad y Electoral o su pasaporte.<\/span><\/p>\n<\/p>\n<p><span class=\"text1noticias\">La cobertura b\u00e1sica por fallecimiento de una persona inscrita en el plan cubre viaje de ida y vuelta a un acompa\u00f1ante, asistencia econ\u00f3mica para gastos en la Rep\u00fablica Dominicana de 2.000 euros (dos mil euros, prestaci\u00f3n del Servicio Funerario dentro del territorio espa\u00f1ol), traslado de libre elecci\u00f3n (de una ciudad a otra dentro del territorio espa\u00f1ol), asistencia a la familia del fallecido, asistencia jur\u00eddica.<\/span><\/p>\n<\/p>\n<p><span class=\"text1noticias\"> El C\u00f3nsul Rafael Acosta aprovech\u00f3 la ocasi\u00f3n para exhortar a los ciudadanos dominicanos residentes  en Espa\u00f1a a inscribirse en el Plan de Repatriaci\u00f3n para evitar inconvenientes de \u00faltimo momento, cuando haya que trasladar un familiar fallecido hacia la Rep\u00fablica Dominicana<\/span>. <\/p>\n<h6> 2016-02-22 14:56:34 <\/h6>\n<p><!--\n<link rel=\"stylesheet\" href=\"css\/bootstrap.min.css\">\n\n\n<ul class=\"pagination\">\n\t    \n\t\n\n<li >\n\t<a href='?page_no=13628'>Previous<\/a>\n\t<\/li>\n\n\n       \n    \n\n<li><a href='?page_no=1'>1<\/a><\/li>\n\n\n\n<li><a href='?page_no=2'>2<\/a><\/li>\n\n\n\n<li><a>...<\/a><\/li>\n\n\n\n<li><a href='?page_no=13627'>13627<\/a><\/li>\n\n\n\n<li><a href='?page_no=13628'>13628<\/a><\/li>\n\n\n\n<li class='active'><a>13629<\/a><\/li>\n\n\n\n<li><a href='?page_no=13630'>13630<\/a><\/li>\n\n\n\n<li><a href='?page_no=13631'>13631<\/a><\/li>\n\n\n\n<li><a>...<\/a><\/li>\n\n\n\n<li><a href='?page_no=56169'>56169<\/a><\/li>\n\n\n\n<li><a href='?page_no=56170'>56170<\/a><\/li>\n\n    \n\t\n\n<li >\n\t<a href='?page_no=13630'>Next<\/a>\n\t<\/li>\n\n\n    \n\n<li><a href='?page_no=56170'>Last &rsaquo;&rsaquo;<\/a><\/li>\n\n<\/ul>\n\n\n--><br \/>\n<\/body><\/p>\n","protected":false},"excerpt":{"rendered":"<p>Por Oscar Jim\u00e9nez y Olmedo Pineda Madrid, Espa\u00f1a, 22 de Febrero.-Los familiares de la se\u00f1ora Nelis Antonia Gonz\u00e1lez Calder\u00f3n, fallecida de un infarto fulminante hace unos d\u00edas, recibieron la inmediata atenci\u00f3n del Consulado General de Madrid en la persona de su C\u00f3nsul General Rafael Acosta y de la Vice C\u00f3nsul Cristina Dur\u00e1n, quienes entregaron el [&hellip;]<\/p>\n","protected":false},"author":3,"featured_media":0,"comment_status":"open","ping_status":"open","sticky":false,"template":"","format":"standard","meta":{"footnotes":""},"categories":[20],"tags":[],"class_list":["post-219292","post","type-post","status-publish","format-standard","hentry","category-dominicana-hoy"],"_links":{"self":[{"href":"https:\/\/diariodominicano.com\/index.php?rest_route=\/wp\/v2\/posts\/219292","targetHints":{"allow":["GET"]}}],"collection":[{"href":"https:\/\/diariodominicano.com\/index.php?rest_route=\/wp\/v2\/posts"}],"about":[{"href":"https:\/\/diariodominicano.com\/index.php?rest_route=\/wp\/v2\/types\/post"}],"author":[{"embeddable":true,"href":"https:\/\/diariodominicano.com\/index.php?rest_route=\/wp\/v2\/users\/3"}],"replies":[{"embeddable":true,"href":"https:\/\/diariodominicano.com\/index.php?rest_route=%2Fwp%2Fv2%2Fcomments&post=219292"}],"version-history":[{"count":0,"href":"https:\/\/diariodominicano.com\/index.php?rest_route=\/wp\/v2\/posts\/219292\/revisions"}],"wp:attachment":[{"href":"https:\/\/diariodominicano.com\/index.php?rest_route=%2Fwp%2Fv2%2Fmedia&parent=219292"}],"wp:term":[{"taxonomy":"category","embeddable":true,"href":"https:\/\/diariodominicano.com\/index.php?rest_route=%2Fwp%2Fv2%2Fcategories&post=219292"},{"taxonomy":"post_tag","embeddable":true,"href":"https:\/\/diariodominicano.com\/index.php?rest_route=%2Fwp%2Fv2%2Ftags&post=219292"}],"curies":[{"name":"wp","href":"https:\/\/api.w.org\/{rel}","templated":true}]}}