{"id":219290,"date":"2016-02-23T07:43:50","date_gmt":"2016-02-23T07:43:50","guid":{"rendered":"http:\/\/diariodominicano.ddns.net\/?p=219290"},"modified":"2016-02-23T07:43:50","modified_gmt":"2016-02-23T07:43:50","slug":"cielo-poco-nuboso-en-la-manana-con-algunos-nublados-parciales-en-la-tarde","status":"publish","type":"post","link":"https:\/\/diariodominicano.com\/?p=219290","title":{"rendered":"Cielo poco nuboso en la ma\u00f1ana con algunos nublados parciales en la tarde"},"content":{"rendered":"<p><body><\/p>\n<p>Santo Domingo RD 23 febrero.- Las condiciones del tiempo contin\u00faan regidas por una circulaci\u00f3n anticicl\u00f3nicas en los niveles medios de la atm\u00f3sfera, esto va permitir que observemos un cielo con poca nubosidad,  adem\u00e1s del  poco contenido de humedad en la masa de aire,  por tal raz\u00f3n, se  espera  bajas  probabilidades de precipitaciones sobre gran parte de la geograf\u00eda nacional, no obstante algunos aumentos nubosos se observaran al final de la tarde, debido al viento de componente este\/sureste y los efectos locales (calentamiento diurno y orograf\u00eda), para que se produzcan algunas lluvias ligeras hacia los sectores de las regiones este, noreste y la cordillera Central. <\/p>\n<\/p>\n<p>Las temperaturas comenzar\u00e1n ascender durante el d\u00eda, debido al giro del viento de componente noreste hacia el este\/sureste y la radiaci\u00f3n solar. <\/p>\n<\/p>\n<p>Para ma\u00f1ana mi\u00e9rcoles, continuaremos con pocos cambios significativos en nuestra atm\u00f3sfera, cielo poco nuboso en la ma\u00f1ana y escasas lluvias, las que ocurran ser\u00e1n chubascos aislados y de corta duraci\u00f3n  sobre todo en horas de la noche hacia la llanura costera del Caribe y los poblados de las regiones este y noreste. <\/p>\n<\/p>\n<p>La Oficina Nacional de Meteorolog\u00eda (ONAMET), mantiene la recomendaci\u00f3n a los operadores de las fr\u00e1giles y peque\u00f1as embarcaciones en la costa atl\u00e1ntica de permanecer en puerto debido al viento y olas anormales, el oleaje tiende a mejorar a partir de hoy, por tanto la recomendaci\u00f3n se cancelar\u00e1. <\/p>\n<\/p>\n<p>Distrito Nacional.             Cielo poco nuboso.<\/p>\n<\/p>\n<p>Santo Domingo norte.      Nubes dispersas con aumentos nubosos en la tarde.<\/p>\n<\/p>\n<p>Santo Domingo Oeste.      Cielo claro.<\/p>\n<\/p>\n<p>Santo Domingo Este.       Nubes dispersas.<\/p>\n<\/p>\n<p>El  Gran Santo Domingo.  La temperatura m\u00e1xima estar\u00e1 entre  29\u00baC y 30\u00baC  y la m\u00ednima entre 19\u00baC y 20\u00baC.     <\/p>\n<\/p>\n<p>Resumen.  Sistema de alta presi\u00f3n. Temperaturas comienzan ascender durante el d\u00eda. Bajas probabilidades de lluvias. <\/p>\n<\/p>\n<p><strong>PRONOSTICO EXTENDIDO<\/strong><\/p>\n<\/p>\n<p>Hoy.  Nubes dispersas con algunos nublados parciales en la tarde y la noche con aislados chubascos de corta duraci\u00f3n hacia las regiones noreste y la cordillera Central. <\/p>\n<\/p>\n<p>Mi\u00e9rcoles.  Seguiremos con cielo poco nuboso y aumento gradual en horas de la tarde y la noche con chubascos aislados de car\u00e1cter d\u00e9bil hacia las regiones noreste, sureste y la cordillera Central.<\/p>\n<\/p>\n<p>Santo Domingo y sus municipios.  Nubes dispersas.<\/p>\n<\/p>\n<p>Distrito Nacional.  Cielo claro en la ma\u00f1ana, aumento gradual en la tarde. <\/p>\n<\/p>\n<p>Jueves.  Nubes dispersa en la ma\u00f1ana con incrementos nuboso en la tarde con chubascos dispersos hacia las regiones noreste, sureste y la cordillera Central.<\/p>\n<\/p>\n<p>Santo Domingo y sus municipios. Nubes dispersas.  <\/p>\n<\/p>\n<p>Distrito Nacional.  Incrementos nubosos en la tarde con chubascos aislados.   <\/p>\n<h6> 2016-02-23 07:43:50 <\/h6>\n<p><!--\n<link rel=\"stylesheet\" href=\"css\/bootstrap.min.css\">\n\n\n<ul class=\"pagination\">\n\t    \n\t\n\n<li >\n\t<a href='?page_no=13626'>Previous<\/a>\n\t<\/li>\n\n\n       \n    \n\n<li><a href='?page_no=1'>1<\/a><\/li>\n\n\n\n<li><a href='?page_no=2'>2<\/a><\/li>\n\n\n\n<li><a>...<\/a><\/li>\n\n\n\n<li><a href='?page_no=13625'>13625<\/a><\/li>\n\n\n\n<li><a href='?page_no=13626'>13626<\/a><\/li>\n\n\n\n<li class='active'><a>13627<\/a><\/li>\n\n\n\n<li><a href='?page_no=13628'>13628<\/a><\/li>\n\n\n\n<li><a href='?page_no=13629'>13629<\/a><\/li>\n\n\n\n<li><a>...<\/a><\/li>\n\n\n\n<li><a href='?page_no=56169'>56169<\/a><\/li>\n\n\n\n<li><a href='?page_no=56170'>56170<\/a><\/li>\n\n    \n\t\n\n<li >\n\t<a href='?page_no=13628'>Next<\/a>\n\t<\/li>\n\n\n    \n\n<li><a href='?page_no=56170'>Last &rsaquo;&rsaquo;<\/a><\/li>\n\n<\/ul>\n\n\n--><br \/>\n<\/body><\/p>\n","protected":false},"excerpt":{"rendered":"<p>Santo Domingo RD 23 febrero.- Las condiciones del tiempo contin\u00faan regidas por una circulaci\u00f3n anticicl\u00f3nicas en los niveles medios de la atm\u00f3sfera, esto va permitir que observemos un cielo con poca nubosidad, adem\u00e1s del poco contenido de humedad en la masa de aire, por tal raz\u00f3n, se espera bajas probabilidades de precipitaciones sobre gran parte [&hellip;]<\/p>\n","protected":false},"author":3,"featured_media":0,"comment_status":"open","ping_status":"open","sticky":false,"template":"","format":"standard","meta":{"footnotes":""},"categories":[20],"tags":[],"class_list":["post-219290","post","type-post","status-publish","format-standard","hentry","category-dominicana-hoy"],"_links":{"self":[{"href":"https:\/\/diariodominicano.com\/index.php?rest_route=\/wp\/v2\/posts\/219290","targetHints":{"allow":["GET"]}}],"collection":[{"href":"https:\/\/diariodominicano.com\/index.php?rest_route=\/wp\/v2\/posts"}],"about":[{"href":"https:\/\/diariodominicano.com\/index.php?rest_route=\/wp\/v2\/types\/post"}],"author":[{"embeddable":true,"href":"https:\/\/diariodominicano.com\/index.php?rest_route=\/wp\/v2\/users\/3"}],"replies":[{"embeddable":true,"href":"https:\/\/diariodominicano.com\/index.php?rest_route=%2Fwp%2Fv2%2Fcomments&post=219290"}],"version-history":[{"count":0,"href":"https:\/\/diariodominicano.com\/index.php?rest_route=\/wp\/v2\/posts\/219290\/revisions"}],"wp:attachment":[{"href":"https:\/\/diariodominicano.com\/index.php?rest_route=%2Fwp%2Fv2%2Fmedia&parent=219290"}],"wp:term":[{"taxonomy":"category","embeddable":true,"href":"https:\/\/diariodominicano.com\/index.php?rest_route=%2Fwp%2Fv2%2Fcategories&post=219290"},{"taxonomy":"post_tag","embeddable":true,"href":"https:\/\/diariodominicano.com\/index.php?rest_route=%2Fwp%2Fv2%2Ftags&post=219290"}],"curies":[{"name":"wp","href":"https:\/\/api.w.org\/{rel}","templated":true}]}}