{"id":219289,"date":"2016-02-23T08:00:16","date_gmt":"2016-02-23T08:00:16","guid":{"rendered":"http:\/\/diariodominicano.ddns.net\/?p=219289"},"modified":"2016-02-23T08:00:16","modified_gmt":"2016-02-23T08:00:16","slug":"andres-navarro-encabeza-acto-de-lanzamiento-de-la-presidencia-pro-tempore-de-la-celac-en-el-pais","status":"publish","type":"post","link":"https:\/\/diariodominicano.com\/?p=219289","title":{"rendered":"Andr\u00e9s Navarro encabeza acto de lanzamiento de la presidencia Pro-T\u00e9mpore de la CELAC en el pa\u00eds"},"content":{"rendered":"<p><body><\/p>\n<p><img decoding=\"async\" src=\"img3\/nava 2.jpg\" \/><br \/><img decoding=\"async\" src=\"img3\/navarro 1.jpg\" \/>  <\/p>\n<p>Santo Domingo RD 23 febrero.-  El ministro de Relaciones Exteriores, arquitecto Andr\u00e9s Navarro, encabez\u00f3 hoy el acto de lanzamiento de la Presidencia Pro T\u00e9mpore de la CELAC en el pa\u00eds, recientemente asumida por la Rep\u00fablica Dominicana, evento en el que se rindi\u00f3 un informe detallado sobre los aprestos organizativos de la celebraci\u00f3n en el pa\u00eds de m\u00e1s de 20 eventos internacionales este \u00abA\u00f1o del brillo de la Diplomacia Dominicana\u00bb.<\/p>\n<\/p>\n<p>En el acto celebrado en el Gran Sal\u00f3n del hotel El Embajador de esta capital, el canciller Navarro destac\u00f3 que en la regi\u00f3n existe gran expectativa en torno al \u00ab\u00e9xito que pudiera alcanzar la Rep\u00fablica Dominicana en el desempe\u00f1o de la PPT-CELAC, y al mismo tiempo, en el montaje de la asamblea general de la OEA, \u00abpero en lo que concierne a nosotros debemos hacer conciencia de que si en ambos casos logramos medalla de oro, nuestra imagen-pa\u00eds alcanzar\u00e1 niveles quiz\u00e1s sin precedentes, para lo cual estamos trabajando con plena dedicaci\u00f3n\u00bb.<\/p>\n<\/p>\n<p>Precis\u00f3 que a nivel internacional todos los ojos del mundo estar\u00e1n sobre la Rep\u00fablica Dominicana en este  2016, lo que constituye en una valiosa  oportunidad que todos debemos asumir como tal, \u00abde ah\u00ed que hemos estado desarrollando un proceso participativo de toda la sociedad, con la inclusi\u00f3n del empresariado, las alcald\u00edas, el gobierno central, las universidades, es decir, que todos entendamos que se trata de un compromiso de naci\u00f3n\u00bb.<\/p>\n<\/p>\n<p>Navarro se\u00f1al\u00f3 que la Rep\u00fablica Dominicana dedicar\u00e1 sus esfuerzos en defender las posiciones regionales en todos los escenarios que sean necesarios \u00aby con la suficiente energ\u00eda reclamar\u00e1 que sean debidamente atendidas, pues de la misma manera propugnaremos para que nuestro particular espacio sirva para potenciar a\u00fan m\u00e1s la voz de nuestros pueblos en la defensa de sus anhelos\u00bb.<\/p>\n<\/p>\n<p>El funcionario resalt\u00f3 que la importancia de la CELAC radica en que es un espacio \u00fanico para la concertaci\u00f3n pol\u00edtica entre los en los pa\u00edses de la regi\u00f3n que  tanto tienen  en com\u00fan, \u00ablo que nos lleva a presagiar una colaboraci\u00f3n estrecha y coordinada entre todos nosotros, dado que nuestro organismo  deviene en el marco m\u00e1s adecuado para avanzar juntos y para enfrentar los desaf\u00edos futuros de nuestro hemisferio\u00bb.<\/p>\n<\/p>\n<p>Asimismo, Navarro present\u00f3 el equipo t\u00e9cnico de la Canciller\u00eda que desde hace meses trabaja en la organizaci\u00f3n tem\u00e1tica y log\u00edstica los compromisos internacionales que el pa\u00eds tiene por delante en el 2016 con la PPTC-CELAC, en lo que espera se constituya en el ano de brillo de la diplomacia dominicana y un reposicionamiento sin precedente de la Rep\u00fablica Dominicana en los \u00f3rganos regionales multilaterales.<\/p>\n<\/p>\n<p>La actividad que cont\u00f3 con la asistencia de representantes del cuerpo diplom\u00e1tico acreditado en el pa\u00eds, los ministros del gobierno central que son enlaces con la CELAC-RD y funcionarios de la canciller\u00eda, incluy\u00f3 adem\u00e1s la presentaci\u00f3n  de un video de lanzamiento de la PPT-CELAC, mientras que la viceministra Alejandra Liriano, encargada de Pol\u00edtica Exterior, ofreci\u00f3 detalles pormenorizados de la organizaci\u00f3n de los m\u00e1s de 20 eventos internacionales.<\/p>\n<\/p>\n<p>El ministro Navarro estuvo acompa\u00f1ado, adem\u00e1s, por el viceministro C\u00e9sar Dargam, encargado de Asuntos Econ\u00f3micos y Negociaciones Comerciales; la viceministra Nelly P\u00e9rez, encargada de Asuntos Migratorios y Consulares; el embajador Miguel Fersobe, director de Planificaci\u00f3n, el embajador Radham\u00e9s Rodr\u00edguez, director Administrativo, y Julio Santana, jefe del Gabinete del MIREX.<\/p>\n<\/p>\n<h6> 2016-02-23 08:00:16 <\/h6>\n<p><!--\n<link rel=\"stylesheet\" href=\"css\/bootstrap.min.css\">\n\n\n<ul class=\"pagination\">\n\t    \n\t\n\n<li >\n\t<a href='?page_no=13625'>Previous<\/a>\n\t<\/li>\n\n\n       \n    \n\n<li><a href='?page_no=1'>1<\/a><\/li>\n\n\n\n<li><a href='?page_no=2'>2<\/a><\/li>\n\n\n\n<li><a>...<\/a><\/li>\n\n\n\n<li><a href='?page_no=13624'>13624<\/a><\/li>\n\n\n\n<li><a href='?page_no=13625'>13625<\/a><\/li>\n\n\n\n<li class='active'><a>13626<\/a><\/li>\n\n\n\n<li><a href='?page_no=13627'>13627<\/a><\/li>\n\n\n\n<li><a href='?page_no=13628'>13628<\/a><\/li>\n\n\n\n<li><a>...<\/a><\/li>\n\n\n\n<li><a href='?page_no=56169'>56169<\/a><\/li>\n\n\n\n<li><a href='?page_no=56170'>56170<\/a><\/li>\n\n    \n\t\n\n<li >\n\t<a href='?page_no=13627'>Next<\/a>\n\t<\/li>\n\n\n    \n\n<li><a href='?page_no=56170'>Last &rsaquo;&rsaquo;<\/a><\/li>\n\n<\/ul>\n\n\n--><br \/>\n<\/body><\/p>\n","protected":false},"excerpt":{"rendered":"<p>Santo Domingo RD 23 febrero.- El ministro de Relaciones Exteriores, arquitecto Andr\u00e9s Navarro, encabez\u00f3 hoy el acto de lanzamiento de la Presidencia Pro T\u00e9mpore de la CELAC en el pa\u00eds, recientemente asumida por la Rep\u00fablica Dominicana, evento en el que se rindi\u00f3 un informe detallado sobre los aprestos organizativos de la celebraci\u00f3n en el pa\u00eds [&hellip;]<\/p>\n","protected":false},"author":3,"featured_media":0,"comment_status":"open","ping_status":"open","sticky":false,"template":"","format":"standard","meta":{"footnotes":""},"categories":[20],"tags":[],"class_list":["post-219289","post","type-post","status-publish","format-standard","hentry","category-dominicana-hoy"],"_links":{"self":[{"href":"https:\/\/diariodominicano.com\/index.php?rest_route=\/wp\/v2\/posts\/219289","targetHints":{"allow":["GET"]}}],"collection":[{"href":"https:\/\/diariodominicano.com\/index.php?rest_route=\/wp\/v2\/posts"}],"about":[{"href":"https:\/\/diariodominicano.com\/index.php?rest_route=\/wp\/v2\/types\/post"}],"author":[{"embeddable":true,"href":"https:\/\/diariodominicano.com\/index.php?rest_route=\/wp\/v2\/users\/3"}],"replies":[{"embeddable":true,"href":"https:\/\/diariodominicano.com\/index.php?rest_route=%2Fwp%2Fv2%2Fcomments&post=219289"}],"version-history":[{"count":0,"href":"https:\/\/diariodominicano.com\/index.php?rest_route=\/wp\/v2\/posts\/219289\/revisions"}],"wp:attachment":[{"href":"https:\/\/diariodominicano.com\/index.php?rest_route=%2Fwp%2Fv2%2Fmedia&parent=219289"}],"wp:term":[{"taxonomy":"category","embeddable":true,"href":"https:\/\/diariodominicano.com\/index.php?rest_route=%2Fwp%2Fv2%2Fcategories&post=219289"},{"taxonomy":"post_tag","embeddable":true,"href":"https:\/\/diariodominicano.com\/index.php?rest_route=%2Fwp%2Fv2%2Ftags&post=219289"}],"curies":[{"name":"wp","href":"https:\/\/api.w.org\/{rel}","templated":true}]}}