{"id":219287,"date":"2016-02-23T10:53:35","date_gmt":"2016-02-23T10:53:35","guid":{"rendered":"http:\/\/diariodominicano.ddns.net\/?p=219287"},"modified":"2016-02-23T10:53:35","modified_gmt":"2016-02-23T10:53:35","slug":"abel-martinez-encabeza-acto-por-bicentenario-del-patricio-ramon-matias-mella","status":"publish","type":"post","link":"https:\/\/diariodominicano.com\/?p=219287","title":{"rendered":"Abel Mart\u00ednez encabeza acto por bicentenario del patricio Ram\u00f3n Mat\u00edas Mella"},"content":{"rendered":"<p><body><\/p>\n<p><img decoding=\"async\" src=\"img3\/mella 1.jpg\" \/>  <\/p>\n<p>Santo Domingo RD 23 febrero.- La C\u00e1mara de Diputados realiz\u00f3 un homenaje al patricio Mat\u00edas Ram\u00f3n Mella, en ocasi\u00f3n de conmemorarse el bicentenario de su nacimiento, en un acto celebrado en el Sal\u00f3n de la Asamblea Nacional, presidido por el titular del \u00f3rgano, Abel Mart\u00ednez.<\/p>\n<\/p>\n<p>La ceremonia inici\u00f3 con los honores militares al Patricio, incluyendo salvas de 21 ca\u00f1onazos en la plaza frontal del Palacio del Congreso Nacional, para darle paso al Coro Nacional del Ministerio de Cultura, el cual interpret\u00f3 los himnos Nacional y al Padre de la Patria.<\/p>\n<\/p>\n<p>En la actividad, a la que asistieron legisladores, historiadores, estudiantes de bachillerato de varias escuelas y funcionarios, se present\u00f3 el documental \u00abLa Acci\u00f3n del Patriotismo\u00bb, producido por la direcci\u00f3n de comunicaciones de la C\u00e1mara de Diputados, y que narra la vida del Patricio.<\/p>\n<\/p>\n<p>Asimismo, Mart\u00ednez solicit\u00f3 a los presentes ponerse de pie para que en ocasi\u00f3n de la conmemoraci\u00f3n de sus d\u00edas bicentenarios le tributaran todos un glorioso y resonante aplauso, \u00abque le llegue ruidoso o como m\u00fasica, all\u00e1 en el lugar eterno y sagrado donde seguro, en retribuci\u00f3n de su gloria, descansa el alma de Mella\u00bb.<\/p>\n<\/p>\n<p>\u00abLa conmemoraci\u00f3n en el d\u00eda de hoy del bicentenario del natalicio del Padre fundador del Ej\u00e9rcito Nacional de la Rep\u00fablica Dominicana, es un merecido reconocimiento hist\u00f3rico y patri\u00f3tico tributado por la C\u00e1mara de Diputados en nombre de todos ustedes, diputados y diputadas de la Rep\u00fablica; pero igualmente es un reconocimiento, un homenaje, en nuestra condici\u00f3n de leg\u00edtimos representantes del pueblo dominicano entero\u00bb, manifest\u00f3 el presidente del \u00f3rgano cameral.<\/p>\n<\/p>\n<p>Mart\u00ednez asimismo se\u00f1al\u00f3 que se sumaba, junto a los asistentes al acto, para honrar con la dimensi\u00f3n patri\u00f3tica e hist\u00f3rica merecida a un hombre que en justa gloria y retribuci\u00f3n por sus aportes a la Patria, incluyendo el haber creado y redactado el Manual de Guerra Irregular o de Guerra de Guerrillas que le sirviera como gu\u00eda militar y estrat\u00e9gica a numerosos pueblos de Am\u00e9rica Latina para la construcci\u00f3n de su independencia, homenajeaban hoy.<\/p>\n<\/p>\n<p>Luego de este discurso central del acto, la recitadora Yanela Hern\u00e1ndez declam\u00f3 el poema \u00abEl Disparo de Mella\u00bb para continuar con el homenaje a aqu\u00e9l hombre que con el disparo del trabuco simboliza nuestra libertad e independencia.<\/p>\n<\/p>\n<p>En el acto se presentaron los honores ante el trabuco disparado por Mat\u00edas Ram\u00f3n Mella en febrero de 1844, su original, el cual se exhibi\u00f3 en esta ocasi\u00f3n solemne en el vest\u00edbulo de la Asamblea Nacional, a cargo de Mart\u00ednez, junto a los miembros del Bufete Directivo de la instituci\u00f3n.<\/p>\n<h6> 2016-02-23 10:53:35 <\/h6>\n<p><!--\n<link rel=\"stylesheet\" href=\"css\/bootstrap.min.css\">\n\n\n<ul class=\"pagination\">\n\t    \n\t\n\n<li >\n\t<a href='?page_no=13623'>Previous<\/a>\n\t<\/li>\n\n\n       \n    \n\n<li><a href='?page_no=1'>1<\/a><\/li>\n\n\n\n<li><a href='?page_no=2'>2<\/a><\/li>\n\n\n\n<li><a>...<\/a><\/li>\n\n\n\n<li><a href='?page_no=13622'>13622<\/a><\/li>\n\n\n\n<li><a href='?page_no=13623'>13623<\/a><\/li>\n\n\n\n<li class='active'><a>13624<\/a><\/li>\n\n\n\n<li><a href='?page_no=13625'>13625<\/a><\/li>\n\n\n\n<li><a href='?page_no=13626'>13626<\/a><\/li>\n\n\n\n<li><a>...<\/a><\/li>\n\n\n\n<li><a href='?page_no=56169'>56169<\/a><\/li>\n\n\n\n<li><a href='?page_no=56170'>56170<\/a><\/li>\n\n    \n\t\n\n<li >\n\t<a href='?page_no=13625'>Next<\/a>\n\t<\/li>\n\n\n    \n\n<li><a href='?page_no=56170'>Last &rsaquo;&rsaquo;<\/a><\/li>\n\n<\/ul>\n\n\n--><br \/>\n<\/body><\/p>\n","protected":false},"excerpt":{"rendered":"<p>Santo Domingo RD 23 febrero.- La C\u00e1mara de Diputados realiz\u00f3 un homenaje al patricio Mat\u00edas Ram\u00f3n Mella, en ocasi\u00f3n de conmemorarse el bicentenario de su nacimiento, en un acto celebrado en el Sal\u00f3n de la Asamblea Nacional, presidido por el titular del \u00f3rgano, Abel Mart\u00ednez. La ceremonia inici\u00f3 con los honores militares al Patricio, incluyendo [&hellip;]<\/p>\n","protected":false},"author":3,"featured_media":0,"comment_status":"open","ping_status":"open","sticky":false,"template":"","format":"standard","meta":{"footnotes":""},"categories":[20],"tags":[],"class_list":["post-219287","post","type-post","status-publish","format-standard","hentry","category-dominicana-hoy"],"_links":{"self":[{"href":"https:\/\/diariodominicano.com\/index.php?rest_route=\/wp\/v2\/posts\/219287","targetHints":{"allow":["GET"]}}],"collection":[{"href":"https:\/\/diariodominicano.com\/index.php?rest_route=\/wp\/v2\/posts"}],"about":[{"href":"https:\/\/diariodominicano.com\/index.php?rest_route=\/wp\/v2\/types\/post"}],"author":[{"embeddable":true,"href":"https:\/\/diariodominicano.com\/index.php?rest_route=\/wp\/v2\/users\/3"}],"replies":[{"embeddable":true,"href":"https:\/\/diariodominicano.com\/index.php?rest_route=%2Fwp%2Fv2%2Fcomments&post=219287"}],"version-history":[{"count":0,"href":"https:\/\/diariodominicano.com\/index.php?rest_route=\/wp\/v2\/posts\/219287\/revisions"}],"wp:attachment":[{"href":"https:\/\/diariodominicano.com\/index.php?rest_route=%2Fwp%2Fv2%2Fmedia&parent=219287"}],"wp:term":[{"taxonomy":"category","embeddable":true,"href":"https:\/\/diariodominicano.com\/index.php?rest_route=%2Fwp%2Fv2%2Fcategories&post=219287"},{"taxonomy":"post_tag","embeddable":true,"href":"https:\/\/diariodominicano.com\/index.php?rest_route=%2Fwp%2Fv2%2Ftags&post=219287"}],"curies":[{"name":"wp","href":"https:\/\/api.w.org\/{rel}","templated":true}]}}