{"id":219286,"date":"2016-02-23T10:59:15","date_gmt":"2016-02-23T10:59:15","guid":{"rendered":"http:\/\/diariodominicano.ddns.net\/?p=219286"},"modified":"2016-02-23T10:59:15","modified_gmt":"2016-02-23T10:59:15","slug":"medio-ambiente-busca-normar-uso-de-agua-y-suelo-en-jarabacoa-y-constanza","status":"publish","type":"post","link":"https:\/\/diariodominicano.com\/?p=219286","title":{"rendered":"Medio Ambiente busca normar uso de agua y suelo en Jarabacoa y Constanza"},"content":{"rendered":"<p><body><\/p>\n<p><img decoding=\"async\" src=\"img3\/bauta 1.jpg\" \/>  <\/p>\n<p>Santo Domingo RD 23 febrero.-  El ministro de Medio Ambiente y Recursos Naturales, Bautista Rojas G\u00f3mez, dijo que desde hace tiempo la instituci\u00f3n trabaja en la implementaci\u00f3n de una visi\u00f3n estrat\u00e9gica que permita solucionar de manera integral la problem\u00e1tica del uso del agua y suelo en los municipios de Jarabacoa y Constanza, en la provincia La Vega.<\/p>\n<\/p>\n<p>Dijo que si bien es cierto que hay problemas, \u00abtambi\u00e9n lo es el hecho de que las autoridades ambientales en ning\u00fan momento se han quedado con los brazos cruzados frente a la situaci\u00f3n\u00bb.<\/p>\n<\/p>\n<p> Agreg\u00f3 que el Ministerio de Medio Ambiente y Recursos Nacionales ha dispuesto de sanciones a violaciones de las normas ambientes en la zona y tiene otras notificaciones en curso en torno a diversas situaciones que se han presentado.<\/p>\n<\/p>\n<p> \u00abEn esta gesti\u00f3n no hay ni poderosos ni d\u00e9biles. Todos estamos bajo el imperio de la ley y eso es lo que cuenta para la instituci\u00f3n bajo nuestro responsabilidad\u00bb, expres\u00f3 el funcionario.<\/p>\n<\/p>\n<p> Se\u00f1al\u00f3 que en la Rep\u00fablica Dominicana se requiere, con urgencia, de que el Congreso Nacional apruebe una Ley de Agua y otra de Ordenamiento Territorial, como instrumentos efectivos para gestionar adecuadamente dos recursos estrat\u00e9gicos, como son el agua y la tierra.<\/p>\n<\/p>\n<h6> 2016-02-23 10:59:15 <\/h6>\n<p><!--\n<link rel=\"stylesheet\" href=\"css\/bootstrap.min.css\">\n\n\n<ul class=\"pagination\">\n\t    \n\t\n\n<li >\n\t<a href='?page_no=13622'>Previous<\/a>\n\t<\/li>\n\n\n       \n    \n\n<li><a href='?page_no=1'>1<\/a><\/li>\n\n\n\n<li><a href='?page_no=2'>2<\/a><\/li>\n\n\n\n<li><a>...<\/a><\/li>\n\n\n\n<li><a href='?page_no=13621'>13621<\/a><\/li>\n\n\n\n<li><a href='?page_no=13622'>13622<\/a><\/li>\n\n\n\n<li class='active'><a>13623<\/a><\/li>\n\n\n\n<li><a href='?page_no=13624'>13624<\/a><\/li>\n\n\n\n<li><a href='?page_no=13625'>13625<\/a><\/li>\n\n\n\n<li><a>...<\/a><\/li>\n\n\n\n<li><a href='?page_no=56169'>56169<\/a><\/li>\n\n\n\n<li><a href='?page_no=56170'>56170<\/a><\/li>\n\n    \n\t\n\n<li >\n\t<a href='?page_no=13624'>Next<\/a>\n\t<\/li>\n\n\n    \n\n<li><a href='?page_no=56170'>Last &rsaquo;&rsaquo;<\/a><\/li>\n\n<\/ul>\n\n\n--><br \/>\n<\/body><\/p>\n","protected":false},"excerpt":{"rendered":"<p>Santo Domingo RD 23 febrero.- El ministro de Medio Ambiente y Recursos Naturales, Bautista Rojas G\u00f3mez, dijo que desde hace tiempo la instituci\u00f3n trabaja en la implementaci\u00f3n de una visi\u00f3n estrat\u00e9gica que permita solucionar de manera integral la problem\u00e1tica del uso del agua y suelo en los municipios de Jarabacoa y Constanza, en la provincia [&hellip;]<\/p>\n","protected":false},"author":3,"featured_media":0,"comment_status":"open","ping_status":"open","sticky":false,"template":"","format":"standard","meta":{"footnotes":""},"categories":[20],"tags":[],"class_list":["post-219286","post","type-post","status-publish","format-standard","hentry","category-dominicana-hoy"],"_links":{"self":[{"href":"https:\/\/diariodominicano.com\/index.php?rest_route=\/wp\/v2\/posts\/219286","targetHints":{"allow":["GET"]}}],"collection":[{"href":"https:\/\/diariodominicano.com\/index.php?rest_route=\/wp\/v2\/posts"}],"about":[{"href":"https:\/\/diariodominicano.com\/index.php?rest_route=\/wp\/v2\/types\/post"}],"author":[{"embeddable":true,"href":"https:\/\/diariodominicano.com\/index.php?rest_route=\/wp\/v2\/users\/3"}],"replies":[{"embeddable":true,"href":"https:\/\/diariodominicano.com\/index.php?rest_route=%2Fwp%2Fv2%2Fcomments&post=219286"}],"version-history":[{"count":0,"href":"https:\/\/diariodominicano.com\/index.php?rest_route=\/wp\/v2\/posts\/219286\/revisions"}],"wp:attachment":[{"href":"https:\/\/diariodominicano.com\/index.php?rest_route=%2Fwp%2Fv2%2Fmedia&parent=219286"}],"wp:term":[{"taxonomy":"category","embeddable":true,"href":"https:\/\/diariodominicano.com\/index.php?rest_route=%2Fwp%2Fv2%2Fcategories&post=219286"},{"taxonomy":"post_tag","embeddable":true,"href":"https:\/\/diariodominicano.com\/index.php?rest_route=%2Fwp%2Fv2%2Ftags&post=219286"}],"curies":[{"name":"wp","href":"https:\/\/api.w.org\/{rel}","templated":true}]}}