{"id":219283,"date":"2016-02-23T15:11:33","date_gmt":"2016-02-23T15:11:33","guid":{"rendered":"http:\/\/diariodominicano.ddns.net\/?p=219283"},"modified":"2016-02-23T15:11:33","modified_gmt":"2016-02-23T15:11:33","slug":"ottt-lleva-capacitacion-a-351-estudiantes-en-educacion-vial","status":"publish","type":"post","link":"https:\/\/diariodominicano.com\/?p=219283","title":{"rendered":"OTTT lleva capacitaci\u00f3n a 351 estudiantes en educaci\u00f3n vial"},"content":{"rendered":"<p><body><\/p>\n<p><img decoding=\"async\" src=\"img3\/OTTT.jpg\" \/>  <\/p>\n<p><span class=\"text1noticias\">Santo Domingo, RD, 23 de Febrero.-La Oficina T\u00e9cnica de Transporte Terrestre (OTTT), capacit\u00f3 durante el mes de febrero unos 351 estudiantes en educaci\u00f3n vial, formaci\u00f3n que llev\u00f3 a varios centros educativos del Distrito Nacional.<\/span><\/p>\n<p><span class=\"text1noticias\"> <\/span><\/p>\n<p><span class=\"text1noticias\">La actividad se desarrolla en el marco del programa \u00abOTTT en la escuela\u00bb que busca que los ni\u00f1os, ni\u00f1as y adolescentes, adquieran los conocimientos b\u00e1sicos sobre seguridad vial para crearle conciencia en torno a la importancia de respetar las leyes de tr\u00e1nsito, puesto que ser\u00e1n los conductores del futuro.<\/span><\/p>\n<p><span class=\"text1noticias\"> <\/span><\/p>\n<p><span class=\"text1noticias\">La iniciativa busca adem\u00e1s de la aprobaci\u00f3n de un marco regulatorio m\u00e1s adecuado para el transporte, al igual que cambiar la cultura del manejo del pa\u00eds, a fin de concienciar sobre los factores de riesgos que en materia de tr\u00e1nsito implican el alcohol, las drogas, alta velocidad, no uso del cintur\u00f3n de seguridad y el uso del tel\u00e9fono celular mientras se conducen un veh\u00edculo.<\/span><\/p>\n<\/p>\n<p><span class=\"text1noticias\">El programa de educaci\u00f3n vial para escuelas y colegios inici\u00f3 formalmente en noviembre y tienen la finalidad de orientar a los estudiantes sobre c\u00f3mo comportarse en las v\u00edas, ya que son los peatones de hoy y los conductores del futuro.<\/span><\/p>\n<\/p>\n<p><span class=\"text1noticias\">Entre los centros educativos visitados por el personal de Educaci\u00f3n Vial de la OTTT, figuran los Liceos Benito Ju\u00e1rez, donde asistieron en tres oportunidades y capacitaron 165 colegiales; mientras que igual asistencia tuvieron en el  plantel San Pablo Ap\u00f3stol, tanda matutina donde instruyeron 144 alumnos; en tanto que en el colegio Santa Rita concurrieron en una ocasi\u00f3n y  formaron 42 estudiantes.<\/span><\/p>\n<\/p>\n<p><strong><span class=\"text1noticias\">OTTT sigue jornada de adiestrar ch\u00f3feres<\/span><\/strong><\/p>\n<\/p>\n<p><span class=\"text1noticias\">Asimismo la OTTT contin\u00faa con su jornada nacional para educar a sindicatos y operadores de rutas del transporte p\u00fablico de pasajeros y de cargas en todo el pa\u00eds.<\/span><\/p>\n<\/p>\n<p><span class=\"text1noticias\">En esta ocasi\u00f3n el curso fue impartido a  25 ch\u00f3feres y empleados de la Red Nacional de Transporte Terrestre (RNTT), quienes operan veh\u00edculos de carga. Estos operadores fueron adiestrados y sensibilizados obre los riesgos que representa la mala educaci\u00f3n vial en los conductores para que esas  federaciones del transporte p\u00fablico<\/span>. <\/p>\n<\/p>\n<h6> 2016-02-23 15:11:33 <\/h6>\n<p><!--\n<link rel=\"stylesheet\" href=\"css\/bootstrap.min.css\">\n\n\n<ul class=\"pagination\">\n\t    \n\t\n\n<li >\n\t<a href='?page_no=13619'>Previous<\/a>\n\t<\/li>\n\n\n       \n    \n\n<li><a href='?page_no=1'>1<\/a><\/li>\n\n\n\n<li><a href='?page_no=2'>2<\/a><\/li>\n\n\n\n<li><a>...<\/a><\/li>\n\n\n\n<li><a href='?page_no=13618'>13618<\/a><\/li>\n\n\n\n<li><a href='?page_no=13619'>13619<\/a><\/li>\n\n\n\n<li class='active'><a>13620<\/a><\/li>\n\n\n\n<li><a href='?page_no=13621'>13621<\/a><\/li>\n\n\n\n<li><a href='?page_no=13622'>13622<\/a><\/li>\n\n\n\n<li><a>...<\/a><\/li>\n\n\n\n<li><a href='?page_no=56169'>56169<\/a><\/li>\n\n\n\n<li><a href='?page_no=56170'>56170<\/a><\/li>\n\n    \n\t\n\n<li >\n\t<a href='?page_no=13621'>Next<\/a>\n\t<\/li>\n\n\n    \n\n<li><a href='?page_no=56170'>Last &rsaquo;&rsaquo;<\/a><\/li>\n\n<\/ul>\n\n\n--><br \/>\n<\/body><\/p>\n","protected":false},"excerpt":{"rendered":"<p>Santo Domingo, RD, 23 de Febrero.-La Oficina T\u00e9cnica de Transporte Terrestre (OTTT), capacit\u00f3 durante el mes de febrero unos 351 estudiantes en educaci\u00f3n vial, formaci\u00f3n que llev\u00f3 a varios centros educativos del Distrito Nacional. La actividad se desarrolla en el marco del programa \u00abOTTT en la escuela\u00bb que busca que los ni\u00f1os, ni\u00f1as y adolescentes, [&hellip;]<\/p>\n","protected":false},"author":3,"featured_media":0,"comment_status":"open","ping_status":"open","sticky":false,"template":"","format":"standard","meta":{"footnotes":""},"categories":[20],"tags":[],"class_list":["post-219283","post","type-post","status-publish","format-standard","hentry","category-dominicana-hoy"],"_links":{"self":[{"href":"https:\/\/diariodominicano.com\/index.php?rest_route=\/wp\/v2\/posts\/219283","targetHints":{"allow":["GET"]}}],"collection":[{"href":"https:\/\/diariodominicano.com\/index.php?rest_route=\/wp\/v2\/posts"}],"about":[{"href":"https:\/\/diariodominicano.com\/index.php?rest_route=\/wp\/v2\/types\/post"}],"author":[{"embeddable":true,"href":"https:\/\/diariodominicano.com\/index.php?rest_route=\/wp\/v2\/users\/3"}],"replies":[{"embeddable":true,"href":"https:\/\/diariodominicano.com\/index.php?rest_route=%2Fwp%2Fv2%2Fcomments&post=219283"}],"version-history":[{"count":0,"href":"https:\/\/diariodominicano.com\/index.php?rest_route=\/wp\/v2\/posts\/219283\/revisions"}],"wp:attachment":[{"href":"https:\/\/diariodominicano.com\/index.php?rest_route=%2Fwp%2Fv2%2Fmedia&parent=219283"}],"wp:term":[{"taxonomy":"category","embeddable":true,"href":"https:\/\/diariodominicano.com\/index.php?rest_route=%2Fwp%2Fv2%2Fcategories&post=219283"},{"taxonomy":"post_tag","embeddable":true,"href":"https:\/\/diariodominicano.com\/index.php?rest_route=%2Fwp%2Fv2%2Ftags&post=219283"}],"curies":[{"name":"wp","href":"https:\/\/api.w.org\/{rel}","templated":true}]}}