{"id":219281,"date":"2016-02-23T17:35:53","date_gmt":"2016-02-23T17:35:53","guid":{"rendered":"http:\/\/diariodominicano.ddns.net\/?p=219281"},"modified":"2016-02-23T17:35:53","modified_gmt":"2016-02-23T17:35:53","slug":"vicepresidencia-inaugura-tres-centros-salud-en-yamasa","status":"publish","type":"post","link":"https:\/\/diariodominicano.com\/?p=219281","title":{"rendered":"Vicepresidencia inaugura tres centros salud en Yamas\u00e1"},"content":{"rendered":"<p><body><\/p>\n<p><img decoding=\"async\" src=\"img3\/unapyamasa.jpg\" \/>  <\/p>\n<p><span class=\"text1noticias\">YAMAS\u00c1, Monte Plata, RD, 23 de febrero.-Unas 15 mil personas de escasos recursos tendr\u00e1n acceso a salud de alta calidad en los tres Centros de Primer Nivel de Atenci\u00f3n de Salud (CPN) que inaugur\u00f3 aqu\u00ed la Vicepresidencia de la Rep\u00fablica.<\/span><\/p>\n<p><span class=\"text1noticias\"> <\/span><\/p>\n<p><span class=\"text1noticias\">Los nuevos CPN est\u00e1n ubicados en el paraje La Cuaba y en los sectores Chacaro y San Antonio, donde se realiz\u00f3 el acto de inauguraci\u00f3n simult\u00e1nea. Estos forman parte de los 42 que se pondr\u00e1n en operaci\u00f3n debidamente equipados desde el Gabinete de Pol\u00edticas Sociales con el apoyo del Banco Interamericano de Desarrollo (BID).<\/span><\/p>\n<\/p>\n<p><span class=\"text1noticias\">\u00abEl m\u00e1s importante aporte de estos centros de salud que est\u00e1n colocados en el seno de la comunidad es el enfoque preventivo que desde ellos tiene que articularse en la comunidad. Aqu\u00ed hay un compromiso mayor, no solamente de contar con una buena infraestructura y de un buen equipamiento sino que tambi\u00e9n contemos con personal de salud capacitado y comprometido para poder brindar los servicios que aqu\u00ed se ofertan\u00bb, expres\u00f3 la directora del Gabinete de Coordinaci\u00f3n de Pol\u00edticas Sociales, licenciada Rosa Mar\u00eda Su\u00e1rez, quien represent\u00f3 en la actividad a la vicepresidenta de la Rep\u00fablica, doctora Margarita Cede\u00f1o.<\/span><\/p>\n<\/p>\n<p><span class=\"text1noticias\">Dijo que los CPN hacen efectivo el derecho a la salud ya que ofrecen servicios de calidad y manifest\u00f3 que en estos establecimientos las familias beneficiarias el programa Progresando con Solidaridad (Prosoli) podr\u00e1n cumplir con sus corresponsabilidades de salud llevando a los ni\u00f1os a vacunar y a consultas peri\u00f3dicas, as\u00ed como atender los embarazos para evitar la mortalidad materna que, a su entender, es inadmisible en un pa\u00eds con servicios de salud tan cercanos a la poblaci\u00f3n.<\/span><\/p>\n<\/p>\n<p><span class=\"text1noticias\">Mientras que la representante del BID en el pa\u00eds, Flora Montealegre, explic\u00f3 que la meta es que el primer nivel de atenci\u00f3n resuelva el 80 por ciento de la demanda de los servicios de la poblaci\u00f3n, los cuales en la actualidad llegan a los grandes hospitales de las ciudades.<\/span><\/p>\n<\/p>\n<p><span class=\"text1noticias\">\u00abLa inauguraci\u00f3n celebrada en el d\u00eda de hoy, que es el segundo grupo de 24 nuevos centros de atenci\u00f3n primaria, y la pronta habilitaci\u00f3n de unos cien centros existentes, es muy significativa. Esto es una muestra concreta de la preocupaci\u00f3n que tiene el pa\u00eds de brindar mejores servicios de salud, m\u00e1s cercanos a su poblaci\u00f3n y alineados estrictamente a los objetivos establecidos por todo el sistema de salud\u00bb, expres\u00f3.<\/span><\/p>\n<\/p>\n<p><span class=\"text1noticias\">Opin\u00f3 que la Rep\u00fablica Dominicana cuenta con un norte claro de hacia d\u00f3nde tiene que transitar el sistema de salud dominicano, y en nombre del BID reconoci\u00f3 que la colaboraci\u00f3n entre la Vicepresidencia y el Ministerio de Salud ha logrado la expansi\u00f3n de los servicios de atenci\u00f3n primaria.<\/span><\/p>\n<\/p>\n<p><span class=\"text1noticias\">El Gabinete Social dot\u00f3 a estos centros de computadores que disponen de un sistema de gesti\u00f3n cl\u00ednica en el que se registra el record de los pacientes para que est\u00e9 disponible en cualquier centro de salud en el cual se atienda y de una aplicaci\u00f3n para el registro de la administraci\u00f3n de las vacunas suministradas a la poblaci\u00f3n.<\/span><\/p>\n<\/p>\n<p><span class=\"text1noticias\">La semana pasada la doctora Margarita Cede\u00f1o puso en operaci\u00f3n Centros de Primer Nivel de Atenci\u00f3n de Salud en San Luis, El Naranjo y Estancia Nueva, en Santo Domingo Este, llevando con ello servicios de salud a 25 mil residentes de esas comunidades.<\/span><\/p>\n<p><span class=\"text1noticias\">El director regional de los servicios de salud, F\u00e9lix Hern\u00e1ndez, resalt\u00f3 que la Vicepresidenta ha sabido interpretar la misi\u00f3n del presidente Danilo Medina de cerrar la breca en el primer nivel de atenci\u00f3n con la puesta en operaci\u00f3n de estos CPN en las localidades que lo necesitan.<\/span><\/p>\n<p><span class=\"text1noticias\">Adem\u00e1s de la construcci\u00f3n de 42 nuevos CPN, que se entregar\u00e1n en dos etapas, el Gabinete y el Ministerio de Salud est\u00e1n inmersos en la rehabilitaci\u00f3n de otros 112, en los cuales encuentran servicios del primer nivel de atenci\u00f3n de salud los ciudadanos sin necesidad de acudir a los grandes hospitales. Tanto los 18 CPN de la segunda etapa como los rehabilitados estar\u00e1n listos en 2017.<\/span><\/p>\n<p><span class=\"text1noticias\">El proyecto incluye adem\u00e1s el equipamiento de estas nuevas infraestructuras con todos los equipos m\u00e9dicos, mobiliario y art\u00edculos requeridos conforme a los est\u00e1ndares de habilitaci\u00f3n establecidos por la normativa de la Direcci\u00f3n Nacional de Habilitaci\u00f3n del Ministerio de Salud P\u00fablica.<\/span><\/p>\n<\/p>\n<p><span class=\"text1noticias\">Entre los servicios que brindar\u00e1n estos centros se encuentran: consulta por demanda o programadas, planificaci\u00f3n familiar, prevenci\u00f3n del aborto provocado y el embarazo no deseado, educaci\u00f3n maternal, atenci\u00f3n a la embarazada, seguimiento al embarazo normal y puerperio. Tambi\u00e9n atenci\u00f3n a ni\u00f1os y ni\u00f1as, inmunizaciones seg\u00fan el esquema nacional de vacunaci\u00f3n y seguimiento en el domicilio a los afectados de enfermedades terminales y ancianos de alto riesgo.<\/span><\/p>\n<\/p>\n<p><span class=\"text1noticias\">Tambi\u00e9n se ofrecer\u00e1 atenci\u00f3n a afectados de enfermedades cr\u00f3nicas, vacunaci\u00f3n en los adultos de riesgo alto, cirug\u00eda menor, salud mental orientada a los trastornos psicoafectivos, consumo de alcohol y drogadicci\u00f3n.<\/span><\/p>\n<\/p>\n<p><span class=\"text1noticias\">Otros servicios ser\u00e1n la promoci\u00f3n de la salud sobre temas prioritarios, atenci\u00f3n al parto de emergencia y su referimiento al segundo nivel de atenci\u00f3n, atenci\u00f3n a los problemas relativos a la nutrici\u00f3n y programas para detecci\u00f3n de c\u00e1ncer c\u00e9rvico uterino, de mama y pr\u00f3stata.<\/span><\/p>\n<\/p>\n<p><span class=\"text1noticias\">Tras la firma de un acuerdo de colaboraci\u00f3n en 2013 el Gabinete Social y el Ministerio de Salud P\u00fablica ejecutan acciones en beneficio de la salud de la poblaci\u00f3n en general, y en particular de las familias pertenecientes al programa Progresando con Solidaridad (Prosoli).<\/span><\/p>\n<\/p>\n<p><span class=\"text1noticias\">El pacto persigue mejorar la calidad de los servicios ofrecidos en el primer nivel de atenci\u00f3n, articular acciones dirigidas a la promoci\u00f3n de la salud, prevenci\u00f3n de enfermedades y atenci\u00f3n m\u00e9dica oportuna y de calidad, especialmente a los grupos m\u00e1s vulnerables de la poblaci\u00f3n<\/span>.<\/p>\n<h6> 2016-02-23 17:35:53 <\/h6>\n<p><!--\n<link rel=\"stylesheet\" href=\"css\/bootstrap.min.css\">\n\n\n<ul class=\"pagination\">\n\t    \n\t\n\n<li >\n\t<a href='?page_no=13618'>Previous<\/a>\n\t<\/li>\n\n\n       \n    \n\n<li><a href='?page_no=1'>1<\/a><\/li>\n\n\n\n<li><a href='?page_no=2'>2<\/a><\/li>\n\n\n\n<li><a>...<\/a><\/li>\n\n\n\n<li><a href='?page_no=13617'>13617<\/a><\/li>\n\n\n\n<li><a href='?page_no=13618'>13618<\/a><\/li>\n\n\n\n<li class='active'><a>13619<\/a><\/li>\n\n\n\n<li><a href='?page_no=13620'>13620<\/a><\/li>\n\n\n\n<li><a href='?page_no=13621'>13621<\/a><\/li>\n\n\n\n<li><a>...<\/a><\/li>\n\n\n\n<li><a href='?page_no=56169'>56169<\/a><\/li>\n\n\n\n<li><a href='?page_no=56170'>56170<\/a><\/li>\n\n    \n\t\n\n<li >\n\t<a href='?page_no=13620'>Next<\/a>\n\t<\/li>\n\n\n    \n\n<li><a href='?page_no=56170'>Last &rsaquo;&rsaquo;<\/a><\/li>\n\n<\/ul>\n\n\n--><br \/>\n<\/body><\/p>\n","protected":false},"excerpt":{"rendered":"<p>YAMAS\u00c1, Monte Plata, RD, 23 de febrero.-Unas 15 mil personas de escasos recursos tendr\u00e1n acceso a salud de alta calidad en los tres Centros de Primer Nivel de Atenci\u00f3n de Salud (CPN) que inaugur\u00f3 aqu\u00ed la Vicepresidencia de la Rep\u00fablica. Los nuevos CPN est\u00e1n ubicados en el paraje La Cuaba y en los sectores Chacaro [&hellip;]<\/p>\n","protected":false},"author":3,"featured_media":0,"comment_status":"open","ping_status":"open","sticky":false,"template":"","format":"standard","meta":{"footnotes":""},"categories":[20],"tags":[],"class_list":["post-219281","post","type-post","status-publish","format-standard","hentry","category-dominicana-hoy"],"_links":{"self":[{"href":"https:\/\/diariodominicano.com\/index.php?rest_route=\/wp\/v2\/posts\/219281","targetHints":{"allow":["GET"]}}],"collection":[{"href":"https:\/\/diariodominicano.com\/index.php?rest_route=\/wp\/v2\/posts"}],"about":[{"href":"https:\/\/diariodominicano.com\/index.php?rest_route=\/wp\/v2\/types\/post"}],"author":[{"embeddable":true,"href":"https:\/\/diariodominicano.com\/index.php?rest_route=\/wp\/v2\/users\/3"}],"replies":[{"embeddable":true,"href":"https:\/\/diariodominicano.com\/index.php?rest_route=%2Fwp%2Fv2%2Fcomments&post=219281"}],"version-history":[{"count":0,"href":"https:\/\/diariodominicano.com\/index.php?rest_route=\/wp\/v2\/posts\/219281\/revisions"}],"wp:attachment":[{"href":"https:\/\/diariodominicano.com\/index.php?rest_route=%2Fwp%2Fv2%2Fmedia&parent=219281"}],"wp:term":[{"taxonomy":"category","embeddable":true,"href":"https:\/\/diariodominicano.com\/index.php?rest_route=%2Fwp%2Fv2%2Fcategories&post=219281"},{"taxonomy":"post_tag","embeddable":true,"href":"https:\/\/diariodominicano.com\/index.php?rest_route=%2Fwp%2Fv2%2Ftags&post=219281"}],"curies":[{"name":"wp","href":"https:\/\/api.w.org\/{rel}","templated":true}]}}