{"id":219280,"date":"2016-02-23T23:56:32","date_gmt":"2016-02-23T23:56:32","guid":{"rendered":"http:\/\/diariodominicano.ddns.net\/?p=219280"},"modified":"2016-02-23T23:56:32","modified_gmt":"2016-02-23T23:56:32","slug":"inician-titulacion-definitiva-de-tres-mil-500-personas-asentadas-en-bonao-y-san-francisco-de-macoris","status":"publish","type":"post","link":"https:\/\/diariodominicano.com\/?p=219280","title":{"rendered":"Inician titulaci\u00f3n definitiva de tres mil 500 personas asentadas en Bonao y San Francisco de Macor\u00eds"},"content":{"rendered":"<p><body><\/p>\n<p><img decoding=\"async\" src=\"img3\/tituloooo.jpg\" \/><br \/><img decoding=\"async\" src=\"img3\/titulo0200.jpg\" \/>  <\/p>\n<p><strong>SAN FRANCISCO DE MACORIS, RD, 23 de Febrero de 2016.-<\/strong> La Comisi\u00f3n Permanente de Titulaci\u00f3n de Terrenos del Estado (CPTTE) y el Instituto Agrario Dominicano (IAD), iniciaron hoy los trabajos de titulaci\u00f3n definitiva de m\u00e1s de 3,500 personas en asentamientos agrarios de Bonao y San Francisco de Macor\u00eds.<\/p>\n<\/p>\n<p>El anuncio fue hecho por el director ejecutivo de la Comisi\u00f3n Permanente de Titulaci\u00f3n de Terrenos del Estado, Jos\u00e9 Dant\u00e9s D\u00edaz, y el director general del Instituto Agrario Dominicano,  Emilio Toribio.<\/p>\n<\/p>\n<p>Ante la presencia de cientos de parceleros en Bonao y asentados de la comunidad San Isidro Labrador, Dant\u00e9s D\u00edaz expres\u00f3 que \u00abla titulaci\u00f3n definitiva de los productores del campo forma parte de las pol\u00edticas p\u00fablicas que el gobierno del Presidente Danilo Medina se encuentra implementando, las cuales est\u00e1n centradas en el desarrollo integral de la persona.<\/p>\n<\/p>\n<p>\u00abMe complace anunciarles que hoy les toca a ustedes, al primer asentamiento campesino del pa\u00eds, el AC-01, creado en 1962 por el Presidente Juan Bosch\u00bb, precis\u00f3 el funcionario durante la actividad de titulaci\u00f3n de terrenos.  <\/p>\n<\/p>\n<p>De su lado, el director del IAD afirm\u00f3 que esa instituci\u00f3n, junto a la Comisi\u00f3n Permanente de Titulaci\u00f3n de Terrenos del Estado, \u00abcontinuar\u00e1 trabajando en cada asentamiento agrario del pa\u00eds, pues la meta es lograr que todos los beneficiarios de la Reforma Agraria cuenten con un certificado de t\u00edtulo definitivo, reales, no provisionales, que podr\u00e1n ponerlo en garant\u00eda y que les permitir\u00e1 decir que son propietarios, como son los deseos del Presidente Danilo Medina\u00bb.<\/p>\n<\/p>\n<p>No descansar hasta titular a todos<\/p>\n<\/p>\n<p>Ambos funcionarios dejaron iniciados este martes, en San Francisco de Macor\u00eds, los trabajos de titulaci\u00f3n definitiva en los asentamientos campesinos de Santa Ana, Antonio Guzm\u00e1n, Mirabel, as\u00ed como en la comunidad de La Amarga, Aguayo, Sabana Rey, Cenov\u00ed, entre otros.<\/p>\n<\/p>\n<p>El director Ejecutivo de la Comisi\u00f3n de Titulaci\u00f3n reiter\u00f3 que el compromiso, intenci\u00f3n y deseo de Danilo Medina es \u00abcontinuar trabajando sin descansar hasta que todos los parceleros del pa\u00eds est\u00e9n titulados para que puedan aprovechar los beneficios que resultan de tener un certificado de t\u00edtulo definitivo, como ser sujetos de cr\u00e9dito formal que les permita obtener financiamientos de capital para invertir en sus productos y cultivos\u00bb.<\/p>\n<\/p>\n<p>Adem\u00e1s, maximizar su productividad y el valor de sus propiedades y tener la seguridad jur\u00eddica de que esa parcela o vivienda les pertenece legalmente.<\/p>\n<\/p>\n<p>\u00abEn este caso, nuestra intenci\u00f3n es concluir los trabajos de titulaci\u00f3n de estos proyectos antes de finalizar el primer semestre del a\u00f1o, en un tiempo r\u00e9cord, como ya es costumbre de la Comisi\u00f3n de Titulaci\u00f3n\u00bb, agreg\u00f3 Jos\u00e9 Dant\u00e9s D\u00edaz.<\/p>\n<\/p>\n<p>Se recuerda que la Comisi\u00f3n Permanente de Titulaci\u00f3n de Terrenos del Estado, de la cual el IAD forma parte, fue creada con la finalidad de formular y promover pol\u00edticas y estrategias para solucionar de manera definitiva la falta de titulaci\u00f3n en la Rep\u00fablica Dominicana, e implementar un plan integral para la titulaci\u00f3n masiva los proyectos de reforma agraria y vivienda del Estado.<\/p>\n<h6> 2016-02-23 23:56:32 <\/h6>\n<p><!--\n<link rel=\"stylesheet\" href=\"css\/bootstrap.min.css\">\n\n\n<ul class=\"pagination\">\n\t    \n\t\n\n<li >\n\t<a href='?page_no=13617'>Previous<\/a>\n\t<\/li>\n\n\n       \n    \n\n<li><a href='?page_no=1'>1<\/a><\/li>\n\n\n\n<li><a href='?page_no=2'>2<\/a><\/li>\n\n\n\n<li><a>...<\/a><\/li>\n\n\n\n<li><a href='?page_no=13616'>13616<\/a><\/li>\n\n\n\n<li><a href='?page_no=13617'>13617<\/a><\/li>\n\n\n\n<li class='active'><a>13618<\/a><\/li>\n\n\n\n<li><a href='?page_no=13619'>13619<\/a><\/li>\n\n\n\n<li><a href='?page_no=13620'>13620<\/a><\/li>\n\n\n\n<li><a>...<\/a><\/li>\n\n\n\n<li><a href='?page_no=56169'>56169<\/a><\/li>\n\n\n\n<li><a href='?page_no=56170'>56170<\/a><\/li>\n\n    \n\t\n\n<li >\n\t<a href='?page_no=13619'>Next<\/a>\n\t<\/li>\n\n\n    \n\n<li><a href='?page_no=56170'>Last &rsaquo;&rsaquo;<\/a><\/li>\n\n<\/ul>\n\n\n--><br \/>\n<\/body><\/p>\n","protected":false},"excerpt":{"rendered":"<p>SAN FRANCISCO DE MACORIS, RD, 23 de Febrero de 2016.- La Comisi\u00f3n Permanente de Titulaci\u00f3n de Terrenos del Estado (CPTTE) y el Instituto Agrario Dominicano (IAD), iniciaron hoy los trabajos de titulaci\u00f3n definitiva de m\u00e1s de 3,500 personas en asentamientos agrarios de Bonao y San Francisco de Macor\u00eds. El anuncio fue hecho por el director [&hellip;]<\/p>\n","protected":false},"author":3,"featured_media":0,"comment_status":"open","ping_status":"open","sticky":false,"template":"","format":"standard","meta":{"footnotes":""},"categories":[20],"tags":[],"class_list":["post-219280","post","type-post","status-publish","format-standard","hentry","category-dominicana-hoy"],"_links":{"self":[{"href":"https:\/\/diariodominicano.com\/index.php?rest_route=\/wp\/v2\/posts\/219280","targetHints":{"allow":["GET"]}}],"collection":[{"href":"https:\/\/diariodominicano.com\/index.php?rest_route=\/wp\/v2\/posts"}],"about":[{"href":"https:\/\/diariodominicano.com\/index.php?rest_route=\/wp\/v2\/types\/post"}],"author":[{"embeddable":true,"href":"https:\/\/diariodominicano.com\/index.php?rest_route=\/wp\/v2\/users\/3"}],"replies":[{"embeddable":true,"href":"https:\/\/diariodominicano.com\/index.php?rest_route=%2Fwp%2Fv2%2Fcomments&post=219280"}],"version-history":[{"count":0,"href":"https:\/\/diariodominicano.com\/index.php?rest_route=\/wp\/v2\/posts\/219280\/revisions"}],"wp:attachment":[{"href":"https:\/\/diariodominicano.com\/index.php?rest_route=%2Fwp%2Fv2%2Fmedia&parent=219280"}],"wp:term":[{"taxonomy":"category","embeddable":true,"href":"https:\/\/diariodominicano.com\/index.php?rest_route=%2Fwp%2Fv2%2Fcategories&post=219280"},{"taxonomy":"post_tag","embeddable":true,"href":"https:\/\/diariodominicano.com\/index.php?rest_route=%2Fwp%2Fv2%2Ftags&post=219280"}],"curies":[{"name":"wp","href":"https:\/\/api.w.org\/{rel}","templated":true}]}}